{"id":1271,"date":"2012-09-21T09:10:42","date_gmt":"2012-09-21T09:10:42","guid":{"rendered":"https:\/\/intermediaproducciones.com\/?p=1271"},"modified":"2013-01-24T13:49:41","modified_gmt":"2013-01-24T13:49:41","slug":"guillena-1937-suma-aportaciones","status":"publish","type":"post","link":"https:\/\/intermediaproducciones.com\/en\/guillena-1937-suma-aportaciones\/","title":{"rendered":"GUILLENA 1937 os agradece vuestro apoyo"},"content":{"rendered":"<p>Como much@s de vosotr@s ya sab\u00e9is, hace dos meses iniciamos una campa\u00f1a con el prop\u00f3sito de conseguir la financiaci\u00f3n necesaria para terminar el documental <a href=\"http:\/\/www.guillena1937eldocumental.com\" target=\"_blank\">GUILLENA 1937, la violencia contra las mujeres como arma de guerra<\/a>.<\/p>\n<p>Hasta la fecha de hoy hemos logrado sumar la cifra de 5.060 euros entre las colaboraciones de 10, 30 y 60 euros y otras aportaciones solidarias.<\/p>\n<p>Desde Intermedia Producciones queremos daros las gracias a tod@s l@s que de una manera u otra est\u00e1is apoyando este proyecto:<\/p>\n<div class=\"columns-wrapper\">\n<div class=\"three-columns\">\n<p>Abel Edo Gonz\u00e1lez<br \/>\nAdriana Espinosa Gonz\u00e1lez<br \/>\n\u00c1gueda Parra Jim\u00e9nez<br \/>\nAgust\u00edn Coca P\u00e9rez<br \/>\nAgust\u00edn Fleta Gonz\u00e1lez<br \/>\nAlberto Rodr\u00edguez Librero<br \/>\nAlberto Serrano<br \/>\nAlejandra Mart\u00ednez G\u00f3mez<br \/>\nAlejandro Mill\u00e1n Poncela<br \/>\nAlex O&#8217;Dogherty<br \/>\nAlexandra Chauchix<br \/>\nAmadora Guerrero Lucas<br \/>\nAmaia Urrutia<br \/>\nAna Bel\u00e9n Paredes Mart\u00edn<br \/>\nAna Garc\u00eda Fern\u00e1ndez<br \/>\nAna Jim\u00e9nez Talavera<br \/>\nAna N\u00fa\u00f1ez Hern\u00e1ndez<br \/>\nAna Morales Arjona<br \/>\nAna Salgado Pazos<br \/>\n\u00c1ngel Dormido de la Hera<br \/>\n\u00c1ngel del Pozo Redondo<br \/>\n\u00c1ngel del R\u00edo<br \/>\nAntonia Dom\u00ednguez Postigo<br \/>\nAntonia Reina<br \/>\nAntonio S\u00e1nchez Macero<br \/>\nAntonio Tur Cardona<br \/>\nArc\u00e1ngel Gonz\u00e1lez Bedmar<br \/>\nA.C. LA JORNADA<br \/>\nAurelia Daza Bonachela<br \/>\nBAR EL BARC\u00d3N<br \/>\nBeatriz Moreno Decaillet<br \/>\nBlanca Salgado Pazos<br \/>\nCarlos Arriazu Ant\u00f3n<br \/>\nCarlos Magari\u00f1o Merino<br \/>\nCarmen Balsa<br \/>\nCarmen Navarro Mezquita<br \/>\nCarmen S\u00e1nchez Macero<br \/>\nCASA PUMAREJO<br \/>\nCecilia Alarc\u00f3n<br \/>\nCecilio Gordillo<br \/>\nCGT MEMORIA HIST\u00d3RICA G.T. RMHSA<br \/>\nChus Cantero Mart\u00ednez<br \/>\nC.ECOPACIFISTA SOLANO<br \/>\nCristina Couce Prieto<br \/>\nCristina Honorato Chuli\u00e1n<br \/>\nDavid Carmona Fern\u00e1ndez<br \/>\nDavid Florido<br \/>\nDiego Ramos Oca\u00f1a<br \/>\nDonaldo Arteta Arteta<br \/>\nEDITORIAL ACONCAGUA<\/p>\n<\/div>\n<div class=\"three-columns nomargin\">\n<p>Edwin Uma\u00f1a Pe\u00f1a<br \/>\nElena Mart\u00edn P\u00e9rez<br \/>\nElena Matos Carmet<br \/>\nEliseo Montagud Canet<br \/>\nEmma Valiente<br \/>\nEnrique Garcia Pe\u00f1a<br \/>\nEugenio L\u00f3pez Torres<br \/>\nEwa Marklund<br \/>\nFrancisco Jos\u00e9 Cuevas Noa<br \/>\nFrancisco Zoilo Moreno<br \/>\nGerm\u00e1n Rodr\u00edguez Criado<br \/>\nGervasio Iglesias Mac\u00edas<br \/>\nGloria Mar Villarreal<br \/>\nGonzalo Acosta Bono<br \/>\nIsabel Carmona Dom\u00ednguez<br \/>\nIsidro Zoilo Donaire<br \/>\nIsmael Nieto<br \/>\nJaime Morales Garc\u00eda<br \/>\nJes\u00fas Casado Rodrigo<br \/>\nJes\u00fas Mart\u00ednez Garza<br \/>\nJes\u00fas Soto Curiel<br \/>\nJordi Rabassa Massons<br \/>\nJos\u00e9 Garc\u00eda Cebri\u00e1n<br \/>\nJos\u00e9 Luis Santana Sayago<br \/>\nJos\u00e9 Manuel Pag\u00e1n<br \/>\nJos\u00e9 M\u00aa Mart\u00edn Guti\u00e9rrez<br \/>\nJos\u00e9 M\u00aa S\u00e1nchez Macero<br \/>\nJuan Carlos Carballosa<br \/>\nJuan Carlos Rinc\u00f3n<br \/>\nJuan Miguel Espinosa<br \/>\nJuan Rivera Gir\u00f3n<br \/>\nJuan Rodr\u00edguez Barea<br \/>\nLeonardo Alanis Falantes<br \/>\nLIBRER\u00cdA LA FUGA<br \/>\nLourdes Alonso Cu\u00f1ado<br \/>\nLuc\u00eda Rodr\u00edguez Salgado<br \/>\nLuc\u00eda Socam<br \/>\nLuis Alberto Alonso Nodar<br \/>\nLuis Antonio del Saz-Orozco<br \/>\nLuisa M\u00e1rquez L\u00f3pez<br \/>\nLuis Delgado<br \/>\nLuis Pi\u00f1ero Piolest\u00e1n<br \/>\nLuis Rodriguez Pi\u00f1ero Royo<br \/>\nManolo Dom\u00ednguez Postigo<br \/>\nManuel Agudo Medina<br \/>\nManuel Garrido Ib\u00e1\u00f1ez<br \/>\nManuel Trillo Mart\u00ednez<br \/>\nManuela Oc\u00f3n<br \/>\nMar Gonz\u00e1lez Rodr\u00edguez<br \/>\nMar\u00eda Mart\u00edn Cort\u00e9s<\/p>\n<\/div>\n<div class=\"three-columns nomargin\">\n<p>M\u00aa \u00c1ngeles Tormo Santiago<br \/>\nM\u00aa Cruz Panduro<br \/>\nM\u00aa Dolores Cobo Garcia<br \/>\nM\u00aa Dolores Majar\u00f3n Macero<br \/>\nM\u00aa Dolores S\u00e1nchez S\u00e1nchez<br \/>\nM\u00aa Jes\u00fas Palacios Fern\u00e1ndez<br \/>\nM\u00aa Jos\u00e9 Dom\u00ednguez Postigo<br \/>\nM\u00aa Jos\u00e9 Hern\u00e1ndez S\u00e1nchez<br \/>\nM\u00aa Luz Dom\u00ednguez<br \/>\nM\u00aa Teresa Tarazona Garrido<br \/>\nM\u00aa Victoria Arjo<br \/>\nMarta Solanas Dom\u00ednguez<br \/>\nMay Salvador<br \/>\nMercedes Cantero L\u00f3pez<br \/>\nMiguel \u00c1ngel Bravo Utrera<br \/>\nMiguel Angel Capap\u00e9 Garro<br \/>\nMiguel Angel Rosales Mateos<br \/>\nMisael Rodr\u00edguez Chac\u00f3n<br \/>\nM\u00f3nica Toledo Mart\u00edn<br \/>\nMyriam Le\u00f3n Fern\u00e1ndez<br \/>\nNatalia De Ancos<br \/>\nNuria Garc\u00eda Atienza<br \/>\n\u00d3scar Clemente Gal\u00e1n<br \/>\nOscar Rodr\u00edguez Alonso<br \/>\nPablo Neira Ayuso<br \/>\nPaqui L\u00f3pez Gavi\u00f1o<br \/>\nPaqui Maqueda Fern\u00e1ndez<br \/>\nPedro Fern\u00e1ndez Mantero<br \/>\nPilar Li\u00f1\u00e1n<br \/>\nPilar Mart\u00ed Roig<br \/>\nPilar Ramos Valverde<br \/>\nPilar Salgado Pazos<br \/>\nRoc\u00edo Gonz\u00e1lez V\u00e1zquez<br \/>\nRocio Iglesias Perez<br \/>\nRafael Romero Hern\u00e1ndez<br \/>\nRafael Ur\u00edas<br \/>\nRafaela Dur\u00e1n Puntas<br \/>\nRaquel Osborne Verdugo<br \/>\nRoberto Fern\u00e1ndez Barbudo<br \/>\nSalvador Cuti\u00f1o Raya<br \/>\nSalvador Palomo \u00c1lvarez<br \/>\nSandra S\u00e1nchez Garc\u00eda<br \/>\nSanti Rodr\u00edguez Salgado<br \/>\nSara Jim\u00e9nez Murillo<br \/>\nSara Magdaleno Dur\u00e1n<br \/>\nSonia Subirats<br \/>\nSusan Parada<br \/>\nVentura Gal\u00e1n Puntas<br \/>\nTeresa Agudo Blanco<br \/>\nTIENDA REPUBLIKARTE<\/p>\n<\/div>\n<\/div>\n<p>De nuevo, gracias<\/p>\n<div><a href=\"http:\/\/www.guillena1937eldocumental.com\/colabora\" target=\"_blank\"><img loading=\"lazy\" decoding=\"async\" class=\"img-frame alignleft\" src=\"https:\/\/intermediaproducciones.com\/https:\/\/intermediaproducciones.com\/wp-content\/uploads\/2012\/09\/guillena_logo.PNG\" alt=\"\" width=\"236\" height=\"93\" \/><\/a>Recordaros que la campa\u00f1a de financiaci\u00f3n a\u00fan est\u00e1 en marcha.<\/div>\n<div>Se puede colaborar:<\/div>\n<div>&#8211; a traves de la web <a href=\"http:\/\/www.guillena1937eldocumental.com\/colabora\/\" target=\"_blank\">www.guillena1937eldocumental.com<\/a><\/div>\n<div>&#8211; mediante ingreso directo en la cuenta de Cajasol<strong> 21061114231372002846<\/strong> (enviandonos despu\u00e9s los datos a <strong>intermedia@buenaventura-server.ddns.net\/intermedia<\/strong>)<\/div>\n<div>&#8211; adquiriendo los bonos de 10\u20ac en:<\/div>\n<div><a href=\"http:\/\/www.nodo50.org\/lafuga\/\" target=\"_blank\">La Fuga Librerias<\/a> (C\/ Conde de Torrej\u00f3n, 4, Acc.\u00a0 41003 Sevilla tf: 954 38 23 40)<\/div>\n<div><a href=\"http:\/\/elbarconbar.blogspot.com.es\/\" target=\"_blank\">Bar El Barc\u00f3n<\/a> (C\/ Pinto 11, Puerta Osario, Sevilla)<\/div>\n<div><a href=\"http:\/\/www.facebook.com\/RepublikArte\" target=\"_blank\">Tienda RepubliKarte<\/a> (C\/ Matrona Luc\u00eda Ben\u00edtez, 40. 41730 Las Cabezas de San Juan, Sevilla)<\/div>\n<div>\n<p>Algunas personas han colaborado mediante el bono pero no aparecen en la lista. En los puntos de venta resulta complicado apuntar los nombres de tod@s. Si ech\u00e1is de menos el vuestro y os apetece (iremos actualizando peri\u00f3dicamente el listado en esta misma entrada), escribid vuestros datos a:<\/p>\n<p><a href=\"mailto:intermedia@buenaventura-server.ddns.net\/intermedia\">intermedia@buenaventura-server.ddns.net\/intermedia<\/a><\/p>\n<p>Un saludo<\/p>\n<\/div>","protected":false},"excerpt":{"rendered":"<p>Como much@s de vosotr@s ya sab\u00e9is, hace dos meses iniciamos una campa\u00f1a con el prop\u00f3sito de conseguir la financiaci\u00f3n necesaria para terminar el documental GUILLENA 1937, la violencia contra las mujeres como arma de guerra. Hasta la fecha de hoy hemos logrado sumar la cifra de 5.060 euros entre las colaboraciones de 10, 30 y [&hellip;]<\/p>","protected":false},"author":1,"featured_media":0,"comment_status":"open","ping_status":"open","sticky":false,"template":"","format":"standard","meta":{"_acf_changed":false,"footnotes":""},"categories":[11,18],"tags":[26,27,118,129,140,117,28],"class_list":["post-1271","post","type-post","status-publish","format-standard","hentry","category-actualidad","category-comunicacion","tag-17-mujeres-de-guillena","tag-17-rosas-de-guillena","tag-documental","tag-exhumacion-gerena","tag-gui","tag-guillena-1937","tag-memoria-historica"],"acf":[],"yoast_head":"<!-- This site is optimized with the Yoast SEO plugin v25.3.1 - https:\/\/yoast.com\/wordpress\/plugins\/seo\/ -->\n<title>GUILLENA 1937 os agradece vuestro apoyo - Intermedia Producciones<\/title>\n<meta name=\"robots\" content=\"index, follow, max-snippet:-1, max-image-preview:large, max-video-preview:-1\" \/>\n<link rel=\"canonical\" href=\"https:\/\/intermediaproducciones.com\/en\/guillena-1937-suma-aportaciones\/\" \/>\n<meta property=\"og:locale\" content=\"en_GB\" \/>\n<meta property=\"og:type\" content=\"article\" \/>\n<meta property=\"og:title\" content=\"GUILLENA 1937 os agradece vuestro apoyo - Intermedia Producciones\" \/>\n<meta property=\"og:description\" content=\"Como much@s de vosotr@s ya sab\u00e9is, hace dos meses iniciamos una campa\u00f1a con el prop\u00f3sito de conseguir la financiaci\u00f3n necesaria para terminar el documental GUILLENA 1937, la violencia contra las mujeres como arma de guerra. Hasta la fecha de hoy hemos logrado sumar la cifra de 5.060 euros entre las colaboraciones de 10, 30 y [&hellip;]\" \/>\n<meta property=\"og:url\" content=\"https:\/\/intermediaproducciones.com\/en\/guillena-1937-suma-aportaciones\/\" \/>\n<meta property=\"og:site_name\" content=\"Intermedia Producciones\" \/>\n<meta property=\"article:publisher\" content=\"https:\/\/www.facebook.com\/ProductoraIntermediaProducciones\" \/>\n<meta property=\"article:published_time\" content=\"2012-09-21T09:10:42+00:00\" \/>\n<meta property=\"article:modified_time\" content=\"2013-01-24T13:49:41+00:00\" \/>\n<meta property=\"og:image\" content=\"https:\/\/intermediaproducciones.com\/https:\/\/intermediaproducciones.com\/wp-content\/uploads\/2012\/09\/guillena_logo.PNG\" \/>\n<meta name=\"author\" content=\"Intermedia Producciones\" \/>\n<meta name=\"twitter:card\" content=\"summary_large_image\" \/>\n<meta name=\"twitter:label1\" content=\"Written by\" \/>\n\t<meta name=\"twitter:data1\" content=\"Intermedia Producciones\" \/>\n\t<meta name=\"twitter:label2\" content=\"Estimated reading time\" \/>\n\t<meta name=\"twitter:data2\" content=\"4 minutes\" \/>\n<script type=\"application\/ld+json\" class=\"yoast-schema-graph\">{\"@context\":\"https:\/\/schema.org\",\"@graph\":[{\"@type\":\"Article\",\"@id\":\"https:\/\/intermediaproducciones.com\/guillena-1937-suma-aportaciones\/#article\",\"isPartOf\":{\"@id\":\"https:\/\/intermediaproducciones.com\/guillena-1937-suma-aportaciones\/\"},\"author\":{\"name\":\"Intermedia Producciones\",\"@id\":\"https:\/\/intermediaproducciones.com\/#\/schema\/person\/7a7d709e77f232e65f14762c0719bb0b\"},\"headline\":\"GUILLENA 1937 os agradece vuestro apoyo\",\"datePublished\":\"2012-09-21T09:10:42+00:00\",\"dateModified\":\"2013-01-24T13:49:41+00:00\",\"mainEntityOfPage\":{\"@id\":\"https:\/\/intermediaproducciones.com\/guillena-1937-suma-aportaciones\/\"},\"wordCount\":805,\"commentCount\":0,\"publisher\":{\"@id\":\"https:\/\/intermediaproducciones.com\/#organization\"},\"image\":{\"@id\":\"https:\/\/intermediaproducciones.com\/guillena-1937-suma-aportaciones\/#primaryimage\"},\"thumbnailUrl\":\"https:\/\/intermediaproducciones.com\/https:\/\/intermediaproducciones.com\/wp-content\/uploads\/2012\/09\/guillena_logo.PNG\",\"keywords\":[\"17 mujeres de guillena\",\"17 rosas de guillena\",\"documental\",\"exhumaci\u00f3n gerena\",\"gui\",\"Guillena 1937\",\"memoria hist\u00f3rica\"],\"articleSection\":[\"Actualidad\",\"Comunicaci\u00f3n\"],\"inLanguage\":\"en-GB\"},{\"@type\":\"WebPage\",\"@id\":\"https:\/\/intermediaproducciones.com\/guillena-1937-suma-aportaciones\/\",\"url\":\"https:\/\/intermediaproducciones.com\/guillena-1937-suma-aportaciones\/\",\"name\":\"GUILLENA 1937 os agradece vuestro apoyo - Intermedia Producciones\",\"isPartOf\":{\"@id\":\"https:\/\/intermediaproducciones.com\/#website\"},\"primaryImageOfPage\":{\"@id\":\"https:\/\/intermediaproducciones.com\/guillena-1937-suma-aportaciones\/#primaryimage\"},\"image\":{\"@id\":\"https:\/\/intermediaproducciones.com\/guillena-1937-suma-aportaciones\/#primaryimage\"},\"thumbnailUrl\":\"https:\/\/intermediaproducciones.com\/https:\/\/intermediaproducciones.com\/wp-content\/uploads\/2012\/09\/guillena_logo.PNG\",\"datePublished\":\"2012-09-21T09:10:42+00:00\",\"dateModified\":\"2013-01-24T13:49:41+00:00\",\"breadcrumb\":{\"@id\":\"https:\/\/intermediaproducciones.com\/guillena-1937-suma-aportaciones\/#breadcrumb\"},\"inLanguage\":\"en-GB\",\"potentialAction\":[{\"@type\":\"ReadAction\",\"target\":[\"https:\/\/intermediaproducciones.com\/guillena-1937-suma-aportaciones\/\"]}]},{\"@type\":\"ImageObject\",\"inLanguage\":\"en-GB\",\"@id\":\"https:\/\/intermediaproducciones.com\/guillena-1937-suma-aportaciones\/#primaryimage\",\"url\":\"https:\/\/intermediaproducciones.com\/https:\/\/intermediaproducciones.com\/wp-content\/uploads\/2012\/09\/guillena_logo.PNG\",\"contentUrl\":\"https:\/\/intermediaproducciones.com\/https:\/\/intermediaproducciones.com\/wp-content\/uploads\/2012\/09\/guillena_logo.PNG\"},{\"@type\":\"BreadcrumbList\",\"@id\":\"https:\/\/intermediaproducciones.com\/guillena-1937-suma-aportaciones\/#breadcrumb\",\"itemListElement\":[{\"@type\":\"ListItem\",\"position\":1,\"name\":\"Portada\",\"item\":\"https:\/\/intermediaproducciones.com\/\"},{\"@type\":\"ListItem\",\"position\":2,\"name\":\"GUILLENA 1937 os agradece vuestro apoyo\"}]},{\"@type\":\"WebSite\",\"@id\":\"https:\/\/intermediaproducciones.com\/#website\",\"url\":\"https:\/\/intermediaproducciones.com\/\",\"name\":\"Intermedia Producciones\",\"description\":\"Miradas, Visiones y Realidades\",\"publisher\":{\"@id\":\"https:\/\/intermediaproducciones.com\/#organization\"},\"potentialAction\":[{\"@type\":\"SearchAction\",\"target\":{\"@type\":\"EntryPoint\",\"urlTemplate\":\"https:\/\/intermediaproducciones.com\/?s={search_term_string}\"},\"query-input\":{\"@type\":\"PropertyValueSpecification\",\"valueRequired\":true,\"valueName\":\"search_term_string\"}}],\"inLanguage\":\"en-GB\"},{\"@type\":\"Organization\",\"@id\":\"https:\/\/intermediaproducciones.com\/#organization\",\"name\":\"Intermedia Producciones\",\"url\":\"https:\/\/intermediaproducciones.com\/\",\"logo\":{\"@type\":\"ImageObject\",\"inLanguage\":\"en-GB\",\"@id\":\"https:\/\/intermediaproducciones.com\/#\/schema\/logo\/image\/\",\"url\":\"https:\/\/intermediaproducciones.com\/wp-content\/uploads\/2019\/02\/logo_intermedia.png\",\"contentUrl\":\"https:\/\/intermediaproducciones.com\/wp-content\/uploads\/2019\/02\/logo_intermedia.png\",\"width\":199,\"height\":216,\"caption\":\"Intermedia Producciones\"},\"image\":{\"@id\":\"https:\/\/intermediaproducciones.com\/#\/schema\/logo\/image\/\"},\"sameAs\":[\"https:\/\/www.facebook.com\/ProductoraIntermediaProducciones\",\"https:\/\/vimeo.com\/intermedia\",\"https:\/\/www.youtube.com\/user\/IntermediaProd\",\"https:\/\/www.instagram.com\/intermediaproducciones\/\",\"https:\/\/www.linkedin.com\/company\/intermedia-producciones\/\"]},{\"@type\":\"Person\",\"@id\":\"https:\/\/intermediaproducciones.com\/#\/schema\/person\/7a7d709e77f232e65f14762c0719bb0b\",\"name\":\"Intermedia Producciones\",\"image\":{\"@type\":\"ImageObject\",\"inLanguage\":\"en-GB\",\"@id\":\"https:\/\/intermediaproducciones.com\/#\/schema\/person\/image\/\",\"url\":\"https:\/\/secure.gravatar.com\/avatar\/?s=96&d=blank&r=g\",\"contentUrl\":\"https:\/\/secure.gravatar.com\/avatar\/?s=96&d=blank&r=g\",\"caption\":\"Intermedia Producciones\"},\"url\":\"https:\/\/intermediaproducciones.com\/en\/author\/intermedia-producciones\/\"}]}<\/script>\n<!-- \/ Yoast SEO plugin. -->","yoast_head_json":{"title":"GUILLENA 1937 os agradece vuestro apoyo - Intermedia Producciones","robots":{"index":"index","follow":"follow","max-snippet":"max-snippet:-1","max-image-preview":"max-image-preview:large","max-video-preview":"max-video-preview:-1"},"canonical":"https:\/\/intermediaproducciones.com\/en\/guillena-1937-suma-aportaciones\/","og_locale":"en_GB","og_type":"article","og_title":"GUILLENA 1937 os agradece vuestro apoyo - Intermedia Producciones","og_description":"Como much@s de vosotr@s ya sab\u00e9is, hace dos meses iniciamos una campa\u00f1a con el prop\u00f3sito de conseguir la financiaci\u00f3n necesaria para terminar el documental GUILLENA 1937, la violencia contra las mujeres como arma de guerra. Hasta la fecha de hoy hemos logrado sumar la cifra de 5.060 euros entre las colaboraciones de 10, 30 y [&hellip;]","og_url":"https:\/\/intermediaproducciones.com\/en\/guillena-1937-suma-aportaciones\/","og_site_name":"Intermedia Producciones","article_publisher":"https:\/\/www.facebook.com\/ProductoraIntermediaProducciones","article_published_time":"2012-09-21T09:10:42+00:00","article_modified_time":"2013-01-24T13:49:41+00:00","og_image":[{"url":"https:\/\/intermediaproducciones.com\/https:\/\/intermediaproducciones.com\/wp-content\/uploads\/2012\/09\/guillena_logo.PNG","type":"","width":"","height":""}],"author":"Intermedia Producciones","twitter_card":"summary_large_image","twitter_misc":{"Written by":"Intermedia Producciones","Estimated reading time":"4 minutes"},"schema":{"@context":"https:\/\/schema.org","@graph":[{"@type":"Article","@id":"https:\/\/intermediaproducciones.com\/guillena-1937-suma-aportaciones\/#article","isPartOf":{"@id":"https:\/\/intermediaproducciones.com\/guillena-1937-suma-aportaciones\/"},"author":{"name":"Intermedia Producciones","@id":"https:\/\/intermediaproducciones.com\/#\/schema\/person\/7a7d709e77f232e65f14762c0719bb0b"},"headline":"GUILLENA 1937 os agradece vuestro apoyo","datePublished":"2012-09-21T09:10:42+00:00","dateModified":"2013-01-24T13:49:41+00:00","mainEntityOfPage":{"@id":"https:\/\/intermediaproducciones.com\/guillena-1937-suma-aportaciones\/"},"wordCount":805,"commentCount":0,"publisher":{"@id":"https:\/\/intermediaproducciones.com\/#organization"},"image":{"@id":"https:\/\/intermediaproducciones.com\/guillena-1937-suma-aportaciones\/#primaryimage"},"thumbnailUrl":"https:\/\/intermediaproducciones.com\/https:\/\/intermediaproducciones.com\/wp-content\/uploads\/2012\/09\/guillena_logo.PNG","keywords":["17 mujeres de guillena","17 rosas de guillena","documental","exhumaci\u00f3n gerena","gui","Guillena 1937","memoria hist\u00f3rica"],"articleSection":["Actualidad","Comunicaci\u00f3n"],"inLanguage":"en-GB"},{"@type":"WebPage","@id":"https:\/\/intermediaproducciones.com\/guillena-1937-suma-aportaciones\/","url":"https:\/\/intermediaproducciones.com\/guillena-1937-suma-aportaciones\/","name":"GUILLENA 1937 os agradece vuestro apoyo - Intermedia Producciones","isPartOf":{"@id":"https:\/\/intermediaproducciones.com\/#website"},"primaryImageOfPage":{"@id":"https:\/\/intermediaproducciones.com\/guillena-1937-suma-aportaciones\/#primaryimage"},"image":{"@id":"https:\/\/intermediaproducciones.com\/guillena-1937-suma-aportaciones\/#primaryimage"},"thumbnailUrl":"https:\/\/intermediaproducciones.com\/https:\/\/intermediaproducciones.com\/wp-content\/uploads\/2012\/09\/guillena_logo.PNG","datePublished":"2012-09-21T09:10:42+00:00","dateModified":"2013-01-24T13:49:41+00:00","breadcrumb":{"@id":"https:\/\/intermediaproducciones.com\/guillena-1937-suma-aportaciones\/#breadcrumb"},"inLanguage":"en-GB","potentialAction":[{"@type":"ReadAction","target":["https:\/\/intermediaproducciones.com\/guillena-1937-suma-aportaciones\/"]}]},{"@type":"ImageObject","inLanguage":"en-GB","@id":"https:\/\/intermediaproducciones.com\/guillena-1937-suma-aportaciones\/#primaryimage","url":"https:\/\/intermediaproducciones.com\/https:\/\/intermediaproducciones.com\/wp-content\/uploads\/2012\/09\/guillena_logo.PNG","contentUrl":"https:\/\/intermediaproducciones.com\/https:\/\/intermediaproducciones.com\/wp-content\/uploads\/2012\/09\/guillena_logo.PNG"},{"@type":"BreadcrumbList","@id":"https:\/\/intermediaproducciones.com\/guillena-1937-suma-aportaciones\/#breadcrumb","itemListElement":[{"@type":"ListItem","position":1,"name":"Portada","item":"https:\/\/intermediaproducciones.com\/"},{"@type":"ListItem","position":2,"name":"GUILLENA 1937 os agradece vuestro apoyo"}]},{"@type":"WebSite","@id":"https:\/\/intermediaproducciones.com\/#website","url":"https:\/\/intermediaproducciones.com\/","name":"Intermedia Producciones","description":"Miradas, Visiones y Realidades","publisher":{"@id":"https:\/\/intermediaproducciones.com\/#organization"},"potentialAction":[{"@type":"SearchAction","target":{"@type":"EntryPoint","urlTemplate":"https:\/\/intermediaproducciones.com\/?s={search_term_string}"},"query-input":{"@type":"PropertyValueSpecification","valueRequired":true,"valueName":"search_term_string"}}],"inLanguage":"en-GB"},{"@type":"Organization","@id":"https:\/\/intermediaproducciones.com\/#organization","name":"Intermedia Producciones","url":"https:\/\/intermediaproducciones.com\/","logo":{"@type":"ImageObject","inLanguage":"en-GB","@id":"https:\/\/intermediaproducciones.com\/#\/schema\/logo\/image\/","url":"https:\/\/intermediaproducciones.com\/wp-content\/uploads\/2019\/02\/logo_intermedia.png","contentUrl":"https:\/\/intermediaproducciones.com\/wp-content\/uploads\/2019\/02\/logo_intermedia.png","width":199,"height":216,"caption":"Intermedia Producciones"},"image":{"@id":"https:\/\/intermediaproducciones.com\/#\/schema\/logo\/image\/"},"sameAs":["https:\/\/www.facebook.com\/ProductoraIntermediaProducciones","https:\/\/vimeo.com\/intermedia","https:\/\/www.youtube.com\/user\/IntermediaProd","https:\/\/www.instagram.com\/intermediaproducciones\/","https:\/\/www.linkedin.com\/company\/intermedia-producciones\/"]},{"@type":"Person","@id":"https:\/\/intermediaproducciones.com\/#\/schema\/person\/7a7d709e77f232e65f14762c0719bb0b","name":"Intermedia Producciones","image":{"@type":"ImageObject","inLanguage":"en-GB","@id":"https:\/\/intermediaproducciones.com\/#\/schema\/person\/image\/","url":"https:\/\/secure.gravatar.com\/avatar\/?s=96&d=blank&r=g","contentUrl":"https:\/\/secure.gravatar.com\/avatar\/?s=96&d=blank&r=g","caption":"Intermedia Producciones"},"url":"https:\/\/intermediaproducciones.com\/en\/author\/intermedia-producciones\/"}]}},"_links":{"self":[{"href":"https:\/\/intermediaproducciones.com\/en\/wp-json\/wp\/v2\/posts\/1271","targetHints":{"allow":["GET"]}}],"collection":[{"href":"https:\/\/intermediaproducciones.com\/en\/wp-json\/wp\/v2\/posts"}],"about":[{"href":"https:\/\/intermediaproducciones.com\/en\/wp-json\/wp\/v2\/types\/post"}],"author":[{"embeddable":true,"href":"https:\/\/intermediaproducciones.com\/en\/wp-json\/wp\/v2\/users\/1"}],"replies":[{"embeddable":true,"href":"https:\/\/intermediaproducciones.com\/en\/wp-json\/wp\/v2\/comments?post=1271"}],"version-history":[{"count":111,"href":"https:\/\/intermediaproducciones.com\/en\/wp-json\/wp\/v2\/posts\/1271\/revisions"}],"predecessor-version":[{"id":1286,"href":"https:\/\/intermediaproducciones.com\/en\/wp-json\/wp\/v2\/posts\/1271\/revisions\/1286"}],"wp:attachment":[{"href":"https:\/\/intermediaproducciones.com\/en\/wp-json\/wp\/v2\/media?parent=1271"}],"wp:term":[{"taxonomy":"category","embeddable":true,"href":"https:\/\/intermediaproducciones.com\/en\/wp-json\/wp\/v2\/categories?post=1271"},{"taxonomy":"post_tag","embeddable":true,"href":"https:\/\/intermediaproducciones.com\/en\/wp-json\/wp\/v2\/tags?post=1271"}],"curies":[{"name":"wp","href":"https:\/\/api.w.org\/{rel}","templated":true}]}}