{"id":1326,"date":"2012-09-21T09:31:50","date_gmt":"2012-09-21T09:31:50","guid":{"rendered":"https:\/\/intermediaproducciones.com\/?p=1326"},"modified":"2012-09-21T09:31:50","modified_gmt":"2012-09-21T09:31:50","slug":"abrir-fosas-cerrar-heridas-articulo-sobre-guillena-1937-en-cineandcine","status":"publish","type":"post","link":"https:\/\/intermediaproducciones.com\/en\/abrir-fosas-cerrar-heridas-articulo-sobre-guillena-1937-en-cineandcine\/","title":{"rendered":"\u00abAbrir fosas, cerrar heridas\u00bb, art\u00edculo sobre \u2018Guillena 1937\u2019 en \u00abcineandcine\u00bb"},"content":{"rendered":"<p>Complet\u00edsimo art\u00edculo de Ana V\u00e1zquez Toscano en\u00a0 <strong><a href=\"http:\/\/www.cineandcine.es\/\" target=\"_blank\"><img loading=\"lazy\" decoding=\"async\" src=\"https:\/\/intermediaproducciones.com\/https:\/\/intermediaproducciones.com\/wp-content\/uploads\/2012\/09\/logocineandcine.png\" alt=\"\" width=\"122\" height=\"28\" \/><\/a>\u00a0 la revista digital del sector audiovisual andaluz<\/strong>.<br \/>\nIncluye una extensa entrevista con nuestro compa\u00f1ero Mariano Agudo, director del documental \u2018<a href=\"http:\/\/www.guillena1937eldocumental.com\/\">Guillena 1937<\/a>\u2019.<\/p>\n<p><a href=\"http:\/\/www.cineandcine.es\/panoramas\/andalucia-documental\/190-el-documental-guillena-1937-cuenta-la-historia-de-una-fosa-comun-de-gerena-donde-hay-enterradas-17-mujeres-de-guillena.html#.UFwoJxhHsnU\" target=\"_blank\">enlace al art\u00edculo<\/a><\/p>\n<p>\u00a1Esperamos que os guste tanto como a nosotr@s!<\/p>","protected":false},"excerpt":{"rendered":"<p>Complet\u00edsimo art\u00edculo de Ana V\u00e1zquez Toscano en\u00a0 \u00a0 la revista digital del sector audiovisual andaluz. Incluye una extensa entrevista con nuestro compa\u00f1ero Mariano Agudo, director del documental \u2018Guillena 1937\u2019. enlace al art\u00edculo \u00a1Esperamos que os guste tanto como a nosotr@s!<\/p>","protected":false},"author":1,"featured_media":0,"comment_status":"open","ping_status":"open","sticky":false,"template":"","format":"standard","meta":{"_acf_changed":false,"footnotes":""},"categories":[11,18],"tags":[26,27,118,117,24,23,28],"class_list":["post-1326","post","type-post","status-publish","format-standard","hentry","category-actualidad","category-comunicacion","tag-17-mujeres-de-guillena","tag-17-rosas-de-guillena","tag-documental","tag-guillena-1937","tag-intermedia-producciones","tag-mariano-agudo","tag-memoria-historica"],"acf":[],"yoast_head":"<!-- This site is optimized with the Yoast SEO plugin v25.3.1 - https:\/\/yoast.com\/wordpress\/plugins\/seo\/ -->\n<title>&quot;Abrir fosas, cerrar heridas&quot;, art\u00edculo sobre \u2018Guillena 1937\u2019 en &quot;cineandcine&quot; - Intermedia Producciones<\/title>\n<meta name=\"robots\" content=\"index, follow, max-snippet:-1, max-image-preview:large, max-video-preview:-1\" \/>\n<link rel=\"canonical\" href=\"https:\/\/intermediaproducciones.com\/en\/abrir-fosas-cerrar-heridas-articulo-sobre-guillena-1937-en-cineandcine\/\" \/>\n<meta property=\"og:locale\" content=\"en_GB\" \/>\n<meta property=\"og:type\" content=\"article\" \/>\n<meta property=\"og:title\" content=\"&quot;Abrir fosas, cerrar heridas&quot;, art\u00edculo sobre \u2018Guillena 1937\u2019 en &quot;cineandcine&quot; - Intermedia Producciones\" \/>\n<meta property=\"og:description\" content=\"Complet\u00edsimo art\u00edculo de Ana V\u00e1zquez Toscano en\u00a0 \u00a0 la revista digital del sector audiovisual andaluz. Incluye una extensa entrevista con nuestro compa\u00f1ero Mariano Agudo, director del documental \u2018Guillena 1937\u2019. enlace al art\u00edculo \u00a1Esperamos que os guste tanto como a nosotr@s!\" \/>\n<meta property=\"og:url\" content=\"https:\/\/intermediaproducciones.com\/en\/abrir-fosas-cerrar-heridas-articulo-sobre-guillena-1937-en-cineandcine\/\" \/>\n<meta property=\"og:site_name\" content=\"Intermedia Producciones\" \/>\n<meta property=\"article:publisher\" content=\"https:\/\/www.facebook.com\/ProductoraIntermediaProducciones\" \/>\n<meta property=\"article:published_time\" content=\"2012-09-21T09:31:50+00:00\" \/>\n<meta property=\"og:image\" content=\"https:\/\/intermediaproducciones.com\/https:\/\/intermediaproducciones.com\/wp-content\/uploads\/2012\/09\/logocineandcine.png\" \/>\n<meta name=\"author\" content=\"Intermedia Producciones\" \/>\n<meta name=\"twitter:card\" content=\"summary_large_image\" \/>\n<meta name=\"twitter:label1\" content=\"Written by\" \/>\n\t<meta name=\"twitter:data1\" content=\"Intermedia Producciones\" \/>\n<script type=\"application\/ld+json\" class=\"yoast-schema-graph\">{\"@context\":\"https:\/\/schema.org\",\"@graph\":[{\"@type\":\"Article\",\"@id\":\"https:\/\/intermediaproducciones.com\/en\/abrir-fosas-cerrar-heridas-articulo-sobre-guillena-1937-en-cineandcine\/#article\",\"isPartOf\":{\"@id\":\"https:\/\/intermediaproducciones.com\/en\/abrir-fosas-cerrar-heridas-articulo-sobre-guillena-1937-en-cineandcine\/\"},\"author\":{\"name\":\"Intermedia Producciones\",\"@id\":\"https:\/\/intermediaproducciones.com\/#\/schema\/person\/7a7d709e77f232e65f14762c0719bb0b\"},\"headline\":\"\u00abAbrir fosas, cerrar heridas\u00bb, art\u00edculo sobre \u2018Guillena 1937\u2019 en \u00abcineandcine\u00bb\",\"datePublished\":\"2012-09-21T09:31:50+00:00\",\"mainEntityOfPage\":{\"@id\":\"https:\/\/intermediaproducciones.com\/en\/abrir-fosas-cerrar-heridas-articulo-sobre-guillena-1937-en-cineandcine\/\"},\"wordCount\":54,\"commentCount\":0,\"publisher\":{\"@id\":\"https:\/\/intermediaproducciones.com\/#organization\"},\"image\":{\"@id\":\"https:\/\/intermediaproducciones.com\/en\/abrir-fosas-cerrar-heridas-articulo-sobre-guillena-1937-en-cineandcine\/#primaryimage\"},\"thumbnailUrl\":\"https:\/\/intermediaproducciones.com\/https:\/\/intermediaproducciones.com\/wp-content\/uploads\/2012\/09\/logocineandcine.png\",\"keywords\":[\"17 mujeres de guillena\",\"17 rosas de guillena\",\"documental\",\"Guillena 1937\",\"intermedia producciones\",\"mariano agudo\",\"memoria hist\u00f3rica\"],\"articleSection\":[\"Actualidad\",\"Comunicaci\u00f3n\"],\"inLanguage\":\"en-GB\"},{\"@type\":\"WebPage\",\"@id\":\"https:\/\/intermediaproducciones.com\/en\/abrir-fosas-cerrar-heridas-articulo-sobre-guillena-1937-en-cineandcine\/\",\"url\":\"https:\/\/intermediaproducciones.com\/en\/abrir-fosas-cerrar-heridas-articulo-sobre-guillena-1937-en-cineandcine\/\",\"name\":\"\\\"Abrir fosas, cerrar heridas\\\", art\u00edculo sobre \u2018Guillena 1937\u2019 en \\\"cineandcine\\\" - Intermedia Producciones\",\"isPartOf\":{\"@id\":\"https:\/\/intermediaproducciones.com\/#website\"},\"primaryImageOfPage\":{\"@id\":\"https:\/\/intermediaproducciones.com\/en\/abrir-fosas-cerrar-heridas-articulo-sobre-guillena-1937-en-cineandcine\/#primaryimage\"},\"image\":{\"@id\":\"https:\/\/intermediaproducciones.com\/en\/abrir-fosas-cerrar-heridas-articulo-sobre-guillena-1937-en-cineandcine\/#primaryimage\"},\"thumbnailUrl\":\"https:\/\/intermediaproducciones.com\/https:\/\/intermediaproducciones.com\/wp-content\/uploads\/2012\/09\/logocineandcine.png\",\"datePublished\":\"2012-09-21T09:31:50+00:00\",\"breadcrumb\":{\"@id\":\"https:\/\/intermediaproducciones.com\/en\/abrir-fosas-cerrar-heridas-articulo-sobre-guillena-1937-en-cineandcine\/#breadcrumb\"},\"inLanguage\":\"en-GB\",\"potentialAction\":[{\"@type\":\"ReadAction\",\"target\":[\"https:\/\/intermediaproducciones.com\/en\/abrir-fosas-cerrar-heridas-articulo-sobre-guillena-1937-en-cineandcine\/\"]}]},{\"@type\":\"ImageObject\",\"inLanguage\":\"en-GB\",\"@id\":\"https:\/\/intermediaproducciones.com\/en\/abrir-fosas-cerrar-heridas-articulo-sobre-guillena-1937-en-cineandcine\/#primaryimage\",\"url\":\"https:\/\/intermediaproducciones.com\/https:\/\/intermediaproducciones.com\/wp-content\/uploads\/2012\/09\/logocineandcine.png\",\"contentUrl\":\"https:\/\/intermediaproducciones.com\/https:\/\/intermediaproducciones.com\/wp-content\/uploads\/2012\/09\/logocineandcine.png\"},{\"@type\":\"BreadcrumbList\",\"@id\":\"https:\/\/intermediaproducciones.com\/en\/abrir-fosas-cerrar-heridas-articulo-sobre-guillena-1937-en-cineandcine\/#breadcrumb\",\"itemListElement\":[{\"@type\":\"ListItem\",\"position\":1,\"name\":\"Portada\",\"item\":\"https:\/\/intermediaproducciones.com\/\"},{\"@type\":\"ListItem\",\"position\":2,\"name\":\"\u00abAbrir fosas, cerrar heridas\u00bb, art\u00edculo sobre \u2018Guillena 1937\u2019 en \u00abcineandcine\u00bb\"}]},{\"@type\":\"WebSite\",\"@id\":\"https:\/\/intermediaproducciones.com\/#website\",\"url\":\"https:\/\/intermediaproducciones.com\/\",\"name\":\"Intermedia Producciones\",\"description\":\"Miradas, Visiones y Realidades\",\"publisher\":{\"@id\":\"https:\/\/intermediaproducciones.com\/#organization\"},\"potentialAction\":[{\"@type\":\"SearchAction\",\"target\":{\"@type\":\"EntryPoint\",\"urlTemplate\":\"https:\/\/intermediaproducciones.com\/?s={search_term_string}\"},\"query-input\":{\"@type\":\"PropertyValueSpecification\",\"valueRequired\":true,\"valueName\":\"search_term_string\"}}],\"inLanguage\":\"en-GB\"},{\"@type\":\"Organization\",\"@id\":\"https:\/\/intermediaproducciones.com\/#organization\",\"name\":\"Intermedia Producciones\",\"url\":\"https:\/\/intermediaproducciones.com\/\",\"logo\":{\"@type\":\"ImageObject\",\"inLanguage\":\"en-GB\",\"@id\":\"https:\/\/intermediaproducciones.com\/#\/schema\/logo\/image\/\",\"url\":\"https:\/\/intermediaproducciones.com\/wp-content\/uploads\/2019\/02\/logo_intermedia.png\",\"contentUrl\":\"https:\/\/intermediaproducciones.com\/wp-content\/uploads\/2019\/02\/logo_intermedia.png\",\"width\":199,\"height\":216,\"caption\":\"Intermedia Producciones\"},\"image\":{\"@id\":\"https:\/\/intermediaproducciones.com\/#\/schema\/logo\/image\/\"},\"sameAs\":[\"https:\/\/www.facebook.com\/ProductoraIntermediaProducciones\",\"https:\/\/vimeo.com\/intermedia\",\"https:\/\/www.youtube.com\/user\/IntermediaProd\",\"https:\/\/www.instagram.com\/intermediaproducciones\/\",\"https:\/\/www.linkedin.com\/company\/intermedia-producciones\/\"]},{\"@type\":\"Person\",\"@id\":\"https:\/\/intermediaproducciones.com\/#\/schema\/person\/7a7d709e77f232e65f14762c0719bb0b\",\"name\":\"Intermedia Producciones\",\"image\":{\"@type\":\"ImageObject\",\"inLanguage\":\"en-GB\",\"@id\":\"https:\/\/intermediaproducciones.com\/#\/schema\/person\/image\/\",\"url\":\"https:\/\/secure.gravatar.com\/avatar\/?s=96&d=blank&r=g\",\"contentUrl\":\"https:\/\/secure.gravatar.com\/avatar\/?s=96&d=blank&r=g\",\"caption\":\"Intermedia Producciones\"},\"url\":\"https:\/\/intermediaproducciones.com\/en\/author\/intermedia-producciones\/\"}]}<\/script>\n<!-- \/ Yoast SEO plugin. -->","yoast_head_json":{"title":"\"Abrir fosas, cerrar heridas\", art\u00edculo sobre \u2018Guillena 1937\u2019 en \"cineandcine\" - Intermedia Producciones","robots":{"index":"index","follow":"follow","max-snippet":"max-snippet:-1","max-image-preview":"max-image-preview:large","max-video-preview":"max-video-preview:-1"},"canonical":"https:\/\/intermediaproducciones.com\/en\/abrir-fosas-cerrar-heridas-articulo-sobre-guillena-1937-en-cineandcine\/","og_locale":"en_GB","og_type":"article","og_title":"\"Abrir fosas, cerrar heridas\", art\u00edculo sobre \u2018Guillena 1937\u2019 en \"cineandcine\" - Intermedia Producciones","og_description":"Complet\u00edsimo art\u00edculo de Ana V\u00e1zquez Toscano en\u00a0 \u00a0 la revista digital del sector audiovisual andaluz. Incluye una extensa entrevista con nuestro compa\u00f1ero Mariano Agudo, director del documental \u2018Guillena 1937\u2019. enlace al art\u00edculo \u00a1Esperamos que os guste tanto como a nosotr@s!","og_url":"https:\/\/intermediaproducciones.com\/en\/abrir-fosas-cerrar-heridas-articulo-sobre-guillena-1937-en-cineandcine\/","og_site_name":"Intermedia Producciones","article_publisher":"https:\/\/www.facebook.com\/ProductoraIntermediaProducciones","article_published_time":"2012-09-21T09:31:50+00:00","og_image":[{"url":"https:\/\/intermediaproducciones.com\/https:\/\/intermediaproducciones.com\/wp-content\/uploads\/2012\/09\/logocineandcine.png","type":"","width":"","height":""}],"author":"Intermedia Producciones","twitter_card":"summary_large_image","twitter_misc":{"Written by":"Intermedia Producciones"},"schema":{"@context":"https:\/\/schema.org","@graph":[{"@type":"Article","@id":"https:\/\/intermediaproducciones.com\/en\/abrir-fosas-cerrar-heridas-articulo-sobre-guillena-1937-en-cineandcine\/#article","isPartOf":{"@id":"https:\/\/intermediaproducciones.com\/en\/abrir-fosas-cerrar-heridas-articulo-sobre-guillena-1937-en-cineandcine\/"},"author":{"name":"Intermedia Producciones","@id":"https:\/\/intermediaproducciones.com\/#\/schema\/person\/7a7d709e77f232e65f14762c0719bb0b"},"headline":"\u00abAbrir fosas, cerrar heridas\u00bb, art\u00edculo sobre \u2018Guillena 1937\u2019 en \u00abcineandcine\u00bb","datePublished":"2012-09-21T09:31:50+00:00","mainEntityOfPage":{"@id":"https:\/\/intermediaproducciones.com\/en\/abrir-fosas-cerrar-heridas-articulo-sobre-guillena-1937-en-cineandcine\/"},"wordCount":54,"commentCount":0,"publisher":{"@id":"https:\/\/intermediaproducciones.com\/#organization"},"image":{"@id":"https:\/\/intermediaproducciones.com\/en\/abrir-fosas-cerrar-heridas-articulo-sobre-guillena-1937-en-cineandcine\/#primaryimage"},"thumbnailUrl":"https:\/\/intermediaproducciones.com\/https:\/\/intermediaproducciones.com\/wp-content\/uploads\/2012\/09\/logocineandcine.png","keywords":["17 mujeres de guillena","17 rosas de guillena","documental","Guillena 1937","intermedia producciones","mariano agudo","memoria hist\u00f3rica"],"articleSection":["Actualidad","Comunicaci\u00f3n"],"inLanguage":"en-GB"},{"@type":"WebPage","@id":"https:\/\/intermediaproducciones.com\/en\/abrir-fosas-cerrar-heridas-articulo-sobre-guillena-1937-en-cineandcine\/","url":"https:\/\/intermediaproducciones.com\/en\/abrir-fosas-cerrar-heridas-articulo-sobre-guillena-1937-en-cineandcine\/","name":"\"Abrir fosas, cerrar heridas\", art\u00edculo sobre \u2018Guillena 1937\u2019 en \"cineandcine\" - Intermedia Producciones","isPartOf":{"@id":"https:\/\/intermediaproducciones.com\/#website"},"primaryImageOfPage":{"@id":"https:\/\/intermediaproducciones.com\/en\/abrir-fosas-cerrar-heridas-articulo-sobre-guillena-1937-en-cineandcine\/#primaryimage"},"image":{"@id":"https:\/\/intermediaproducciones.com\/en\/abrir-fosas-cerrar-heridas-articulo-sobre-guillena-1937-en-cineandcine\/#primaryimage"},"thumbnailUrl":"https:\/\/intermediaproducciones.com\/https:\/\/intermediaproducciones.com\/wp-content\/uploads\/2012\/09\/logocineandcine.png","datePublished":"2012-09-21T09:31:50+00:00","breadcrumb":{"@id":"https:\/\/intermediaproducciones.com\/en\/abrir-fosas-cerrar-heridas-articulo-sobre-guillena-1937-en-cineandcine\/#breadcrumb"},"inLanguage":"en-GB","potentialAction":[{"@type":"ReadAction","target":["https:\/\/intermediaproducciones.com\/en\/abrir-fosas-cerrar-heridas-articulo-sobre-guillena-1937-en-cineandcine\/"]}]},{"@type":"ImageObject","inLanguage":"en-GB","@id":"https:\/\/intermediaproducciones.com\/en\/abrir-fosas-cerrar-heridas-articulo-sobre-guillena-1937-en-cineandcine\/#primaryimage","url":"https:\/\/intermediaproducciones.com\/https:\/\/intermediaproducciones.com\/wp-content\/uploads\/2012\/09\/logocineandcine.png","contentUrl":"https:\/\/intermediaproducciones.com\/https:\/\/intermediaproducciones.com\/wp-content\/uploads\/2012\/09\/logocineandcine.png"},{"@type":"BreadcrumbList","@id":"https:\/\/intermediaproducciones.com\/en\/abrir-fosas-cerrar-heridas-articulo-sobre-guillena-1937-en-cineandcine\/#breadcrumb","itemListElement":[{"@type":"ListItem","position":1,"name":"Portada","item":"https:\/\/intermediaproducciones.com\/"},{"@type":"ListItem","position":2,"name":"\u00abAbrir fosas, cerrar heridas\u00bb, art\u00edculo sobre \u2018Guillena 1937\u2019 en \u00abcineandcine\u00bb"}]},{"@type":"WebSite","@id":"https:\/\/intermediaproducciones.com\/#website","url":"https:\/\/intermediaproducciones.com\/","name":"Intermedia Producciones","description":"Miradas, Visiones y Realidades","publisher":{"@id":"https:\/\/intermediaproducciones.com\/#organization"},"potentialAction":[{"@type":"SearchAction","target":{"@type":"EntryPoint","urlTemplate":"https:\/\/intermediaproducciones.com\/?s={search_term_string}"},"query-input":{"@type":"PropertyValueSpecification","valueRequired":true,"valueName":"search_term_string"}}],"inLanguage":"en-GB"},{"@type":"Organization","@id":"https:\/\/intermediaproducciones.com\/#organization","name":"Intermedia Producciones","url":"https:\/\/intermediaproducciones.com\/","logo":{"@type":"ImageObject","inLanguage":"en-GB","@id":"https:\/\/intermediaproducciones.com\/#\/schema\/logo\/image\/","url":"https:\/\/intermediaproducciones.com\/wp-content\/uploads\/2019\/02\/logo_intermedia.png","contentUrl":"https:\/\/intermediaproducciones.com\/wp-content\/uploads\/2019\/02\/logo_intermedia.png","width":199,"height":216,"caption":"Intermedia Producciones"},"image":{"@id":"https:\/\/intermediaproducciones.com\/#\/schema\/logo\/image\/"},"sameAs":["https:\/\/www.facebook.com\/ProductoraIntermediaProducciones","https:\/\/vimeo.com\/intermedia","https:\/\/www.youtube.com\/user\/IntermediaProd","https:\/\/www.instagram.com\/intermediaproducciones\/","https:\/\/www.linkedin.com\/company\/intermedia-producciones\/"]},{"@type":"Person","@id":"https:\/\/intermediaproducciones.com\/#\/schema\/person\/7a7d709e77f232e65f14762c0719bb0b","name":"Intermedia Producciones","image":{"@type":"ImageObject","inLanguage":"en-GB","@id":"https:\/\/intermediaproducciones.com\/#\/schema\/person\/image\/","url":"https:\/\/secure.gravatar.com\/avatar\/?s=96&d=blank&r=g","contentUrl":"https:\/\/secure.gravatar.com\/avatar\/?s=96&d=blank&r=g","caption":"Intermedia Producciones"},"url":"https:\/\/intermediaproducciones.com\/en\/author\/intermedia-producciones\/"}]}},"_links":{"self":[{"href":"https:\/\/intermediaproducciones.com\/en\/wp-json\/wp\/v2\/posts\/1326","targetHints":{"allow":["GET"]}}],"collection":[{"href":"https:\/\/intermediaproducciones.com\/en\/wp-json\/wp\/v2\/posts"}],"about":[{"href":"https:\/\/intermediaproducciones.com\/en\/wp-json\/wp\/v2\/types\/post"}],"author":[{"embeddable":true,"href":"https:\/\/intermediaproducciones.com\/en\/wp-json\/wp\/v2\/users\/1"}],"replies":[{"embeddable":true,"href":"https:\/\/intermediaproducciones.com\/en\/wp-json\/wp\/v2\/comments?post=1326"}],"version-history":[{"count":2,"href":"https:\/\/intermediaproducciones.com\/en\/wp-json\/wp\/v2\/posts\/1326\/revisions"}],"predecessor-version":[{"id":1328,"href":"https:\/\/intermediaproducciones.com\/en\/wp-json\/wp\/v2\/posts\/1326\/revisions\/1328"}],"wp:attachment":[{"href":"https:\/\/intermediaproducciones.com\/en\/wp-json\/wp\/v2\/media?parent=1326"}],"wp:term":[{"taxonomy":"category","embeddable":true,"href":"https:\/\/intermediaproducciones.com\/en\/wp-json\/wp\/v2\/categories?post=1326"},{"taxonomy":"post_tag","embeddable":true,"href":"https:\/\/intermediaproducciones.com\/en\/wp-json\/wp\/v2\/tags?post=1326"}],"curies":[{"name":"wp","href":"https:\/\/api.w.org\/{rel}","templated":true}]}}