{"id":1403,"date":"2012-10-13T13:24:12","date_gmt":"2012-10-13T13:24:12","guid":{"rendered":"https:\/\/intermediaproducciones.com\/?p=1403"},"modified":"2012-10-14T10:07:36","modified_gmt":"2012-10-14T10:07:36","slug":"mas-de-ocho-mil-ejecutados-en-la-sevilla-de-queipo","status":"publish","type":"post","link":"https:\/\/intermediaproducciones.com\/en\/mas-de-ocho-mil-ejecutados-en-la-sevilla-de-queipo\/","title":{"rendered":"\u00abM\u00e1s de ocho mil ejecutados en la Sevilla de Queipo\u00bb"},"content":{"rendered":"<p>Art\u00edculo de Juan Jos\u00e9 T\u00e9llez en <strong>Publico.es<\/strong> sobre las m\u00e1s de ocho mil personas que fueron ejecutadas en la provincia de Sevilla por orden del general golpista Gonzalo Queipo de Llano.<\/p>\n<p>enlace al art\u00edculo:<\/p>\n<p><a href=\"http:\/\/www.publico.es\/espana\/443787\/mas-de-ocho-mil-ejecutados-en-la-sevilla-de-queipo\" target=\"_blank\">http:\/\/www.publico.es\/espana\/443787\/mas-de-ocho-mil-ejecutados-en-la-sevilla-de-queipo<br \/>\n<\/a><\/p>","protected":false},"excerpt":{"rendered":"<p>Art\u00edculo de Juan Jos\u00e9 T\u00e9llez en Publico.es sobre las m\u00e1s de ocho mil personas que fueron ejecutadas en la provincia de Sevilla por orden del general golpista Gonzalo Queipo de Llano. enlace al art\u00edculo: http:\/\/www.publico.es\/espana\/443787\/mas-de-ocho-mil-ejecutados-en-la-sevilla-de-queipo<\/p>","protected":false},"author":1,"featured_media":0,"comment_status":"open","ping_status":"open","sticky":false,"template":"","format":"standard","meta":{"_acf_changed":false,"footnotes":""},"categories":[18],"tags":[26,27,117,153],"class_list":["post-1403","post","type-post","status-publish","format-standard","hentry","category-comunicacion","tag-17-mujeres-de-guillena","tag-17-rosas-de-guillena","tag-guillena-1937","tag-sevilla"],"acf":[],"yoast_head":"<!-- This site is optimized with the Yoast SEO plugin v25.3.1 - https:\/\/yoast.com\/wordpress\/plugins\/seo\/ -->\n<title>&quot;M\u00e1s de ocho mil ejecutados en la Sevilla de Queipo&quot; - Intermedia Producciones<\/title>\n<meta name=\"robots\" content=\"index, follow, max-snippet:-1, max-image-preview:large, max-video-preview:-1\" \/>\n<link rel=\"canonical\" href=\"https:\/\/intermediaproducciones.com\/en\/mas-de-ocho-mil-ejecutados-en-la-sevilla-de-queipo\/\" \/>\n<meta property=\"og:locale\" content=\"en_GB\" \/>\n<meta property=\"og:type\" content=\"article\" \/>\n<meta property=\"og:title\" content=\"&quot;M\u00e1s de ocho mil ejecutados en la Sevilla de Queipo&quot; - Intermedia Producciones\" \/>\n<meta property=\"og:description\" content=\"Art\u00edculo de Juan Jos\u00e9 T\u00e9llez en Publico.es sobre las m\u00e1s de ocho mil personas que fueron ejecutadas en la provincia de Sevilla por orden del general golpista Gonzalo Queipo de Llano. enlace al art\u00edculo: http:\/\/www.publico.es\/espana\/443787\/mas-de-ocho-mil-ejecutados-en-la-sevilla-de-queipo\" \/>\n<meta property=\"og:url\" content=\"https:\/\/intermediaproducciones.com\/en\/mas-de-ocho-mil-ejecutados-en-la-sevilla-de-queipo\/\" \/>\n<meta property=\"og:site_name\" content=\"Intermedia Producciones\" \/>\n<meta property=\"article:publisher\" content=\"https:\/\/www.facebook.com\/ProductoraIntermediaProducciones\" \/>\n<meta property=\"article:published_time\" content=\"2012-10-13T13:24:12+00:00\" \/>\n<meta property=\"article:modified_time\" content=\"2012-10-14T10:07:36+00:00\" \/>\n<meta name=\"author\" content=\"Intermedia Producciones\" \/>\n<meta name=\"twitter:card\" content=\"summary_large_image\" \/>\n<meta name=\"twitter:label1\" content=\"Written by\" \/>\n\t<meta name=\"twitter:data1\" content=\"Intermedia Producciones\" \/>\n<script type=\"application\/ld+json\" class=\"yoast-schema-graph\">{\"@context\":\"https:\/\/schema.org\",\"@graph\":[{\"@type\":\"Article\",\"@id\":\"https:\/\/intermediaproducciones.com\/en\/mas-de-ocho-mil-ejecutados-en-la-sevilla-de-queipo\/#article\",\"isPartOf\":{\"@id\":\"https:\/\/intermediaproducciones.com\/en\/mas-de-ocho-mil-ejecutados-en-la-sevilla-de-queipo\/\"},\"author\":{\"name\":\"Intermedia Producciones\",\"@id\":\"https:\/\/intermediaproducciones.com\/#\/schema\/person\/7a7d709e77f232e65f14762c0719bb0b\"},\"headline\":\"\u00abM\u00e1s de ocho mil ejecutados en la Sevilla de Queipo\u00bb\",\"datePublished\":\"2012-10-13T13:24:12+00:00\",\"dateModified\":\"2012-10-14T10:07:36+00:00\",\"mainEntityOfPage\":{\"@id\":\"https:\/\/intermediaproducciones.com\/en\/mas-de-ocho-mil-ejecutados-en-la-sevilla-de-queipo\/\"},\"wordCount\":56,\"commentCount\":0,\"publisher\":{\"@id\":\"https:\/\/intermediaproducciones.com\/#organization\"},\"keywords\":[\"17 mujeres de guillena\",\"17 rosas de guillena\",\"Guillena 1937\",\"sevilla\"],\"articleSection\":[\"Comunicaci\u00f3n\"],\"inLanguage\":\"en-GB\"},{\"@type\":\"WebPage\",\"@id\":\"https:\/\/intermediaproducciones.com\/en\/mas-de-ocho-mil-ejecutados-en-la-sevilla-de-queipo\/\",\"url\":\"https:\/\/intermediaproducciones.com\/en\/mas-de-ocho-mil-ejecutados-en-la-sevilla-de-queipo\/\",\"name\":\"\\\"M\u00e1s de ocho mil ejecutados en la Sevilla de Queipo\\\" - Intermedia Producciones\",\"isPartOf\":{\"@id\":\"https:\/\/intermediaproducciones.com\/#website\"},\"datePublished\":\"2012-10-13T13:24:12+00:00\",\"dateModified\":\"2012-10-14T10:07:36+00:00\",\"breadcrumb\":{\"@id\":\"https:\/\/intermediaproducciones.com\/en\/mas-de-ocho-mil-ejecutados-en-la-sevilla-de-queipo\/#breadcrumb\"},\"inLanguage\":\"en-GB\",\"potentialAction\":[{\"@type\":\"ReadAction\",\"target\":[\"https:\/\/intermediaproducciones.com\/en\/mas-de-ocho-mil-ejecutados-en-la-sevilla-de-queipo\/\"]}]},{\"@type\":\"BreadcrumbList\",\"@id\":\"https:\/\/intermediaproducciones.com\/en\/mas-de-ocho-mil-ejecutados-en-la-sevilla-de-queipo\/#breadcrumb\",\"itemListElement\":[{\"@type\":\"ListItem\",\"position\":1,\"name\":\"Portada\",\"item\":\"https:\/\/intermediaproducciones.com\/\"},{\"@type\":\"ListItem\",\"position\":2,\"name\":\"\u00abM\u00e1s de ocho mil ejecutados en la Sevilla de Queipo\u00bb\"}]},{\"@type\":\"WebSite\",\"@id\":\"https:\/\/intermediaproducciones.com\/#website\",\"url\":\"https:\/\/intermediaproducciones.com\/\",\"name\":\"Intermedia Producciones\",\"description\":\"Miradas, Visiones y Realidades\",\"publisher\":{\"@id\":\"https:\/\/intermediaproducciones.com\/#organization\"},\"potentialAction\":[{\"@type\":\"SearchAction\",\"target\":{\"@type\":\"EntryPoint\",\"urlTemplate\":\"https:\/\/intermediaproducciones.com\/?s={search_term_string}\"},\"query-input\":{\"@type\":\"PropertyValueSpecification\",\"valueRequired\":true,\"valueName\":\"search_term_string\"}}],\"inLanguage\":\"en-GB\"},{\"@type\":\"Organization\",\"@id\":\"https:\/\/intermediaproducciones.com\/#organization\",\"name\":\"Intermedia Producciones\",\"url\":\"https:\/\/intermediaproducciones.com\/\",\"logo\":{\"@type\":\"ImageObject\",\"inLanguage\":\"en-GB\",\"@id\":\"https:\/\/intermediaproducciones.com\/#\/schema\/logo\/image\/\",\"url\":\"https:\/\/intermediaproducciones.com\/wp-content\/uploads\/2019\/02\/logo_intermedia.png\",\"contentUrl\":\"https:\/\/intermediaproducciones.com\/wp-content\/uploads\/2019\/02\/logo_intermedia.png\",\"width\":199,\"height\":216,\"caption\":\"Intermedia Producciones\"},\"image\":{\"@id\":\"https:\/\/intermediaproducciones.com\/#\/schema\/logo\/image\/\"},\"sameAs\":[\"https:\/\/www.facebook.com\/ProductoraIntermediaProducciones\",\"https:\/\/vimeo.com\/intermedia\",\"https:\/\/www.youtube.com\/user\/IntermediaProd\",\"https:\/\/www.instagram.com\/intermediaproducciones\/\",\"https:\/\/www.linkedin.com\/company\/intermedia-producciones\/\"]},{\"@type\":\"Person\",\"@id\":\"https:\/\/intermediaproducciones.com\/#\/schema\/person\/7a7d709e77f232e65f14762c0719bb0b\",\"name\":\"Intermedia Producciones\",\"image\":{\"@type\":\"ImageObject\",\"inLanguage\":\"en-GB\",\"@id\":\"https:\/\/intermediaproducciones.com\/#\/schema\/person\/image\/\",\"url\":\"https:\/\/secure.gravatar.com\/avatar\/?s=96&d=blank&r=g\",\"contentUrl\":\"https:\/\/secure.gravatar.com\/avatar\/?s=96&d=blank&r=g\",\"caption\":\"Intermedia Producciones\"},\"url\":\"https:\/\/intermediaproducciones.com\/en\/author\/intermedia-producciones\/\"}]}<\/script>\n<!-- \/ Yoast SEO plugin. -->","yoast_head_json":{"title":"\"M\u00e1s de ocho mil ejecutados en la Sevilla de Queipo\" - Intermedia Producciones","robots":{"index":"index","follow":"follow","max-snippet":"max-snippet:-1","max-image-preview":"max-image-preview:large","max-video-preview":"max-video-preview:-1"},"canonical":"https:\/\/intermediaproducciones.com\/en\/mas-de-ocho-mil-ejecutados-en-la-sevilla-de-queipo\/","og_locale":"en_GB","og_type":"article","og_title":"\"M\u00e1s de ocho mil ejecutados en la Sevilla de Queipo\" - Intermedia Producciones","og_description":"Art\u00edculo de Juan Jos\u00e9 T\u00e9llez en Publico.es sobre las m\u00e1s de ocho mil personas que fueron ejecutadas en la provincia de Sevilla por orden del general golpista Gonzalo Queipo de Llano. enlace al art\u00edculo: http:\/\/www.publico.es\/espana\/443787\/mas-de-ocho-mil-ejecutados-en-la-sevilla-de-queipo","og_url":"https:\/\/intermediaproducciones.com\/en\/mas-de-ocho-mil-ejecutados-en-la-sevilla-de-queipo\/","og_site_name":"Intermedia Producciones","article_publisher":"https:\/\/www.facebook.com\/ProductoraIntermediaProducciones","article_published_time":"2012-10-13T13:24:12+00:00","article_modified_time":"2012-10-14T10:07:36+00:00","author":"Intermedia Producciones","twitter_card":"summary_large_image","twitter_misc":{"Written by":"Intermedia Producciones"},"schema":{"@context":"https:\/\/schema.org","@graph":[{"@type":"Article","@id":"https:\/\/intermediaproducciones.com\/en\/mas-de-ocho-mil-ejecutados-en-la-sevilla-de-queipo\/#article","isPartOf":{"@id":"https:\/\/intermediaproducciones.com\/en\/mas-de-ocho-mil-ejecutados-en-la-sevilla-de-queipo\/"},"author":{"name":"Intermedia Producciones","@id":"https:\/\/intermediaproducciones.com\/#\/schema\/person\/7a7d709e77f232e65f14762c0719bb0b"},"headline":"\u00abM\u00e1s de ocho mil ejecutados en la Sevilla de Queipo\u00bb","datePublished":"2012-10-13T13:24:12+00:00","dateModified":"2012-10-14T10:07:36+00:00","mainEntityOfPage":{"@id":"https:\/\/intermediaproducciones.com\/en\/mas-de-ocho-mil-ejecutados-en-la-sevilla-de-queipo\/"},"wordCount":56,"commentCount":0,"publisher":{"@id":"https:\/\/intermediaproducciones.com\/#organization"},"keywords":["17 mujeres de guillena","17 rosas de guillena","Guillena 1937","sevilla"],"articleSection":["Comunicaci\u00f3n"],"inLanguage":"en-GB"},{"@type":"WebPage","@id":"https:\/\/intermediaproducciones.com\/en\/mas-de-ocho-mil-ejecutados-en-la-sevilla-de-queipo\/","url":"https:\/\/intermediaproducciones.com\/en\/mas-de-ocho-mil-ejecutados-en-la-sevilla-de-queipo\/","name":"\"M\u00e1s de ocho mil ejecutados en la Sevilla de Queipo\" - Intermedia Producciones","isPartOf":{"@id":"https:\/\/intermediaproducciones.com\/#website"},"datePublished":"2012-10-13T13:24:12+00:00","dateModified":"2012-10-14T10:07:36+00:00","breadcrumb":{"@id":"https:\/\/intermediaproducciones.com\/en\/mas-de-ocho-mil-ejecutados-en-la-sevilla-de-queipo\/#breadcrumb"},"inLanguage":"en-GB","potentialAction":[{"@type":"ReadAction","target":["https:\/\/intermediaproducciones.com\/en\/mas-de-ocho-mil-ejecutados-en-la-sevilla-de-queipo\/"]}]},{"@type":"BreadcrumbList","@id":"https:\/\/intermediaproducciones.com\/en\/mas-de-ocho-mil-ejecutados-en-la-sevilla-de-queipo\/#breadcrumb","itemListElement":[{"@type":"ListItem","position":1,"name":"Portada","item":"https:\/\/intermediaproducciones.com\/"},{"@type":"ListItem","position":2,"name":"\u00abM\u00e1s de ocho mil ejecutados en la Sevilla de Queipo\u00bb"}]},{"@type":"WebSite","@id":"https:\/\/intermediaproducciones.com\/#website","url":"https:\/\/intermediaproducciones.com\/","name":"Intermedia Producciones","description":"Miradas, Visiones y Realidades","publisher":{"@id":"https:\/\/intermediaproducciones.com\/#organization"},"potentialAction":[{"@type":"SearchAction","target":{"@type":"EntryPoint","urlTemplate":"https:\/\/intermediaproducciones.com\/?s={search_term_string}"},"query-input":{"@type":"PropertyValueSpecification","valueRequired":true,"valueName":"search_term_string"}}],"inLanguage":"en-GB"},{"@type":"Organization","@id":"https:\/\/intermediaproducciones.com\/#organization","name":"Intermedia Producciones","url":"https:\/\/intermediaproducciones.com\/","logo":{"@type":"ImageObject","inLanguage":"en-GB","@id":"https:\/\/intermediaproducciones.com\/#\/schema\/logo\/image\/","url":"https:\/\/intermediaproducciones.com\/wp-content\/uploads\/2019\/02\/logo_intermedia.png","contentUrl":"https:\/\/intermediaproducciones.com\/wp-content\/uploads\/2019\/02\/logo_intermedia.png","width":199,"height":216,"caption":"Intermedia Producciones"},"image":{"@id":"https:\/\/intermediaproducciones.com\/#\/schema\/logo\/image\/"},"sameAs":["https:\/\/www.facebook.com\/ProductoraIntermediaProducciones","https:\/\/vimeo.com\/intermedia","https:\/\/www.youtube.com\/user\/IntermediaProd","https:\/\/www.instagram.com\/intermediaproducciones\/","https:\/\/www.linkedin.com\/company\/intermedia-producciones\/"]},{"@type":"Person","@id":"https:\/\/intermediaproducciones.com\/#\/schema\/person\/7a7d709e77f232e65f14762c0719bb0b","name":"Intermedia Producciones","image":{"@type":"ImageObject","inLanguage":"en-GB","@id":"https:\/\/intermediaproducciones.com\/#\/schema\/person\/image\/","url":"https:\/\/secure.gravatar.com\/avatar\/?s=96&d=blank&r=g","contentUrl":"https:\/\/secure.gravatar.com\/avatar\/?s=96&d=blank&r=g","caption":"Intermedia Producciones"},"url":"https:\/\/intermediaproducciones.com\/en\/author\/intermedia-producciones\/"}]}},"_links":{"self":[{"href":"https:\/\/intermediaproducciones.com\/en\/wp-json\/wp\/v2\/posts\/1403","targetHints":{"allow":["GET"]}}],"collection":[{"href":"https:\/\/intermediaproducciones.com\/en\/wp-json\/wp\/v2\/posts"}],"about":[{"href":"https:\/\/intermediaproducciones.com\/en\/wp-json\/wp\/v2\/types\/post"}],"author":[{"embeddable":true,"href":"https:\/\/intermediaproducciones.com\/en\/wp-json\/wp\/v2\/users\/1"}],"replies":[{"embeddable":true,"href":"https:\/\/intermediaproducciones.com\/en\/wp-json\/wp\/v2\/comments?post=1403"}],"version-history":[{"count":8,"href":"https:\/\/intermediaproducciones.com\/en\/wp-json\/wp\/v2\/posts\/1403\/revisions"}],"predecessor-version":[{"id":1416,"href":"https:\/\/intermediaproducciones.com\/en\/wp-json\/wp\/v2\/posts\/1403\/revisions\/1416"}],"wp:attachment":[{"href":"https:\/\/intermediaproducciones.com\/en\/wp-json\/wp\/v2\/media?parent=1403"}],"wp:term":[{"taxonomy":"category","embeddable":true,"href":"https:\/\/intermediaproducciones.com\/en\/wp-json\/wp\/v2\/categories?post=1403"},{"taxonomy":"post_tag","embeddable":true,"href":"https:\/\/intermediaproducciones.com\/en\/wp-json\/wp\/v2\/tags?post=1403"}],"curies":[{"name":"wp","href":"https:\/\/api.w.org\/{rel}","templated":true}]}}