{"id":1526,"date":"2013-01-17T10:29:31","date_gmt":"2013-01-17T10:29:31","guid":{"rendered":"https:\/\/intermediaproducciones.com\/?p=1526"},"modified":"2013-01-17T10:33:06","modified_gmt":"2013-01-17T10:33:06","slug":"memoria-de-las-cenizas-premio-asecan-2013-ex-aequo","status":"publish","type":"post","link":"https:\/\/intermediaproducciones.com\/en\/memoria-de-las-cenizas-premio-asecan-2013-ex-aequo\/","title":{"rendered":"Memoria de las Cenizas, premio Asecan 2013 Ex aequo."},"content":{"rendered":"<p>El documental dirigido por Eduardo Montero y producido por Intermedia, consigue el premio Asecan 2013 mejor documental ex aequo junto a \u00ab30 a\u00f1os de oscuridad\u00bb, de Manuel H. Mart\u00edn (La Claqueta).<\/p>\n<p><iframe loading=\"lazy\" src=\"http:\/\/player.vimeo.com\/video\/16551029?title=0&amp;byline=0&amp;portrait=0\" frameborder=\"0\" width=\"579\" height=\"325\"><\/iframe><\/p>\n<div class=\"columns-wrapper\">\n<div class=\"two-columns\">\n<p><strong>Memoria de las cenizas<\/strong> (Eduardo Montero, para Intermedia Producciones)<\/p>\n<p>Este trabajo de Intermedia Producciones ofrece el testimonio desgarrador de cuatro supervivientes andaluces del horror nazi: Eduardo Escot, Alfonso Ca\u00f1ete, Jos\u00e9 Marfil y Juan Camacho. Ellos pueden representar muy bien las voces sesgadas de los miles de republicanos espa\u00f1oles que fueron asesinados en los campos de exterminio. Y el documental recoge tambi\u00e9n la otra cara de la moneda, la de los familiares, especialmente las mujeres, que quedaron sumidas en la Espa\u00f1a franquista en la incertidumbre y la desolaci\u00f3n ante la falta de noticias de sus seres queridos.<\/p>\n<\/div>\n<\/div>","protected":false},"excerpt":{"rendered":"<p>El documental dirigido por Eduardo Montero y producido por Intermedia, consigue el premio Asecan 2013 mejor documental ex aequo junto a \u00ab30 a\u00f1os de oscuridad\u00bb, de Manuel H. Mart\u00edn (La Claqueta). Memoria de las cenizas (Eduardo Montero, para Intermedia Producciones) Este trabajo de Intermedia Producciones ofrece el testimonio desgarrador de cuatro supervivientes andaluces del horror [&hellip;]<\/p>","protected":false},"author":1,"featured_media":0,"comment_status":"open","ping_status":"open","sticky":false,"template":"","format":"standard","meta":{"_acf_changed":false,"footnotes":""},"categories":[11,13],"tags":[72,173,70,24,102,174],"class_list":["post-1526","post","type-post","status-publish","format-standard","hentry","category-actualidad","category-premios","tag-angel-del-rio","tag-asecan","tag-eduardo-montero","tag-intermedia-producciones","tag-memoria-de-las-cenizas","tag-premios-asecan"],"acf":[],"yoast_head":"<!-- This site is optimized with the Yoast SEO plugin v25.3.1 - https:\/\/yoast.com\/wordpress\/plugins\/seo\/ -->\n<title>Memoria de las Cenizas, premio Asecan 2013 Ex aequo. - Intermedia Producciones<\/title>\n<meta name=\"robots\" content=\"index, follow, max-snippet:-1, max-image-preview:large, max-video-preview:-1\" \/>\n<link rel=\"canonical\" href=\"https:\/\/intermediaproducciones.com\/en\/memoria-de-las-cenizas-premio-asecan-2013-ex-aequo\/\" \/>\n<meta property=\"og:locale\" content=\"en_GB\" \/>\n<meta property=\"og:type\" content=\"article\" \/>\n<meta property=\"og:title\" content=\"Memoria de las Cenizas, premio Asecan 2013 Ex aequo. - Intermedia Producciones\" \/>\n<meta property=\"og:description\" content=\"El documental dirigido por Eduardo Montero y producido por Intermedia, consigue el premio Asecan 2013 mejor documental ex aequo junto a \u00ab30 a\u00f1os de oscuridad\u00bb, de Manuel H. Mart\u00edn (La Claqueta). Memoria de las cenizas (Eduardo Montero, para Intermedia Producciones) Este trabajo de Intermedia Producciones ofrece el testimonio desgarrador de cuatro supervivientes andaluces del horror [&hellip;]\" \/>\n<meta property=\"og:url\" content=\"https:\/\/intermediaproducciones.com\/en\/memoria-de-las-cenizas-premio-asecan-2013-ex-aequo\/\" \/>\n<meta property=\"og:site_name\" content=\"Intermedia Producciones\" \/>\n<meta property=\"article:publisher\" content=\"https:\/\/www.facebook.com\/ProductoraIntermediaProducciones\" \/>\n<meta property=\"article:published_time\" content=\"2013-01-17T10:29:31+00:00\" \/>\n<meta property=\"article:modified_time\" content=\"2013-01-17T10:33:06+00:00\" \/>\n<meta name=\"author\" content=\"Intermedia Producciones\" \/>\n<meta name=\"twitter:card\" content=\"summary_large_image\" \/>\n<meta name=\"twitter:label1\" content=\"Written by\" \/>\n\t<meta name=\"twitter:data1\" content=\"Intermedia Producciones\" \/>\n\t<meta name=\"twitter:label2\" content=\"Estimated reading time\" \/>\n\t<meta name=\"twitter:data2\" content=\"1 minute\" \/>\n<script type=\"application\/ld+json\" class=\"yoast-schema-graph\">{\"@context\":\"https:\/\/schema.org\",\"@graph\":[{\"@type\":\"Article\",\"@id\":\"https:\/\/intermediaproducciones.com\/memoria-de-las-cenizas-premio-asecan-2013-ex-aequo\/#article\",\"isPartOf\":{\"@id\":\"https:\/\/intermediaproducciones.com\/memoria-de-las-cenizas-premio-asecan-2013-ex-aequo\/\"},\"author\":{\"name\":\"Intermedia Producciones\",\"@id\":\"https:\/\/intermediaproducciones.com\/#\/schema\/person\/7a7d709e77f232e65f14762c0719bb0b\"},\"headline\":\"Memoria de las Cenizas, premio Asecan 2013 Ex aequo.\",\"datePublished\":\"2013-01-17T10:29:31+00:00\",\"dateModified\":\"2013-01-17T10:33:06+00:00\",\"mainEntityOfPage\":{\"@id\":\"https:\/\/intermediaproducciones.com\/memoria-de-las-cenizas-premio-asecan-2013-ex-aequo\/\"},\"wordCount\":140,\"commentCount\":0,\"publisher\":{\"@id\":\"https:\/\/intermediaproducciones.com\/#organization\"},\"keywords\":[\"\u00c1ngel del R\u00edo\",\"asecan\",\"Eduardo Montero\",\"intermedia producciones\",\"Memoria de las Cenizas\",\"premios asecan\"],\"articleSection\":[\"Actualidad\",\"Premios\"],\"inLanguage\":\"en-GB\"},{\"@type\":\"WebPage\",\"@id\":\"https:\/\/intermediaproducciones.com\/memoria-de-las-cenizas-premio-asecan-2013-ex-aequo\/\",\"url\":\"https:\/\/intermediaproducciones.com\/memoria-de-las-cenizas-premio-asecan-2013-ex-aequo\/\",\"name\":\"Memoria de las Cenizas, premio Asecan 2013 Ex aequo. - Intermedia Producciones\",\"isPartOf\":{\"@id\":\"https:\/\/intermediaproducciones.com\/#website\"},\"datePublished\":\"2013-01-17T10:29:31+00:00\",\"dateModified\":\"2013-01-17T10:33:06+00:00\",\"breadcrumb\":{\"@id\":\"https:\/\/intermediaproducciones.com\/memoria-de-las-cenizas-premio-asecan-2013-ex-aequo\/#breadcrumb\"},\"inLanguage\":\"en-GB\",\"potentialAction\":[{\"@type\":\"ReadAction\",\"target\":[\"https:\/\/intermediaproducciones.com\/memoria-de-las-cenizas-premio-asecan-2013-ex-aequo\/\"]}]},{\"@type\":\"BreadcrumbList\",\"@id\":\"https:\/\/intermediaproducciones.com\/memoria-de-las-cenizas-premio-asecan-2013-ex-aequo\/#breadcrumb\",\"itemListElement\":[{\"@type\":\"ListItem\",\"position\":1,\"name\":\"Portada\",\"item\":\"https:\/\/intermediaproducciones.com\/\"},{\"@type\":\"ListItem\",\"position\":2,\"name\":\"Memoria de las Cenizas, premio Asecan 2013 Ex aequo.\"}]},{\"@type\":\"WebSite\",\"@id\":\"https:\/\/intermediaproducciones.com\/#website\",\"url\":\"https:\/\/intermediaproducciones.com\/\",\"name\":\"Intermedia Producciones\",\"description\":\"Miradas, Visiones y Realidades\",\"publisher\":{\"@id\":\"https:\/\/intermediaproducciones.com\/#organization\"},\"potentialAction\":[{\"@type\":\"SearchAction\",\"target\":{\"@type\":\"EntryPoint\",\"urlTemplate\":\"https:\/\/intermediaproducciones.com\/?s={search_term_string}\"},\"query-input\":{\"@type\":\"PropertyValueSpecification\",\"valueRequired\":true,\"valueName\":\"search_term_string\"}}],\"inLanguage\":\"en-GB\"},{\"@type\":\"Organization\",\"@id\":\"https:\/\/intermediaproducciones.com\/#organization\",\"name\":\"Intermedia Producciones\",\"url\":\"https:\/\/intermediaproducciones.com\/\",\"logo\":{\"@type\":\"ImageObject\",\"inLanguage\":\"en-GB\",\"@id\":\"https:\/\/intermediaproducciones.com\/#\/schema\/logo\/image\/\",\"url\":\"https:\/\/intermediaproducciones.com\/wp-content\/uploads\/2019\/02\/logo_intermedia.png\",\"contentUrl\":\"https:\/\/intermediaproducciones.com\/wp-content\/uploads\/2019\/02\/logo_intermedia.png\",\"width\":199,\"height\":216,\"caption\":\"Intermedia Producciones\"},\"image\":{\"@id\":\"https:\/\/intermediaproducciones.com\/#\/schema\/logo\/image\/\"},\"sameAs\":[\"https:\/\/www.facebook.com\/ProductoraIntermediaProducciones\",\"https:\/\/vimeo.com\/intermedia\",\"https:\/\/www.youtube.com\/user\/IntermediaProd\",\"https:\/\/www.instagram.com\/intermediaproducciones\/\",\"https:\/\/www.linkedin.com\/company\/intermedia-producciones\/\"]},{\"@type\":\"Person\",\"@id\":\"https:\/\/intermediaproducciones.com\/#\/schema\/person\/7a7d709e77f232e65f14762c0719bb0b\",\"name\":\"Intermedia Producciones\",\"image\":{\"@type\":\"ImageObject\",\"inLanguage\":\"en-GB\",\"@id\":\"https:\/\/intermediaproducciones.com\/#\/schema\/person\/image\/\",\"url\":\"https:\/\/secure.gravatar.com\/avatar\/?s=96&d=blank&r=g\",\"contentUrl\":\"https:\/\/secure.gravatar.com\/avatar\/?s=96&d=blank&r=g\",\"caption\":\"Intermedia Producciones\"},\"url\":\"https:\/\/intermediaproducciones.com\/en\/author\/intermedia-producciones\/\"}]}<\/script>\n<!-- \/ Yoast SEO plugin. -->","yoast_head_json":{"title":"Memoria de las Cenizas, premio Asecan 2013 Ex aequo. - Intermedia Producciones","robots":{"index":"index","follow":"follow","max-snippet":"max-snippet:-1","max-image-preview":"max-image-preview:large","max-video-preview":"max-video-preview:-1"},"canonical":"https:\/\/intermediaproducciones.com\/en\/memoria-de-las-cenizas-premio-asecan-2013-ex-aequo\/","og_locale":"en_GB","og_type":"article","og_title":"Memoria de las Cenizas, premio Asecan 2013 Ex aequo. - Intermedia Producciones","og_description":"El documental dirigido por Eduardo Montero y producido por Intermedia, consigue el premio Asecan 2013 mejor documental ex aequo junto a \u00ab30 a\u00f1os de oscuridad\u00bb, de Manuel H. Mart\u00edn (La Claqueta). Memoria de las cenizas (Eduardo Montero, para Intermedia Producciones) Este trabajo de Intermedia Producciones ofrece el testimonio desgarrador de cuatro supervivientes andaluces del horror [&hellip;]","og_url":"https:\/\/intermediaproducciones.com\/en\/memoria-de-las-cenizas-premio-asecan-2013-ex-aequo\/","og_site_name":"Intermedia Producciones","article_publisher":"https:\/\/www.facebook.com\/ProductoraIntermediaProducciones","article_published_time":"2013-01-17T10:29:31+00:00","article_modified_time":"2013-01-17T10:33:06+00:00","author":"Intermedia Producciones","twitter_card":"summary_large_image","twitter_misc":{"Written by":"Intermedia Producciones","Estimated reading time":"1 minute"},"schema":{"@context":"https:\/\/schema.org","@graph":[{"@type":"Article","@id":"https:\/\/intermediaproducciones.com\/memoria-de-las-cenizas-premio-asecan-2013-ex-aequo\/#article","isPartOf":{"@id":"https:\/\/intermediaproducciones.com\/memoria-de-las-cenizas-premio-asecan-2013-ex-aequo\/"},"author":{"name":"Intermedia Producciones","@id":"https:\/\/intermediaproducciones.com\/#\/schema\/person\/7a7d709e77f232e65f14762c0719bb0b"},"headline":"Memoria de las Cenizas, premio Asecan 2013 Ex aequo.","datePublished":"2013-01-17T10:29:31+00:00","dateModified":"2013-01-17T10:33:06+00:00","mainEntityOfPage":{"@id":"https:\/\/intermediaproducciones.com\/memoria-de-las-cenizas-premio-asecan-2013-ex-aequo\/"},"wordCount":140,"commentCount":0,"publisher":{"@id":"https:\/\/intermediaproducciones.com\/#organization"},"keywords":["\u00c1ngel del R\u00edo","asecan","Eduardo Montero","intermedia producciones","Memoria de las Cenizas","premios asecan"],"articleSection":["Actualidad","Premios"],"inLanguage":"en-GB"},{"@type":"WebPage","@id":"https:\/\/intermediaproducciones.com\/memoria-de-las-cenizas-premio-asecan-2013-ex-aequo\/","url":"https:\/\/intermediaproducciones.com\/memoria-de-las-cenizas-premio-asecan-2013-ex-aequo\/","name":"Memoria de las Cenizas, premio Asecan 2013 Ex aequo. - Intermedia Producciones","isPartOf":{"@id":"https:\/\/intermediaproducciones.com\/#website"},"datePublished":"2013-01-17T10:29:31+00:00","dateModified":"2013-01-17T10:33:06+00:00","breadcrumb":{"@id":"https:\/\/intermediaproducciones.com\/memoria-de-las-cenizas-premio-asecan-2013-ex-aequo\/#breadcrumb"},"inLanguage":"en-GB","potentialAction":[{"@type":"ReadAction","target":["https:\/\/intermediaproducciones.com\/memoria-de-las-cenizas-premio-asecan-2013-ex-aequo\/"]}]},{"@type":"BreadcrumbList","@id":"https:\/\/intermediaproducciones.com\/memoria-de-las-cenizas-premio-asecan-2013-ex-aequo\/#breadcrumb","itemListElement":[{"@type":"ListItem","position":1,"name":"Portada","item":"https:\/\/intermediaproducciones.com\/"},{"@type":"ListItem","position":2,"name":"Memoria de las Cenizas, premio Asecan 2013 Ex aequo."}]},{"@type":"WebSite","@id":"https:\/\/intermediaproducciones.com\/#website","url":"https:\/\/intermediaproducciones.com\/","name":"Intermedia Producciones","description":"Miradas, Visiones y Realidades","publisher":{"@id":"https:\/\/intermediaproducciones.com\/#organization"},"potentialAction":[{"@type":"SearchAction","target":{"@type":"EntryPoint","urlTemplate":"https:\/\/intermediaproducciones.com\/?s={search_term_string}"},"query-input":{"@type":"PropertyValueSpecification","valueRequired":true,"valueName":"search_term_string"}}],"inLanguage":"en-GB"},{"@type":"Organization","@id":"https:\/\/intermediaproducciones.com\/#organization","name":"Intermedia Producciones","url":"https:\/\/intermediaproducciones.com\/","logo":{"@type":"ImageObject","inLanguage":"en-GB","@id":"https:\/\/intermediaproducciones.com\/#\/schema\/logo\/image\/","url":"https:\/\/intermediaproducciones.com\/wp-content\/uploads\/2019\/02\/logo_intermedia.png","contentUrl":"https:\/\/intermediaproducciones.com\/wp-content\/uploads\/2019\/02\/logo_intermedia.png","width":199,"height":216,"caption":"Intermedia Producciones"},"image":{"@id":"https:\/\/intermediaproducciones.com\/#\/schema\/logo\/image\/"},"sameAs":["https:\/\/www.facebook.com\/ProductoraIntermediaProducciones","https:\/\/vimeo.com\/intermedia","https:\/\/www.youtube.com\/user\/IntermediaProd","https:\/\/www.instagram.com\/intermediaproducciones\/","https:\/\/www.linkedin.com\/company\/intermedia-producciones\/"]},{"@type":"Person","@id":"https:\/\/intermediaproducciones.com\/#\/schema\/person\/7a7d709e77f232e65f14762c0719bb0b","name":"Intermedia Producciones","image":{"@type":"ImageObject","inLanguage":"en-GB","@id":"https:\/\/intermediaproducciones.com\/#\/schema\/person\/image\/","url":"https:\/\/secure.gravatar.com\/avatar\/?s=96&d=blank&r=g","contentUrl":"https:\/\/secure.gravatar.com\/avatar\/?s=96&d=blank&r=g","caption":"Intermedia Producciones"},"url":"https:\/\/intermediaproducciones.com\/en\/author\/intermedia-producciones\/"}]}},"_links":{"self":[{"href":"https:\/\/intermediaproducciones.com\/en\/wp-json\/wp\/v2\/posts\/1526","targetHints":{"allow":["GET"]}}],"collection":[{"href":"https:\/\/intermediaproducciones.com\/en\/wp-json\/wp\/v2\/posts"}],"about":[{"href":"https:\/\/intermediaproducciones.com\/en\/wp-json\/wp\/v2\/types\/post"}],"author":[{"embeddable":true,"href":"https:\/\/intermediaproducciones.com\/en\/wp-json\/wp\/v2\/users\/1"}],"replies":[{"embeddable":true,"href":"https:\/\/intermediaproducciones.com\/en\/wp-json\/wp\/v2\/comments?post=1526"}],"version-history":[{"count":17,"href":"https:\/\/intermediaproducciones.com\/en\/wp-json\/wp\/v2\/posts\/1526\/revisions"}],"predecessor-version":[{"id":1540,"href":"https:\/\/intermediaproducciones.com\/en\/wp-json\/wp\/v2\/posts\/1526\/revisions\/1540"}],"wp:attachment":[{"href":"https:\/\/intermediaproducciones.com\/en\/wp-json\/wp\/v2\/media?parent=1526"}],"wp:term":[{"taxonomy":"category","embeddable":true,"href":"https:\/\/intermediaproducciones.com\/en\/wp-json\/wp\/v2\/categories?post=1526"},{"taxonomy":"post_tag","embeddable":true,"href":"https:\/\/intermediaproducciones.com\/en\/wp-json\/wp\/v2\/tags?post=1526"}],"curies":[{"name":"wp","href":"https:\/\/api.w.org\/{rel}","templated":true}]}}