{"id":1585,"date":"2013-05-16T21:40:25","date_gmt":"2013-05-16T21:40:25","guid":{"rendered":"https:\/\/intermediaproducciones.com\/?p=1585"},"modified":"2013-05-16T21:42:26","modified_gmt":"2013-05-16T21:42:26","slug":"gracias-otra-vez","status":"publish","type":"post","link":"https:\/\/intermediaproducciones.com\/en\/gracias-otra-vez\/","title":{"rendered":"\u00a1Gracias otra vez!"},"content":{"rendered":"<p>Hola a tod@s,<\/p>\n<p>En primer lugar quer\u00edamos agradecer a las personas que han acudido al estreno en Guillena y la presentaci\u00f3n en el CICUS, la c\u00e1lida acogida que le hab\u00e9is dado al documental. Nos llena de alegr\u00eda, emoci\u00f3n y fuerza para seguir.<\/p>\n<p>A l@s que hab\u00e9is participado en la campa\u00f1a de financiaci\u00f3n colectiva y no hab\u00e9is podido venir, deseamos que os guste cuando lo recib\u00e1is.<\/p>\n<p>Las entregas en Sevilla las estamos realizando a domicilio y esperamos terminarlas ma\u00f1ana.<\/p>\n<p>En cuanto a los env\u00edos postales, los hemos hecho hoy. En principio deber\u00edan llegar por correo ordinario el lunes. Para los de fuera del estado el plazo es de una semana aproximadamente.<\/p>\n<p>L@s que ten\u00e9is un bono, pod\u00e9is canjearlo por el DVD en la librer\u00eda La Fuga (C\/ Conde de Torrej\u00f3n 4, junto a la Alameda de H\u00e9rcules). All\u00ed tambi\u00e9n se encuentran a la venta.<\/p>\n<p>Avisadnos si se produce cualquier incidencia en alguno de estos casos.<\/p>\n<p>\u00a1Y much\u00edsimas gracias de nuevo por vuestro apoyo, sin \u00e9l no habr\u00edamos podido realizar este trabajo!<\/p>\n<p>Un fuerte abrazo<\/p>\n<p>INTERMEDIA PRODUCCIONES<\/p>\n<p><img loading=\"lazy\" decoding=\"async\" class=\"img-frame alignleft\" src=\"https:\/\/intermediaproducciones.com\/https:\/\/intermediaproducciones.com\/wp-content\/uploads\/2013\/05\/paquetes.jpg\" alt=\"\" width=\"646\" height=\"375\" \/><\/p>","protected":false},"excerpt":{"rendered":"<p>Hola a tod@s, En primer lugar quer\u00edamos agradecer a las personas que han acudido al estreno en Guillena y la presentaci\u00f3n en el CICUS, la c\u00e1lida acogida que le hab\u00e9is dado al documental. Nos llena de alegr\u00eda, emoci\u00f3n y fuerza para seguir. A l@s que hab\u00e9is participado en la campa\u00f1a de financiaci\u00f3n colectiva y no [&hellip;]<\/p>","protected":false},"author":1,"featured_media":0,"comment_status":"open","ping_status":"open","sticky":false,"template":"","format":"standard","meta":{"_acf_changed":false,"footnotes":""},"categories":[11,18],"tags":[27,118,117,24],"class_list":["post-1585","post","type-post","status-publish","format-standard","hentry","category-actualidad","category-comunicacion","tag-17-rosas-de-guillena","tag-documental","tag-guillena-1937","tag-intermedia-producciones"],"acf":[],"yoast_head":"<!-- This site is optimized with the Yoast SEO plugin v25.3.1 - https:\/\/yoast.com\/wordpress\/plugins\/seo\/ -->\n<title>\u00a1Gracias otra vez! - Intermedia Producciones<\/title>\n<meta name=\"robots\" content=\"index, follow, max-snippet:-1, max-image-preview:large, max-video-preview:-1\" \/>\n<link rel=\"canonical\" href=\"https:\/\/intermediaproducciones.com\/en\/gracias-otra-vez\/\" \/>\n<meta property=\"og:locale\" content=\"en_GB\" \/>\n<meta property=\"og:type\" content=\"article\" \/>\n<meta property=\"og:title\" content=\"\u00a1Gracias otra vez! - Intermedia Producciones\" \/>\n<meta property=\"og:description\" content=\"Hola a tod@s, En primer lugar quer\u00edamos agradecer a las personas que han acudido al estreno en Guillena y la presentaci\u00f3n en el CICUS, la c\u00e1lida acogida que le hab\u00e9is dado al documental. Nos llena de alegr\u00eda, emoci\u00f3n y fuerza para seguir. A l@s que hab\u00e9is participado en la campa\u00f1a de financiaci\u00f3n colectiva y no [&hellip;]\" \/>\n<meta property=\"og:url\" content=\"https:\/\/intermediaproducciones.com\/en\/gracias-otra-vez\/\" \/>\n<meta property=\"og:site_name\" content=\"Intermedia Producciones\" \/>\n<meta property=\"article:publisher\" content=\"https:\/\/www.facebook.com\/ProductoraIntermediaProducciones\" \/>\n<meta property=\"article:published_time\" content=\"2013-05-16T21:40:25+00:00\" \/>\n<meta property=\"article:modified_time\" content=\"2013-05-16T21:42:26+00:00\" \/>\n<meta property=\"og:image\" content=\"https:\/\/intermediaproducciones.com\/https:\/\/intermediaproducciones.com\/wp-content\/uploads\/2013\/05\/paquetes.jpg\" \/>\n<meta name=\"author\" content=\"Intermedia Producciones\" \/>\n<meta name=\"twitter:card\" content=\"summary_large_image\" \/>\n<meta name=\"twitter:label1\" content=\"Written by\" \/>\n\t<meta name=\"twitter:data1\" content=\"Intermedia Producciones\" \/>\n\t<meta name=\"twitter:label2\" content=\"Estimated reading time\" \/>\n\t<meta name=\"twitter:data2\" content=\"1 minute\" \/>\n<script type=\"application\/ld+json\" class=\"yoast-schema-graph\">{\"@context\":\"https:\/\/schema.org\",\"@graph\":[{\"@type\":\"Article\",\"@id\":\"https:\/\/intermediaproducciones.com\/en\/gracias-otra-vez\/#article\",\"isPartOf\":{\"@id\":\"https:\/\/intermediaproducciones.com\/en\/gracias-otra-vez\/\"},\"author\":{\"name\":\"Intermedia Producciones\",\"@id\":\"https:\/\/intermediaproducciones.com\/#\/schema\/person\/7a7d709e77f232e65f14762c0719bb0b\"},\"headline\":\"\u00a1Gracias otra vez!\",\"datePublished\":\"2013-05-16T21:40:25+00:00\",\"dateModified\":\"2013-05-16T21:42:26+00:00\",\"mainEntityOfPage\":{\"@id\":\"https:\/\/intermediaproducciones.com\/en\/gracias-otra-vez\/\"},\"wordCount\":202,\"commentCount\":0,\"publisher\":{\"@id\":\"https:\/\/intermediaproducciones.com\/#organization\"},\"image\":{\"@id\":\"https:\/\/intermediaproducciones.com\/en\/gracias-otra-vez\/#primaryimage\"},\"thumbnailUrl\":\"https:\/\/intermediaproducciones.com\/https:\/\/intermediaproducciones.com\/wp-content\/uploads\/2013\/05\/paquetes.jpg\",\"keywords\":[\"17 rosas de guillena\",\"documental\",\"Guillena 1937\",\"intermedia producciones\"],\"articleSection\":[\"Actualidad\",\"Comunicaci\u00f3n\"],\"inLanguage\":\"en-GB\"},{\"@type\":\"WebPage\",\"@id\":\"https:\/\/intermediaproducciones.com\/en\/gracias-otra-vez\/\",\"url\":\"https:\/\/intermediaproducciones.com\/en\/gracias-otra-vez\/\",\"name\":\"\u00a1Gracias otra vez! - Intermedia Producciones\",\"isPartOf\":{\"@id\":\"https:\/\/intermediaproducciones.com\/#website\"},\"primaryImageOfPage\":{\"@id\":\"https:\/\/intermediaproducciones.com\/en\/gracias-otra-vez\/#primaryimage\"},\"image\":{\"@id\":\"https:\/\/intermediaproducciones.com\/en\/gracias-otra-vez\/#primaryimage\"},\"thumbnailUrl\":\"https:\/\/intermediaproducciones.com\/https:\/\/intermediaproducciones.com\/wp-content\/uploads\/2013\/05\/paquetes.jpg\",\"datePublished\":\"2013-05-16T21:40:25+00:00\",\"dateModified\":\"2013-05-16T21:42:26+00:00\",\"breadcrumb\":{\"@id\":\"https:\/\/intermediaproducciones.com\/en\/gracias-otra-vez\/#breadcrumb\"},\"inLanguage\":\"en-GB\",\"potentialAction\":[{\"@type\":\"ReadAction\",\"target\":[\"https:\/\/intermediaproducciones.com\/en\/gracias-otra-vez\/\"]}]},{\"@type\":\"ImageObject\",\"inLanguage\":\"en-GB\",\"@id\":\"https:\/\/intermediaproducciones.com\/en\/gracias-otra-vez\/#primaryimage\",\"url\":\"https:\/\/intermediaproducciones.com\/https:\/\/intermediaproducciones.com\/wp-content\/uploads\/2013\/05\/paquetes.jpg\",\"contentUrl\":\"https:\/\/intermediaproducciones.com\/https:\/\/intermediaproducciones.com\/wp-content\/uploads\/2013\/05\/paquetes.jpg\"},{\"@type\":\"BreadcrumbList\",\"@id\":\"https:\/\/intermediaproducciones.com\/en\/gracias-otra-vez\/#breadcrumb\",\"itemListElement\":[{\"@type\":\"ListItem\",\"position\":1,\"name\":\"Portada\",\"item\":\"https:\/\/intermediaproducciones.com\/\"},{\"@type\":\"ListItem\",\"position\":2,\"name\":\"\u00a1Gracias otra vez!\"}]},{\"@type\":\"WebSite\",\"@id\":\"https:\/\/intermediaproducciones.com\/#website\",\"url\":\"https:\/\/intermediaproducciones.com\/\",\"name\":\"Intermedia Producciones\",\"description\":\"Miradas, Visiones y Realidades\",\"publisher\":{\"@id\":\"https:\/\/intermediaproducciones.com\/#organization\"},\"potentialAction\":[{\"@type\":\"SearchAction\",\"target\":{\"@type\":\"EntryPoint\",\"urlTemplate\":\"https:\/\/intermediaproducciones.com\/?s={search_term_string}\"},\"query-input\":{\"@type\":\"PropertyValueSpecification\",\"valueRequired\":true,\"valueName\":\"search_term_string\"}}],\"inLanguage\":\"en-GB\"},{\"@type\":\"Organization\",\"@id\":\"https:\/\/intermediaproducciones.com\/#organization\",\"name\":\"Intermedia Producciones\",\"url\":\"https:\/\/intermediaproducciones.com\/\",\"logo\":{\"@type\":\"ImageObject\",\"inLanguage\":\"en-GB\",\"@id\":\"https:\/\/intermediaproducciones.com\/#\/schema\/logo\/image\/\",\"url\":\"https:\/\/intermediaproducciones.com\/wp-content\/uploads\/2019\/02\/logo_intermedia.png\",\"contentUrl\":\"https:\/\/intermediaproducciones.com\/wp-content\/uploads\/2019\/02\/logo_intermedia.png\",\"width\":199,\"height\":216,\"caption\":\"Intermedia Producciones\"},\"image\":{\"@id\":\"https:\/\/intermediaproducciones.com\/#\/schema\/logo\/image\/\"},\"sameAs\":[\"https:\/\/www.facebook.com\/ProductoraIntermediaProducciones\",\"https:\/\/vimeo.com\/intermedia\",\"https:\/\/www.youtube.com\/user\/IntermediaProd\",\"https:\/\/www.instagram.com\/intermediaproducciones\/\",\"https:\/\/www.linkedin.com\/company\/intermedia-producciones\/\"]},{\"@type\":\"Person\",\"@id\":\"https:\/\/intermediaproducciones.com\/#\/schema\/person\/7a7d709e77f232e65f14762c0719bb0b\",\"name\":\"Intermedia Producciones\",\"image\":{\"@type\":\"ImageObject\",\"inLanguage\":\"en-GB\",\"@id\":\"https:\/\/intermediaproducciones.com\/#\/schema\/person\/image\/\",\"url\":\"https:\/\/secure.gravatar.com\/avatar\/?s=96&d=blank&r=g\",\"contentUrl\":\"https:\/\/secure.gravatar.com\/avatar\/?s=96&d=blank&r=g\",\"caption\":\"Intermedia Producciones\"},\"url\":\"https:\/\/intermediaproducciones.com\/en\/author\/intermedia-producciones\/\"}]}<\/script>\n<!-- \/ Yoast SEO plugin. -->","yoast_head_json":{"title":"\u00a1Gracias otra vez! - Intermedia Producciones","robots":{"index":"index","follow":"follow","max-snippet":"max-snippet:-1","max-image-preview":"max-image-preview:large","max-video-preview":"max-video-preview:-1"},"canonical":"https:\/\/intermediaproducciones.com\/en\/gracias-otra-vez\/","og_locale":"en_GB","og_type":"article","og_title":"\u00a1Gracias otra vez! - Intermedia Producciones","og_description":"Hola a tod@s, En primer lugar quer\u00edamos agradecer a las personas que han acudido al estreno en Guillena y la presentaci\u00f3n en el CICUS, la c\u00e1lida acogida que le hab\u00e9is dado al documental. Nos llena de alegr\u00eda, emoci\u00f3n y fuerza para seguir. A l@s que hab\u00e9is participado en la campa\u00f1a de financiaci\u00f3n colectiva y no [&hellip;]","og_url":"https:\/\/intermediaproducciones.com\/en\/gracias-otra-vez\/","og_site_name":"Intermedia Producciones","article_publisher":"https:\/\/www.facebook.com\/ProductoraIntermediaProducciones","article_published_time":"2013-05-16T21:40:25+00:00","article_modified_time":"2013-05-16T21:42:26+00:00","og_image":[{"url":"https:\/\/intermediaproducciones.com\/https:\/\/intermediaproducciones.com\/wp-content\/uploads\/2013\/05\/paquetes.jpg","type":"","width":"","height":""}],"author":"Intermedia Producciones","twitter_card":"summary_large_image","twitter_misc":{"Written by":"Intermedia Producciones","Estimated reading time":"1 minute"},"schema":{"@context":"https:\/\/schema.org","@graph":[{"@type":"Article","@id":"https:\/\/intermediaproducciones.com\/en\/gracias-otra-vez\/#article","isPartOf":{"@id":"https:\/\/intermediaproducciones.com\/en\/gracias-otra-vez\/"},"author":{"name":"Intermedia Producciones","@id":"https:\/\/intermediaproducciones.com\/#\/schema\/person\/7a7d709e77f232e65f14762c0719bb0b"},"headline":"\u00a1Gracias otra vez!","datePublished":"2013-05-16T21:40:25+00:00","dateModified":"2013-05-16T21:42:26+00:00","mainEntityOfPage":{"@id":"https:\/\/intermediaproducciones.com\/en\/gracias-otra-vez\/"},"wordCount":202,"commentCount":0,"publisher":{"@id":"https:\/\/intermediaproducciones.com\/#organization"},"image":{"@id":"https:\/\/intermediaproducciones.com\/en\/gracias-otra-vez\/#primaryimage"},"thumbnailUrl":"https:\/\/intermediaproducciones.com\/https:\/\/intermediaproducciones.com\/wp-content\/uploads\/2013\/05\/paquetes.jpg","keywords":["17 rosas de guillena","documental","Guillena 1937","intermedia producciones"],"articleSection":["Actualidad","Comunicaci\u00f3n"],"inLanguage":"en-GB"},{"@type":"WebPage","@id":"https:\/\/intermediaproducciones.com\/en\/gracias-otra-vez\/","url":"https:\/\/intermediaproducciones.com\/en\/gracias-otra-vez\/","name":"\u00a1Gracias otra vez! - Intermedia Producciones","isPartOf":{"@id":"https:\/\/intermediaproducciones.com\/#website"},"primaryImageOfPage":{"@id":"https:\/\/intermediaproducciones.com\/en\/gracias-otra-vez\/#primaryimage"},"image":{"@id":"https:\/\/intermediaproducciones.com\/en\/gracias-otra-vez\/#primaryimage"},"thumbnailUrl":"https:\/\/intermediaproducciones.com\/https:\/\/intermediaproducciones.com\/wp-content\/uploads\/2013\/05\/paquetes.jpg","datePublished":"2013-05-16T21:40:25+00:00","dateModified":"2013-05-16T21:42:26+00:00","breadcrumb":{"@id":"https:\/\/intermediaproducciones.com\/en\/gracias-otra-vez\/#breadcrumb"},"inLanguage":"en-GB","potentialAction":[{"@type":"ReadAction","target":["https:\/\/intermediaproducciones.com\/en\/gracias-otra-vez\/"]}]},{"@type":"ImageObject","inLanguage":"en-GB","@id":"https:\/\/intermediaproducciones.com\/en\/gracias-otra-vez\/#primaryimage","url":"https:\/\/intermediaproducciones.com\/https:\/\/intermediaproducciones.com\/wp-content\/uploads\/2013\/05\/paquetes.jpg","contentUrl":"https:\/\/intermediaproducciones.com\/https:\/\/intermediaproducciones.com\/wp-content\/uploads\/2013\/05\/paquetes.jpg"},{"@type":"BreadcrumbList","@id":"https:\/\/intermediaproducciones.com\/en\/gracias-otra-vez\/#breadcrumb","itemListElement":[{"@type":"ListItem","position":1,"name":"Portada","item":"https:\/\/intermediaproducciones.com\/"},{"@type":"ListItem","position":2,"name":"\u00a1Gracias otra vez!"}]},{"@type":"WebSite","@id":"https:\/\/intermediaproducciones.com\/#website","url":"https:\/\/intermediaproducciones.com\/","name":"Intermedia Producciones","description":"Miradas, Visiones y Realidades","publisher":{"@id":"https:\/\/intermediaproducciones.com\/#organization"},"potentialAction":[{"@type":"SearchAction","target":{"@type":"EntryPoint","urlTemplate":"https:\/\/intermediaproducciones.com\/?s={search_term_string}"},"query-input":{"@type":"PropertyValueSpecification","valueRequired":true,"valueName":"search_term_string"}}],"inLanguage":"en-GB"},{"@type":"Organization","@id":"https:\/\/intermediaproducciones.com\/#organization","name":"Intermedia Producciones","url":"https:\/\/intermediaproducciones.com\/","logo":{"@type":"ImageObject","inLanguage":"en-GB","@id":"https:\/\/intermediaproducciones.com\/#\/schema\/logo\/image\/","url":"https:\/\/intermediaproducciones.com\/wp-content\/uploads\/2019\/02\/logo_intermedia.png","contentUrl":"https:\/\/intermediaproducciones.com\/wp-content\/uploads\/2019\/02\/logo_intermedia.png","width":199,"height":216,"caption":"Intermedia Producciones"},"image":{"@id":"https:\/\/intermediaproducciones.com\/#\/schema\/logo\/image\/"},"sameAs":["https:\/\/www.facebook.com\/ProductoraIntermediaProducciones","https:\/\/vimeo.com\/intermedia","https:\/\/www.youtube.com\/user\/IntermediaProd","https:\/\/www.instagram.com\/intermediaproducciones\/","https:\/\/www.linkedin.com\/company\/intermedia-producciones\/"]},{"@type":"Person","@id":"https:\/\/intermediaproducciones.com\/#\/schema\/person\/7a7d709e77f232e65f14762c0719bb0b","name":"Intermedia Producciones","image":{"@type":"ImageObject","inLanguage":"en-GB","@id":"https:\/\/intermediaproducciones.com\/#\/schema\/person\/image\/","url":"https:\/\/secure.gravatar.com\/avatar\/?s=96&d=blank&r=g","contentUrl":"https:\/\/secure.gravatar.com\/avatar\/?s=96&d=blank&r=g","caption":"Intermedia Producciones"},"url":"https:\/\/intermediaproducciones.com\/en\/author\/intermedia-producciones\/"}]}},"_links":{"self":[{"href":"https:\/\/intermediaproducciones.com\/en\/wp-json\/wp\/v2\/posts\/1585","targetHints":{"allow":["GET"]}}],"collection":[{"href":"https:\/\/intermediaproducciones.com\/en\/wp-json\/wp\/v2\/posts"}],"about":[{"href":"https:\/\/intermediaproducciones.com\/en\/wp-json\/wp\/v2\/types\/post"}],"author":[{"embeddable":true,"href":"https:\/\/intermediaproducciones.com\/en\/wp-json\/wp\/v2\/users\/1"}],"replies":[{"embeddable":true,"href":"https:\/\/intermediaproducciones.com\/en\/wp-json\/wp\/v2\/comments?post=1585"}],"version-history":[{"count":3,"href":"https:\/\/intermediaproducciones.com\/en\/wp-json\/wp\/v2\/posts\/1585\/revisions"}],"predecessor-version":[{"id":1587,"href":"https:\/\/intermediaproducciones.com\/en\/wp-json\/wp\/v2\/posts\/1585\/revisions\/1587"}],"wp:attachment":[{"href":"https:\/\/intermediaproducciones.com\/en\/wp-json\/wp\/v2\/media?parent=1585"}],"wp:term":[{"taxonomy":"category","embeddable":true,"href":"https:\/\/intermediaproducciones.com\/en\/wp-json\/wp\/v2\/categories?post=1585"},{"taxonomy":"post_tag","embeddable":true,"href":"https:\/\/intermediaproducciones.com\/en\/wp-json\/wp\/v2\/tags?post=1585"}],"curies":[{"name":"wp","href":"https:\/\/api.w.org\/{rel}","templated":true}]}}