{"id":1641,"date":"2013-07-30T13:18:35","date_gmt":"2013-07-30T13:18:35","guid":{"rendered":"https:\/\/intermediaproducciones.com\/?p=1641"},"modified":"2013-07-30T13:18:35","modified_gmt":"2013-07-30T13:18:35","slug":"todos-los-documentales-de-intermedia-en-la-red","status":"publish","type":"post","link":"https:\/\/intermediaproducciones.com\/en\/todos-los-documentales-de-intermedia-en-la-red\/","title":{"rendered":"TODOS LOS DOCUMENTALES DE INTERMEDIA EN LA RED"},"content":{"rendered":"<p>Durante los \u00faltimos meses hemos ido colgando todas nuestras producciones en <a href=\"https:\/\/intermediaproducciones.com\/en\/producciones\/\" target=\"_blank\">https:\/\/intermediaproducciones.com\/producciones<\/a><\/p>\n<p>All\u00ed pod\u00e9is ver de forma gratuita la mayor parte de nuestro trabajo, con la posibilidad de hacer aportaciones voluntarias para el mantenimiento de la p\u00e1gina.<\/p>\n<p>Nuestros tres \u00faltimos documentales (GUILLENA 1937, MEMORIA DE LAS CENIZAS y LA MADRE SOLA) son los \u00fanicos en modalidad de pago por visi\u00f3n (2,30 \u20ac).<\/p>\n<p>Si os parece oportuno, nos gustar\u00eda que lo compartierais\/divulgarais.<\/p>\n<p>\u00a1\u00a1\u00a1Gracias!!!<\/p>","protected":false},"excerpt":{"rendered":"<p>Durante los \u00faltimos meses hemos ido colgando todas nuestras producciones en https:\/\/intermediaproducciones.com\/producciones All\u00ed pod\u00e9is ver de forma gratuita la mayor parte de nuestro trabajo, con la posibilidad de hacer aportaciones voluntarias para el mantenimiento de la p\u00e1gina. Nuestros tres \u00faltimos documentales (GUILLENA 1937, MEMORIA DE LAS CENIZAS y LA MADRE SOLA) son los \u00fanicos en [&hellip;]<\/p>","protected":false},"author":1,"featured_media":0,"comment_status":"open","ping_status":"open","sticky":false,"template":"","format":"standard","meta":{"_acf_changed":false,"footnotes":""},"categories":[11,18],"tags":[118,117,24,102,28],"class_list":["post-1641","post","type-post","status-publish","format-standard","hentry","category-actualidad","category-comunicacion","tag-documental","tag-guillena-1937","tag-intermedia-producciones","tag-memoria-de-las-cenizas","tag-memoria-historica"],"acf":[],"yoast_head":"<!-- This site is optimized with the Yoast SEO plugin v25.3.1 - https:\/\/yoast.com\/wordpress\/plugins\/seo\/ -->\n<title>TODOS LOS DOCUMENTALES DE INTERMEDIA EN LA RED - Intermedia Producciones<\/title>\n<meta name=\"robots\" content=\"index, follow, max-snippet:-1, max-image-preview:large, max-video-preview:-1\" \/>\n<link rel=\"canonical\" href=\"https:\/\/intermediaproducciones.com\/en\/todos-los-documentales-de-intermedia-en-la-red\/\" \/>\n<meta property=\"og:locale\" content=\"en_GB\" \/>\n<meta property=\"og:type\" content=\"article\" \/>\n<meta property=\"og:title\" content=\"TODOS LOS DOCUMENTALES DE INTERMEDIA EN LA RED - Intermedia Producciones\" \/>\n<meta property=\"og:description\" content=\"Durante los \u00faltimos meses hemos ido colgando todas nuestras producciones en https:\/\/intermediaproducciones.com\/producciones All\u00ed pod\u00e9is ver de forma gratuita la mayor parte de nuestro trabajo, con la posibilidad de hacer aportaciones voluntarias para el mantenimiento de la p\u00e1gina. Nuestros tres \u00faltimos documentales (GUILLENA 1937, MEMORIA DE LAS CENIZAS y LA MADRE SOLA) son los \u00fanicos en [&hellip;]\" \/>\n<meta property=\"og:url\" content=\"https:\/\/intermediaproducciones.com\/en\/todos-los-documentales-de-intermedia-en-la-red\/\" \/>\n<meta property=\"og:site_name\" content=\"Intermedia Producciones\" \/>\n<meta property=\"article:publisher\" content=\"https:\/\/www.facebook.com\/ProductoraIntermediaProducciones\" \/>\n<meta property=\"article:published_time\" content=\"2013-07-30T13:18:35+00:00\" \/>\n<meta name=\"author\" content=\"Intermedia Producciones\" \/>\n<meta name=\"twitter:card\" content=\"summary_large_image\" \/>\n<meta name=\"twitter:label1\" content=\"Written by\" \/>\n\t<meta name=\"twitter:data1\" content=\"Intermedia Producciones\" \/>\n<script type=\"application\/ld+json\" class=\"yoast-schema-graph\">{\"@context\":\"https:\/\/schema.org\",\"@graph\":[{\"@type\":\"Article\",\"@id\":\"https:\/\/intermediaproducciones.com\/todos-los-documentales-de-intermedia-en-la-red\/#article\",\"isPartOf\":{\"@id\":\"https:\/\/intermediaproducciones.com\/todos-los-documentales-de-intermedia-en-la-red\/\"},\"author\":{\"name\":\"Intermedia Producciones\",\"@id\":\"https:\/\/intermediaproducciones.com\/#\/schema\/person\/7a7d709e77f232e65f14762c0719bb0b\"},\"headline\":\"TODOS LOS DOCUMENTALES DE INTERMEDIA EN LA RED\",\"datePublished\":\"2013-07-30T13:18:35+00:00\",\"mainEntityOfPage\":{\"@id\":\"https:\/\/intermediaproducciones.com\/todos-los-documentales-de-intermedia-en-la-red\/\"},\"wordCount\":85,\"commentCount\":0,\"publisher\":{\"@id\":\"https:\/\/intermediaproducciones.com\/#organization\"},\"keywords\":[\"documental\",\"Guillena 1937\",\"intermedia producciones\",\"Memoria de las Cenizas\",\"memoria hist\u00f3rica\"],\"articleSection\":[\"Actualidad\",\"Comunicaci\u00f3n\"],\"inLanguage\":\"en-GB\"},{\"@type\":\"WebPage\",\"@id\":\"https:\/\/intermediaproducciones.com\/todos-los-documentales-de-intermedia-en-la-red\/\",\"url\":\"https:\/\/intermediaproducciones.com\/todos-los-documentales-de-intermedia-en-la-red\/\",\"name\":\"TODOS LOS DOCUMENTALES DE INTERMEDIA EN LA RED - Intermedia Producciones\",\"isPartOf\":{\"@id\":\"https:\/\/intermediaproducciones.com\/#website\"},\"datePublished\":\"2013-07-30T13:18:35+00:00\",\"breadcrumb\":{\"@id\":\"https:\/\/intermediaproducciones.com\/todos-los-documentales-de-intermedia-en-la-red\/#breadcrumb\"},\"inLanguage\":\"en-GB\",\"potentialAction\":[{\"@type\":\"ReadAction\",\"target\":[\"https:\/\/intermediaproducciones.com\/todos-los-documentales-de-intermedia-en-la-red\/\"]}]},{\"@type\":\"BreadcrumbList\",\"@id\":\"https:\/\/intermediaproducciones.com\/todos-los-documentales-de-intermedia-en-la-red\/#breadcrumb\",\"itemListElement\":[{\"@type\":\"ListItem\",\"position\":1,\"name\":\"Portada\",\"item\":\"https:\/\/intermediaproducciones.com\/\"},{\"@type\":\"ListItem\",\"position\":2,\"name\":\"TODOS LOS DOCUMENTALES DE INTERMEDIA EN LA RED\"}]},{\"@type\":\"WebSite\",\"@id\":\"https:\/\/intermediaproducciones.com\/#website\",\"url\":\"https:\/\/intermediaproducciones.com\/\",\"name\":\"Intermedia Producciones\",\"description\":\"Miradas, Visiones y Realidades\",\"publisher\":{\"@id\":\"https:\/\/intermediaproducciones.com\/#organization\"},\"potentialAction\":[{\"@type\":\"SearchAction\",\"target\":{\"@type\":\"EntryPoint\",\"urlTemplate\":\"https:\/\/intermediaproducciones.com\/?s={search_term_string}\"},\"query-input\":{\"@type\":\"PropertyValueSpecification\",\"valueRequired\":true,\"valueName\":\"search_term_string\"}}],\"inLanguage\":\"en-GB\"},{\"@type\":\"Organization\",\"@id\":\"https:\/\/intermediaproducciones.com\/#organization\",\"name\":\"Intermedia Producciones\",\"url\":\"https:\/\/intermediaproducciones.com\/\",\"logo\":{\"@type\":\"ImageObject\",\"inLanguage\":\"en-GB\",\"@id\":\"https:\/\/intermediaproducciones.com\/#\/schema\/logo\/image\/\",\"url\":\"https:\/\/intermediaproducciones.com\/wp-content\/uploads\/2019\/02\/logo_intermedia.png\",\"contentUrl\":\"https:\/\/intermediaproducciones.com\/wp-content\/uploads\/2019\/02\/logo_intermedia.png\",\"width\":199,\"height\":216,\"caption\":\"Intermedia Producciones\"},\"image\":{\"@id\":\"https:\/\/intermediaproducciones.com\/#\/schema\/logo\/image\/\"},\"sameAs\":[\"https:\/\/www.facebook.com\/ProductoraIntermediaProducciones\",\"https:\/\/vimeo.com\/intermedia\",\"https:\/\/www.youtube.com\/user\/IntermediaProd\",\"https:\/\/www.instagram.com\/intermediaproducciones\/\",\"https:\/\/www.linkedin.com\/company\/intermedia-producciones\/\"]},{\"@type\":\"Person\",\"@id\":\"https:\/\/intermediaproducciones.com\/#\/schema\/person\/7a7d709e77f232e65f14762c0719bb0b\",\"name\":\"Intermedia Producciones\",\"image\":{\"@type\":\"ImageObject\",\"inLanguage\":\"en-GB\",\"@id\":\"https:\/\/intermediaproducciones.com\/#\/schema\/person\/image\/\",\"url\":\"https:\/\/secure.gravatar.com\/avatar\/?s=96&d=blank&r=g\",\"contentUrl\":\"https:\/\/secure.gravatar.com\/avatar\/?s=96&d=blank&r=g\",\"caption\":\"Intermedia Producciones\"},\"url\":\"https:\/\/intermediaproducciones.com\/en\/author\/intermedia-producciones\/\"}]}<\/script>\n<!-- \/ Yoast SEO plugin. -->","yoast_head_json":{"title":"TODOS LOS DOCUMENTALES DE INTERMEDIA EN LA RED - Intermedia Producciones","robots":{"index":"index","follow":"follow","max-snippet":"max-snippet:-1","max-image-preview":"max-image-preview:large","max-video-preview":"max-video-preview:-1"},"canonical":"https:\/\/intermediaproducciones.com\/en\/todos-los-documentales-de-intermedia-en-la-red\/","og_locale":"en_GB","og_type":"article","og_title":"TODOS LOS DOCUMENTALES DE INTERMEDIA EN LA RED - Intermedia Producciones","og_description":"Durante los \u00faltimos meses hemos ido colgando todas nuestras producciones en https:\/\/intermediaproducciones.com\/producciones All\u00ed pod\u00e9is ver de forma gratuita la mayor parte de nuestro trabajo, con la posibilidad de hacer aportaciones voluntarias para el mantenimiento de la p\u00e1gina. Nuestros tres \u00faltimos documentales (GUILLENA 1937, MEMORIA DE LAS CENIZAS y LA MADRE SOLA) son los \u00fanicos en [&hellip;]","og_url":"https:\/\/intermediaproducciones.com\/en\/todos-los-documentales-de-intermedia-en-la-red\/","og_site_name":"Intermedia Producciones","article_publisher":"https:\/\/www.facebook.com\/ProductoraIntermediaProducciones","article_published_time":"2013-07-30T13:18:35+00:00","author":"Intermedia Producciones","twitter_card":"summary_large_image","twitter_misc":{"Written by":"Intermedia Producciones"},"schema":{"@context":"https:\/\/schema.org","@graph":[{"@type":"Article","@id":"https:\/\/intermediaproducciones.com\/todos-los-documentales-de-intermedia-en-la-red\/#article","isPartOf":{"@id":"https:\/\/intermediaproducciones.com\/todos-los-documentales-de-intermedia-en-la-red\/"},"author":{"name":"Intermedia Producciones","@id":"https:\/\/intermediaproducciones.com\/#\/schema\/person\/7a7d709e77f232e65f14762c0719bb0b"},"headline":"TODOS LOS DOCUMENTALES DE INTERMEDIA EN LA RED","datePublished":"2013-07-30T13:18:35+00:00","mainEntityOfPage":{"@id":"https:\/\/intermediaproducciones.com\/todos-los-documentales-de-intermedia-en-la-red\/"},"wordCount":85,"commentCount":0,"publisher":{"@id":"https:\/\/intermediaproducciones.com\/#organization"},"keywords":["documental","Guillena 1937","intermedia producciones","Memoria de las Cenizas","memoria hist\u00f3rica"],"articleSection":["Actualidad","Comunicaci\u00f3n"],"inLanguage":"en-GB"},{"@type":"WebPage","@id":"https:\/\/intermediaproducciones.com\/todos-los-documentales-de-intermedia-en-la-red\/","url":"https:\/\/intermediaproducciones.com\/todos-los-documentales-de-intermedia-en-la-red\/","name":"TODOS LOS DOCUMENTALES DE INTERMEDIA EN LA RED - Intermedia Producciones","isPartOf":{"@id":"https:\/\/intermediaproducciones.com\/#website"},"datePublished":"2013-07-30T13:18:35+00:00","breadcrumb":{"@id":"https:\/\/intermediaproducciones.com\/todos-los-documentales-de-intermedia-en-la-red\/#breadcrumb"},"inLanguage":"en-GB","potentialAction":[{"@type":"ReadAction","target":["https:\/\/intermediaproducciones.com\/todos-los-documentales-de-intermedia-en-la-red\/"]}]},{"@type":"BreadcrumbList","@id":"https:\/\/intermediaproducciones.com\/todos-los-documentales-de-intermedia-en-la-red\/#breadcrumb","itemListElement":[{"@type":"ListItem","position":1,"name":"Portada","item":"https:\/\/intermediaproducciones.com\/"},{"@type":"ListItem","position":2,"name":"TODOS LOS DOCUMENTALES DE INTERMEDIA EN LA RED"}]},{"@type":"WebSite","@id":"https:\/\/intermediaproducciones.com\/#website","url":"https:\/\/intermediaproducciones.com\/","name":"Intermedia Producciones","description":"Miradas, Visiones y Realidades","publisher":{"@id":"https:\/\/intermediaproducciones.com\/#organization"},"potentialAction":[{"@type":"SearchAction","target":{"@type":"EntryPoint","urlTemplate":"https:\/\/intermediaproducciones.com\/?s={search_term_string}"},"query-input":{"@type":"PropertyValueSpecification","valueRequired":true,"valueName":"search_term_string"}}],"inLanguage":"en-GB"},{"@type":"Organization","@id":"https:\/\/intermediaproducciones.com\/#organization","name":"Intermedia Producciones","url":"https:\/\/intermediaproducciones.com\/","logo":{"@type":"ImageObject","inLanguage":"en-GB","@id":"https:\/\/intermediaproducciones.com\/#\/schema\/logo\/image\/","url":"https:\/\/intermediaproducciones.com\/wp-content\/uploads\/2019\/02\/logo_intermedia.png","contentUrl":"https:\/\/intermediaproducciones.com\/wp-content\/uploads\/2019\/02\/logo_intermedia.png","width":199,"height":216,"caption":"Intermedia Producciones"},"image":{"@id":"https:\/\/intermediaproducciones.com\/#\/schema\/logo\/image\/"},"sameAs":["https:\/\/www.facebook.com\/ProductoraIntermediaProducciones","https:\/\/vimeo.com\/intermedia","https:\/\/www.youtube.com\/user\/IntermediaProd","https:\/\/www.instagram.com\/intermediaproducciones\/","https:\/\/www.linkedin.com\/company\/intermedia-producciones\/"]},{"@type":"Person","@id":"https:\/\/intermediaproducciones.com\/#\/schema\/person\/7a7d709e77f232e65f14762c0719bb0b","name":"Intermedia Producciones","image":{"@type":"ImageObject","inLanguage":"en-GB","@id":"https:\/\/intermediaproducciones.com\/#\/schema\/person\/image\/","url":"https:\/\/secure.gravatar.com\/avatar\/?s=96&d=blank&r=g","contentUrl":"https:\/\/secure.gravatar.com\/avatar\/?s=96&d=blank&r=g","caption":"Intermedia Producciones"},"url":"https:\/\/intermediaproducciones.com\/en\/author\/intermedia-producciones\/"}]}},"_links":{"self":[{"href":"https:\/\/intermediaproducciones.com\/en\/wp-json\/wp\/v2\/posts\/1641","targetHints":{"allow":["GET"]}}],"collection":[{"href":"https:\/\/intermediaproducciones.com\/en\/wp-json\/wp\/v2\/posts"}],"about":[{"href":"https:\/\/intermediaproducciones.com\/en\/wp-json\/wp\/v2\/types\/post"}],"author":[{"embeddable":true,"href":"https:\/\/intermediaproducciones.com\/en\/wp-json\/wp\/v2\/users\/1"}],"replies":[{"embeddable":true,"href":"https:\/\/intermediaproducciones.com\/en\/wp-json\/wp\/v2\/comments?post=1641"}],"version-history":[{"count":1,"href":"https:\/\/intermediaproducciones.com\/en\/wp-json\/wp\/v2\/posts\/1641\/revisions"}],"predecessor-version":[{"id":1642,"href":"https:\/\/intermediaproducciones.com\/en\/wp-json\/wp\/v2\/posts\/1641\/revisions\/1642"}],"wp:attachment":[{"href":"https:\/\/intermediaproducciones.com\/en\/wp-json\/wp\/v2\/media?parent=1641"}],"wp:term":[{"taxonomy":"category","embeddable":true,"href":"https:\/\/intermediaproducciones.com\/en\/wp-json\/wp\/v2\/categories?post=1641"},{"taxonomy":"post_tag","embeddable":true,"href":"https:\/\/intermediaproducciones.com\/en\/wp-json\/wp\/v2\/tags?post=1641"}],"curies":[{"name":"wp","href":"https:\/\/api.w.org\/{rel}","templated":true}]}}