{"id":1679,"date":"2013-08-08T17:31:46","date_gmt":"2013-08-08T17:31:46","guid":{"rendered":"https:\/\/intermediaproducciones.com\/?p=1679"},"modified":"2013-08-08T17:58:52","modified_gmt":"2013-08-08T17:58:52","slug":"ii-jornadas-por-la-memoria-historica-de-alajar-9-y-10-de-agosto-2013","status":"publish","type":"post","link":"https:\/\/intermediaproducciones.com\/en\/ii-jornadas-por-la-memoria-historica-de-alajar-9-y-10-de-agosto-2013\/","title":{"rendered":"II Jornadas por la Memoria Hist\u00f3rica de Al\u00e1jar. 9 y 10 de Agosto 2013"},"content":{"rendered":"<style type=\"text\/css\"><!--\nP { margin-bottom: 0.08in; }\n--><\/style>\n<p><img loading=\"lazy\" decoding=\"async\" class=\"img-frame alignleft\" alt=\"\" src=\"https:\/\/intermediaproducciones.com\/https:\/\/intermediaproducciones.com\/wp-content\/uploads\/2013\/08\/cartelalajar.png\" width=\"316\" height=\"236\" \/>Nos complace anunciaros nuestra participaci\u00f3n en las <strong>II Jornadas por la Memoria Hist\u00f3rica<\/strong> que organiza el Colectivo Arias Montano de Al\u00e1jar.<\/p>\n<p>\u00a1Esperamos veros por all\u00ed!<\/p>\n<p>Aqu\u00ed os dejamos el programa completo:<\/p>\n<p><span style=\"font-family: Arial,sans-serif;\"><span style=\"font-size: small;\"><span style=\"color: #ff0000;\"><span style=\"font-family: Arial,sans-serif;\">Viernes 9 Agosto<\/span><\/span><\/span><\/span><\/p>\n<p><span style=\"font-family: Arial,sans-serif;\"><span style=\"font-size: small;\">19.30 h. Inauguraci\u00f3n de las Jornadas a cargo de la Alcaldesa, D\u00aa M\u00aa del Carmen Osorno Sevillano y presentaci\u00f3n del Programa de las mismas por D\u00aa M\u00aa de los Angeles Gonzalez, Presidenta del Colectivo \u201cArias Montano\u201d.<\/span><\/span><\/p>\n<p><span style=\"font-family: Arial,sans-serif;\"><span style=\"font-size: small;\">20.00 h. Presentaci\u00f3n del documental\u00a0<a href=\"https:\/\/intermediaproducciones.com\/en\/portfolio\/guillena-1937\/\" target=\"_blank\">Guillena 1937<\/a> a cargo de Agust\u00edn Toranzo, de Intermedia Producciones y Juan Luis Castro, Arque\u00f3logo e Historiador.<\/span><\/span><\/p>\n<p><span style=\"font-family: Arial,sans-serif;\"><span style=\"font-size: small;\">Proyecci\u00f3n del documental <a href=\"https:\/\/intermediaproducciones.com\/en\/portfolio\/guillena-1937\/\" target=\"_blank\">Guillena 1937<\/a>.<\/span><\/span><\/p>\n<p><span style=\"font-family: Arial,sans-serif;\"><span style=\"font-size: small;\">Coloquio.<\/span><\/span><\/p>\n<p><span style=\"font-family: Arial,sans-serif;\"><span style=\"font-size: small;\"><span style=\"color: #ff0000;\">S\u00e1bado 10 Agosto<\/span><\/span><\/span><\/p>\n<p><span style=\"font-family: Arial,sans-serif;\"><span style=\"font-size: small;\">10.30 h. Conferencia \u201cMujeres y represi\u00f3n en la Sierra de Huelva\u201c a cargo de\u00a0D\u00aa Teresa Menguiano, Profesora de Ense\u00f1anza Secundaria en Cortegana. <\/span><\/span><\/p>\n<p><span style=\"font-family: Arial,sans-serif;\"><span style=\"font-size: small;\">11.30 h. Conferencia \u201cDesenterrando la memoria: aproximaciones a la arqueolog\u00eda de campo\u201d a cargo de D\u00aa Violeta Lobo Ballesteros y Gabriel Carvajal Mateos.<\/span><\/span><\/p>\n<p><span style=\"font-family: Arial,sans-serif;\"><span style=\"font-size: small;\">12.30 h . Conferencia \u201cAntonio Alonso Vital, te\u00f3sofo de Al\u00e1jar\u201d por Maribel Cintas.<\/span><\/span><\/p>\n<p><span style=\"font-family: Arial,sans-serif;\"><span style=\"font-size: small;\">20.00 h . Presentaci\u00f3n del Video-Documental \u201cLas Maestras de la Rep\u00fablica\u201d por D. Rafael C\u00e1ceres Selma, Profesor de Ense\u00f1anza Secundaria y Sec.Gral FETE-UGT Andaluc\u00eda, productora del mismo. <\/span><\/span><\/p>\n<p><span style=\"font-family: Arial,sans-serif;\"><span style=\"font-size: small;\">20.30 h Proyecci\u00f3n del Video-Documental \u201cLas Maestras de la Rep\u00fablica\u201d.<\/span><\/span><\/p>\n<p><span style=\"font-family: Arial,sans-serif;\"><span style=\"font-size: small;\">21.30 Coloquio.<\/span><\/span><\/p>\n<p><span style=\"font-family: Arial,sans-serif;\"><span style=\"font-size: small;\">22.00 Cierre de las II Jornadas por la Memoria Hist\u00f3rica de Al\u00e1jar.<\/span><\/span><\/p>\n<p>Lugar: Sal\u00f3n de Actos \u201cAntonio Milla\u201d del Ayuntamiento de Alajar<\/p>","protected":false},"excerpt":{"rendered":"<p>Nos complace anunciaros nuestra participaci\u00f3n en las II Jornadas por la Memoria Hist\u00f3rica que organiza el Colectivo Arias Montano de Al\u00e1jar. \u00a1Esperamos veros por all\u00ed! Aqu\u00ed os dejamos el programa completo: Viernes 9 Agosto 19.30 h. Inauguraci\u00f3n de las Jornadas a cargo de la Alcaldesa, D\u00aa M\u00aa del Carmen Osorno Sevillano y presentaci\u00f3n del Programa [&hellip;]<\/p>","protected":false},"author":1,"featured_media":0,"comment_status":"open","ping_status":"open","sticky":false,"template":"","format":"standard","meta":{"_acf_changed":false,"footnotes":""},"categories":[11,18,15],"tags":[26,27,118,117,24,28],"class_list":["post-1679","post","type-post","status-publish","format-standard","hentry","category-actualidad","category-comunicacion","category-proyecciones","tag-17-mujeres-de-guillena","tag-17-rosas-de-guillena","tag-documental","tag-guillena-1937","tag-intermedia-producciones","tag-memoria-historica"],"acf":[],"yoast_head":"<!-- This site is optimized with the Yoast SEO plugin v25.3.1 - https:\/\/yoast.com\/wordpress\/plugins\/seo\/ -->\n<title>II Jornadas por la Memoria Hist\u00f3rica de Al\u00e1jar. 9 y 10 de Agosto 2013 - Intermedia Producciones<\/title>\n<meta name=\"robots\" content=\"index, follow, max-snippet:-1, max-image-preview:large, max-video-preview:-1\" \/>\n<link rel=\"canonical\" href=\"https:\/\/intermediaproducciones.com\/en\/ii-jornadas-por-la-memoria-historica-de-alajar-9-y-10-de-agosto-2013\/\" \/>\n<meta property=\"og:locale\" content=\"en_GB\" \/>\n<meta property=\"og:type\" content=\"article\" \/>\n<meta property=\"og:title\" content=\"II Jornadas por la Memoria Hist\u00f3rica de Al\u00e1jar. 9 y 10 de Agosto 2013 - Intermedia Producciones\" \/>\n<meta property=\"og:description\" content=\"Nos complace anunciaros nuestra participaci\u00f3n en las II Jornadas por la Memoria Hist\u00f3rica que organiza el Colectivo Arias Montano de Al\u00e1jar. \u00a1Esperamos veros por all\u00ed! Aqu\u00ed os dejamos el programa completo: Viernes 9 Agosto 19.30 h. Inauguraci\u00f3n de las Jornadas a cargo de la Alcaldesa, D\u00aa M\u00aa del Carmen Osorno Sevillano y presentaci\u00f3n del Programa [&hellip;]\" \/>\n<meta property=\"og:url\" content=\"https:\/\/intermediaproducciones.com\/en\/ii-jornadas-por-la-memoria-historica-de-alajar-9-y-10-de-agosto-2013\/\" \/>\n<meta property=\"og:site_name\" content=\"Intermedia Producciones\" \/>\n<meta property=\"article:publisher\" content=\"https:\/\/www.facebook.com\/ProductoraIntermediaProducciones\" \/>\n<meta property=\"article:published_time\" content=\"2013-08-08T17:31:46+00:00\" \/>\n<meta property=\"article:modified_time\" content=\"2013-08-08T17:58:52+00:00\" \/>\n<meta property=\"og:image\" content=\"https:\/\/intermediaproducciones.com\/https:\/\/intermediaproducciones.com\/wp-content\/uploads\/2013\/08\/cartelalajar.png\" \/>\n<meta name=\"author\" content=\"Intermedia Producciones\" \/>\n<meta name=\"twitter:card\" content=\"summary_large_image\" \/>\n<meta name=\"twitter:label1\" content=\"Written by\" \/>\n\t<meta name=\"twitter:data1\" content=\"Intermedia Producciones\" \/>\n\t<meta name=\"twitter:label2\" content=\"Estimated reading time\" \/>\n\t<meta name=\"twitter:data2\" content=\"1 minute\" \/>\n<script type=\"application\/ld+json\" class=\"yoast-schema-graph\">{\"@context\":\"https:\/\/schema.org\",\"@graph\":[{\"@type\":\"Article\",\"@id\":\"https:\/\/intermediaproducciones.com\/ii-jornadas-por-la-memoria-historica-de-alajar-9-y-10-de-agosto-2013\/#article\",\"isPartOf\":{\"@id\":\"https:\/\/intermediaproducciones.com\/ii-jornadas-por-la-memoria-historica-de-alajar-9-y-10-de-agosto-2013\/\"},\"author\":{\"name\":\"Intermedia Producciones\",\"@id\":\"https:\/\/intermediaproducciones.com\/#\/schema\/person\/7a7d709e77f232e65f14762c0719bb0b\"},\"headline\":\"II Jornadas por la Memoria Hist\u00f3rica de Al\u00e1jar. 9 y 10 de Agosto 2013\",\"datePublished\":\"2013-08-08T17:31:46+00:00\",\"dateModified\":\"2013-08-08T17:58:52+00:00\",\"mainEntityOfPage\":{\"@id\":\"https:\/\/intermediaproducciones.com\/ii-jornadas-por-la-memoria-historica-de-alajar-9-y-10-de-agosto-2013\/\"},\"wordCount\":245,\"commentCount\":0,\"publisher\":{\"@id\":\"https:\/\/intermediaproducciones.com\/#organization\"},\"image\":{\"@id\":\"https:\/\/intermediaproducciones.com\/ii-jornadas-por-la-memoria-historica-de-alajar-9-y-10-de-agosto-2013\/#primaryimage\"},\"thumbnailUrl\":\"https:\/\/intermediaproducciones.com\/https:\/\/intermediaproducciones.com\/wp-content\/uploads\/2013\/08\/cartelalajar.png\",\"keywords\":[\"17 mujeres de guillena\",\"17 rosas de guillena\",\"documental\",\"Guillena 1937\",\"intermedia producciones\",\"memoria hist\u00f3rica\"],\"articleSection\":[\"Actualidad\",\"Comunicaci\u00f3n\",\"Proyecciones\"],\"inLanguage\":\"en-GB\"},{\"@type\":\"WebPage\",\"@id\":\"https:\/\/intermediaproducciones.com\/ii-jornadas-por-la-memoria-historica-de-alajar-9-y-10-de-agosto-2013\/\",\"url\":\"https:\/\/intermediaproducciones.com\/ii-jornadas-por-la-memoria-historica-de-alajar-9-y-10-de-agosto-2013\/\",\"name\":\"II Jornadas por la Memoria Hist\u00f3rica de Al\u00e1jar. 9 y 10 de Agosto 2013 - Intermedia Producciones\",\"isPartOf\":{\"@id\":\"https:\/\/intermediaproducciones.com\/#website\"},\"primaryImageOfPage\":{\"@id\":\"https:\/\/intermediaproducciones.com\/ii-jornadas-por-la-memoria-historica-de-alajar-9-y-10-de-agosto-2013\/#primaryimage\"},\"image\":{\"@id\":\"https:\/\/intermediaproducciones.com\/ii-jornadas-por-la-memoria-historica-de-alajar-9-y-10-de-agosto-2013\/#primaryimage\"},\"thumbnailUrl\":\"https:\/\/intermediaproducciones.com\/https:\/\/intermediaproducciones.com\/wp-content\/uploads\/2013\/08\/cartelalajar.png\",\"datePublished\":\"2013-08-08T17:31:46+00:00\",\"dateModified\":\"2013-08-08T17:58:52+00:00\",\"breadcrumb\":{\"@id\":\"https:\/\/intermediaproducciones.com\/ii-jornadas-por-la-memoria-historica-de-alajar-9-y-10-de-agosto-2013\/#breadcrumb\"},\"inLanguage\":\"en-GB\",\"potentialAction\":[{\"@type\":\"ReadAction\",\"target\":[\"https:\/\/intermediaproducciones.com\/ii-jornadas-por-la-memoria-historica-de-alajar-9-y-10-de-agosto-2013\/\"]}]},{\"@type\":\"ImageObject\",\"inLanguage\":\"en-GB\",\"@id\":\"https:\/\/intermediaproducciones.com\/ii-jornadas-por-la-memoria-historica-de-alajar-9-y-10-de-agosto-2013\/#primaryimage\",\"url\":\"https:\/\/intermediaproducciones.com\/https:\/\/intermediaproducciones.com\/wp-content\/uploads\/2013\/08\/cartelalajar.png\",\"contentUrl\":\"https:\/\/intermediaproducciones.com\/https:\/\/intermediaproducciones.com\/wp-content\/uploads\/2013\/08\/cartelalajar.png\"},{\"@type\":\"BreadcrumbList\",\"@id\":\"https:\/\/intermediaproducciones.com\/ii-jornadas-por-la-memoria-historica-de-alajar-9-y-10-de-agosto-2013\/#breadcrumb\",\"itemListElement\":[{\"@type\":\"ListItem\",\"position\":1,\"name\":\"Portada\",\"item\":\"https:\/\/intermediaproducciones.com\/\"},{\"@type\":\"ListItem\",\"position\":2,\"name\":\"II Jornadas por la Memoria Hist\u00f3rica de Al\u00e1jar. 9 y 10 de Agosto 2013\"}]},{\"@type\":\"WebSite\",\"@id\":\"https:\/\/intermediaproducciones.com\/#website\",\"url\":\"https:\/\/intermediaproducciones.com\/\",\"name\":\"Intermedia Producciones\",\"description\":\"Miradas, Visiones y Realidades\",\"publisher\":{\"@id\":\"https:\/\/intermediaproducciones.com\/#organization\"},\"potentialAction\":[{\"@type\":\"SearchAction\",\"target\":{\"@type\":\"EntryPoint\",\"urlTemplate\":\"https:\/\/intermediaproducciones.com\/?s={search_term_string}\"},\"query-input\":{\"@type\":\"PropertyValueSpecification\",\"valueRequired\":true,\"valueName\":\"search_term_string\"}}],\"inLanguage\":\"en-GB\"},{\"@type\":\"Organization\",\"@id\":\"https:\/\/intermediaproducciones.com\/#organization\",\"name\":\"Intermedia Producciones\",\"url\":\"https:\/\/intermediaproducciones.com\/\",\"logo\":{\"@type\":\"ImageObject\",\"inLanguage\":\"en-GB\",\"@id\":\"https:\/\/intermediaproducciones.com\/#\/schema\/logo\/image\/\",\"url\":\"https:\/\/intermediaproducciones.com\/wp-content\/uploads\/2019\/02\/logo_intermedia.png\",\"contentUrl\":\"https:\/\/intermediaproducciones.com\/wp-content\/uploads\/2019\/02\/logo_intermedia.png\",\"width\":199,\"height\":216,\"caption\":\"Intermedia Producciones\"},\"image\":{\"@id\":\"https:\/\/intermediaproducciones.com\/#\/schema\/logo\/image\/\"},\"sameAs\":[\"https:\/\/www.facebook.com\/ProductoraIntermediaProducciones\",\"https:\/\/vimeo.com\/intermedia\",\"https:\/\/www.youtube.com\/user\/IntermediaProd\",\"https:\/\/www.instagram.com\/intermediaproducciones\/\",\"https:\/\/www.linkedin.com\/company\/intermedia-producciones\/\"]},{\"@type\":\"Person\",\"@id\":\"https:\/\/intermediaproducciones.com\/#\/schema\/person\/7a7d709e77f232e65f14762c0719bb0b\",\"name\":\"Intermedia Producciones\",\"image\":{\"@type\":\"ImageObject\",\"inLanguage\":\"en-GB\",\"@id\":\"https:\/\/intermediaproducciones.com\/#\/schema\/person\/image\/\",\"url\":\"https:\/\/secure.gravatar.com\/avatar\/?s=96&d=blank&r=g\",\"contentUrl\":\"https:\/\/secure.gravatar.com\/avatar\/?s=96&d=blank&r=g\",\"caption\":\"Intermedia Producciones\"},\"url\":\"https:\/\/intermediaproducciones.com\/en\/author\/intermedia-producciones\/\"}]}<\/script>\n<!-- \/ Yoast SEO plugin. -->","yoast_head_json":{"title":"II Jornadas por la Memoria Hist\u00f3rica de Al\u00e1jar. 9 y 10 de Agosto 2013 - Intermedia Producciones","robots":{"index":"index","follow":"follow","max-snippet":"max-snippet:-1","max-image-preview":"max-image-preview:large","max-video-preview":"max-video-preview:-1"},"canonical":"https:\/\/intermediaproducciones.com\/en\/ii-jornadas-por-la-memoria-historica-de-alajar-9-y-10-de-agosto-2013\/","og_locale":"en_GB","og_type":"article","og_title":"II Jornadas por la Memoria Hist\u00f3rica de Al\u00e1jar. 9 y 10 de Agosto 2013 - Intermedia Producciones","og_description":"Nos complace anunciaros nuestra participaci\u00f3n en las II Jornadas por la Memoria Hist\u00f3rica que organiza el Colectivo Arias Montano de Al\u00e1jar. \u00a1Esperamos veros por all\u00ed! Aqu\u00ed os dejamos el programa completo: Viernes 9 Agosto 19.30 h. Inauguraci\u00f3n de las Jornadas a cargo de la Alcaldesa, D\u00aa M\u00aa del Carmen Osorno Sevillano y presentaci\u00f3n del Programa [&hellip;]","og_url":"https:\/\/intermediaproducciones.com\/en\/ii-jornadas-por-la-memoria-historica-de-alajar-9-y-10-de-agosto-2013\/","og_site_name":"Intermedia Producciones","article_publisher":"https:\/\/www.facebook.com\/ProductoraIntermediaProducciones","article_published_time":"2013-08-08T17:31:46+00:00","article_modified_time":"2013-08-08T17:58:52+00:00","og_image":[{"url":"https:\/\/intermediaproducciones.com\/https:\/\/intermediaproducciones.com\/wp-content\/uploads\/2013\/08\/cartelalajar.png","type":"","width":"","height":""}],"author":"Intermedia Producciones","twitter_card":"summary_large_image","twitter_misc":{"Written by":"Intermedia Producciones","Estimated reading time":"1 minute"},"schema":{"@context":"https:\/\/schema.org","@graph":[{"@type":"Article","@id":"https:\/\/intermediaproducciones.com\/ii-jornadas-por-la-memoria-historica-de-alajar-9-y-10-de-agosto-2013\/#article","isPartOf":{"@id":"https:\/\/intermediaproducciones.com\/ii-jornadas-por-la-memoria-historica-de-alajar-9-y-10-de-agosto-2013\/"},"author":{"name":"Intermedia Producciones","@id":"https:\/\/intermediaproducciones.com\/#\/schema\/person\/7a7d709e77f232e65f14762c0719bb0b"},"headline":"II Jornadas por la Memoria Hist\u00f3rica de Al\u00e1jar. 9 y 10 de Agosto 2013","datePublished":"2013-08-08T17:31:46+00:00","dateModified":"2013-08-08T17:58:52+00:00","mainEntityOfPage":{"@id":"https:\/\/intermediaproducciones.com\/ii-jornadas-por-la-memoria-historica-de-alajar-9-y-10-de-agosto-2013\/"},"wordCount":245,"commentCount":0,"publisher":{"@id":"https:\/\/intermediaproducciones.com\/#organization"},"image":{"@id":"https:\/\/intermediaproducciones.com\/ii-jornadas-por-la-memoria-historica-de-alajar-9-y-10-de-agosto-2013\/#primaryimage"},"thumbnailUrl":"https:\/\/intermediaproducciones.com\/https:\/\/intermediaproducciones.com\/wp-content\/uploads\/2013\/08\/cartelalajar.png","keywords":["17 mujeres de guillena","17 rosas de guillena","documental","Guillena 1937","intermedia producciones","memoria hist\u00f3rica"],"articleSection":["Actualidad","Comunicaci\u00f3n","Proyecciones"],"inLanguage":"en-GB"},{"@type":"WebPage","@id":"https:\/\/intermediaproducciones.com\/ii-jornadas-por-la-memoria-historica-de-alajar-9-y-10-de-agosto-2013\/","url":"https:\/\/intermediaproducciones.com\/ii-jornadas-por-la-memoria-historica-de-alajar-9-y-10-de-agosto-2013\/","name":"II Jornadas por la Memoria Hist\u00f3rica de Al\u00e1jar. 9 y 10 de Agosto 2013 - Intermedia Producciones","isPartOf":{"@id":"https:\/\/intermediaproducciones.com\/#website"},"primaryImageOfPage":{"@id":"https:\/\/intermediaproducciones.com\/ii-jornadas-por-la-memoria-historica-de-alajar-9-y-10-de-agosto-2013\/#primaryimage"},"image":{"@id":"https:\/\/intermediaproducciones.com\/ii-jornadas-por-la-memoria-historica-de-alajar-9-y-10-de-agosto-2013\/#primaryimage"},"thumbnailUrl":"https:\/\/intermediaproducciones.com\/https:\/\/intermediaproducciones.com\/wp-content\/uploads\/2013\/08\/cartelalajar.png","datePublished":"2013-08-08T17:31:46+00:00","dateModified":"2013-08-08T17:58:52+00:00","breadcrumb":{"@id":"https:\/\/intermediaproducciones.com\/ii-jornadas-por-la-memoria-historica-de-alajar-9-y-10-de-agosto-2013\/#breadcrumb"},"inLanguage":"en-GB","potentialAction":[{"@type":"ReadAction","target":["https:\/\/intermediaproducciones.com\/ii-jornadas-por-la-memoria-historica-de-alajar-9-y-10-de-agosto-2013\/"]}]},{"@type":"ImageObject","inLanguage":"en-GB","@id":"https:\/\/intermediaproducciones.com\/ii-jornadas-por-la-memoria-historica-de-alajar-9-y-10-de-agosto-2013\/#primaryimage","url":"https:\/\/intermediaproducciones.com\/https:\/\/intermediaproducciones.com\/wp-content\/uploads\/2013\/08\/cartelalajar.png","contentUrl":"https:\/\/intermediaproducciones.com\/https:\/\/intermediaproducciones.com\/wp-content\/uploads\/2013\/08\/cartelalajar.png"},{"@type":"BreadcrumbList","@id":"https:\/\/intermediaproducciones.com\/ii-jornadas-por-la-memoria-historica-de-alajar-9-y-10-de-agosto-2013\/#breadcrumb","itemListElement":[{"@type":"ListItem","position":1,"name":"Portada","item":"https:\/\/intermediaproducciones.com\/"},{"@type":"ListItem","position":2,"name":"II Jornadas por la Memoria Hist\u00f3rica de Al\u00e1jar. 9 y 10 de Agosto 2013"}]},{"@type":"WebSite","@id":"https:\/\/intermediaproducciones.com\/#website","url":"https:\/\/intermediaproducciones.com\/","name":"Intermedia Producciones","description":"Miradas, Visiones y Realidades","publisher":{"@id":"https:\/\/intermediaproducciones.com\/#organization"},"potentialAction":[{"@type":"SearchAction","target":{"@type":"EntryPoint","urlTemplate":"https:\/\/intermediaproducciones.com\/?s={search_term_string}"},"query-input":{"@type":"PropertyValueSpecification","valueRequired":true,"valueName":"search_term_string"}}],"inLanguage":"en-GB"},{"@type":"Organization","@id":"https:\/\/intermediaproducciones.com\/#organization","name":"Intermedia Producciones","url":"https:\/\/intermediaproducciones.com\/","logo":{"@type":"ImageObject","inLanguage":"en-GB","@id":"https:\/\/intermediaproducciones.com\/#\/schema\/logo\/image\/","url":"https:\/\/intermediaproducciones.com\/wp-content\/uploads\/2019\/02\/logo_intermedia.png","contentUrl":"https:\/\/intermediaproducciones.com\/wp-content\/uploads\/2019\/02\/logo_intermedia.png","width":199,"height":216,"caption":"Intermedia Producciones"},"image":{"@id":"https:\/\/intermediaproducciones.com\/#\/schema\/logo\/image\/"},"sameAs":["https:\/\/www.facebook.com\/ProductoraIntermediaProducciones","https:\/\/vimeo.com\/intermedia","https:\/\/www.youtube.com\/user\/IntermediaProd","https:\/\/www.instagram.com\/intermediaproducciones\/","https:\/\/www.linkedin.com\/company\/intermedia-producciones\/"]},{"@type":"Person","@id":"https:\/\/intermediaproducciones.com\/#\/schema\/person\/7a7d709e77f232e65f14762c0719bb0b","name":"Intermedia Producciones","image":{"@type":"ImageObject","inLanguage":"en-GB","@id":"https:\/\/intermediaproducciones.com\/#\/schema\/person\/image\/","url":"https:\/\/secure.gravatar.com\/avatar\/?s=96&d=blank&r=g","contentUrl":"https:\/\/secure.gravatar.com\/avatar\/?s=96&d=blank&r=g","caption":"Intermedia Producciones"},"url":"https:\/\/intermediaproducciones.com\/en\/author\/intermedia-producciones\/"}]}},"_links":{"self":[{"href":"https:\/\/intermediaproducciones.com\/en\/wp-json\/wp\/v2\/posts\/1679","targetHints":{"allow":["GET"]}}],"collection":[{"href":"https:\/\/intermediaproducciones.com\/en\/wp-json\/wp\/v2\/posts"}],"about":[{"href":"https:\/\/intermediaproducciones.com\/en\/wp-json\/wp\/v2\/types\/post"}],"author":[{"embeddable":true,"href":"https:\/\/intermediaproducciones.com\/en\/wp-json\/wp\/v2\/users\/1"}],"replies":[{"embeddable":true,"href":"https:\/\/intermediaproducciones.com\/en\/wp-json\/wp\/v2\/comments?post=1679"}],"version-history":[{"count":5,"href":"https:\/\/intermediaproducciones.com\/en\/wp-json\/wp\/v2\/posts\/1679\/revisions"}],"predecessor-version":[{"id":1684,"href":"https:\/\/intermediaproducciones.com\/en\/wp-json\/wp\/v2\/posts\/1679\/revisions\/1684"}],"wp:attachment":[{"href":"https:\/\/intermediaproducciones.com\/en\/wp-json\/wp\/v2\/media?parent=1679"}],"wp:term":[{"taxonomy":"category","embeddable":true,"href":"https:\/\/intermediaproducciones.com\/en\/wp-json\/wp\/v2\/categories?post=1679"},{"taxonomy":"post_tag","embeddable":true,"href":"https:\/\/intermediaproducciones.com\/en\/wp-json\/wp\/v2\/tags?post=1679"}],"curies":[{"name":"wp","href":"https:\/\/api.w.org\/{rel}","templated":true}]}}