{"id":1728,"date":"2013-10-10T13:31:50","date_gmt":"2013-10-10T13:31:50","guid":{"rendered":"https:\/\/intermediaproducciones.com\/?p=1728"},"modified":"2013-10-10T13:31:50","modified_gmt":"2013-10-10T13:31:50","slug":"guillena-1937-accesit-en-el-certamen-imagenera-2013","status":"publish","type":"post","link":"https:\/\/intermediaproducciones.com\/en\/guillena-1937-accesit-en-el-certamen-imagenera-2013\/","title":{"rendered":"GUILLENA 1937, Acc\u00e9sit en el Certamen Imagenera 2013"},"content":{"rendered":"<p>Hoy tenemos buenas noticias: <a href=\"http:\/\/www.guillena1937eldocumental.com\" target=\"_blank\">GUILLENA 1937<\/a> ha sido premiado con el <a href=\"http:\/\/www.centrodeestudiosandaluces.es\/imagenera\/index.php?pagina=ganadores2013D\" target=\"_blank\">Acc\u00e9sit en el Certamen Imagenera 2013<\/a>.<\/p>\n<p>El Festival de Cine de Sevilla acoger\u00e1 el pr\u00f3ximo 15 de noviembre la entrega de galardones.<\/p>\n<p>\u00a1No nos cansaremos de dar las gracias a todxs nuestrxs colaboradores!<\/p>\n<p><img loading=\"lazy\" decoding=\"async\" alt=\"\" src=\"https:\/\/intermediaproducciones.com\/https:\/\/intermediaproducciones.com\/wp-content\/uploads\/2013\/10\/imagenera2013.jpg\" width=\"263\" height=\"432\" \/><\/p>","protected":false},"excerpt":{"rendered":"<p>Hoy tenemos buenas noticias: GUILLENA 1937 ha sido premiado con el Acc\u00e9sit en el Certamen Imagenera 2013. El Festival de Cine de Sevilla acoger\u00e1 el pr\u00f3ximo 15 de noviembre la entrega de galardones. \u00a1No nos cansaremos de dar las gracias a todxs nuestrxs colaboradores!<\/p>","protected":false},"author":1,"featured_media":0,"comment_status":"open","ping_status":"open","sticky":false,"template":"","format":"standard","meta":{"_acf_changed":false,"footnotes":""},"categories":[11,18,14,13],"tags":[26,27,197,118,117,24,28],"class_list":["post-1728","post","type-post","status-publish","format-standard","hentry","category-actualidad","category-comunicacion","category-festivales","category-premios","tag-17-mujeres-de-guillena","tag-17-rosas-de-guillena","tag-accesit-imaginera-2013","tag-documental","tag-guillena-1937","tag-intermedia-producciones","tag-memoria-historica"],"acf":[],"yoast_head":"<!-- This site is optimized with the Yoast SEO plugin v25.3.1 - https:\/\/yoast.com\/wordpress\/plugins\/seo\/ -->\n<title>GUILLENA 1937, Acc\u00e9sit en el Certamen Imagenera 2013 - Intermedia Producciones<\/title>\n<meta name=\"robots\" content=\"index, follow, max-snippet:-1, max-image-preview:large, max-video-preview:-1\" \/>\n<link rel=\"canonical\" href=\"https:\/\/intermediaproducciones.com\/en\/guillena-1937-accesit-en-el-certamen-imagenera-2013\/\" \/>\n<meta property=\"og:locale\" content=\"en_GB\" \/>\n<meta property=\"og:type\" content=\"article\" \/>\n<meta property=\"og:title\" content=\"GUILLENA 1937, Acc\u00e9sit en el Certamen Imagenera 2013 - Intermedia Producciones\" \/>\n<meta property=\"og:description\" content=\"Hoy tenemos buenas noticias: GUILLENA 1937 ha sido premiado con el Acc\u00e9sit en el Certamen Imagenera 2013. El Festival de Cine de Sevilla acoger\u00e1 el pr\u00f3ximo 15 de noviembre la entrega de galardones. \u00a1No nos cansaremos de dar las gracias a todxs nuestrxs colaboradores!\" \/>\n<meta property=\"og:url\" content=\"https:\/\/intermediaproducciones.com\/en\/guillena-1937-accesit-en-el-certamen-imagenera-2013\/\" \/>\n<meta property=\"og:site_name\" content=\"Intermedia Producciones\" \/>\n<meta property=\"article:publisher\" content=\"https:\/\/www.facebook.com\/ProductoraIntermediaProducciones\" \/>\n<meta property=\"article:published_time\" content=\"2013-10-10T13:31:50+00:00\" \/>\n<meta property=\"og:image\" content=\"https:\/\/intermediaproducciones.com\/https:\/\/intermediaproducciones.com\/wp-content\/uploads\/2013\/10\/imagenera2013.jpg\" \/>\n<meta name=\"author\" content=\"Intermedia Producciones\" \/>\n<meta name=\"twitter:card\" content=\"summary_large_image\" \/>\n<meta name=\"twitter:label1\" content=\"Written by\" \/>\n\t<meta name=\"twitter:data1\" content=\"Intermedia Producciones\" \/>\n<script type=\"application\/ld+json\" class=\"yoast-schema-graph\">{\"@context\":\"https:\/\/schema.org\",\"@graph\":[{\"@type\":\"Article\",\"@id\":\"https:\/\/intermediaproducciones.com\/guillena-1937-accesit-en-el-certamen-imagenera-2013\/#article\",\"isPartOf\":{\"@id\":\"https:\/\/intermediaproducciones.com\/guillena-1937-accesit-en-el-certamen-imagenera-2013\/\"},\"author\":{\"name\":\"Intermedia Producciones\",\"@id\":\"https:\/\/intermediaproducciones.com\/#\/schema\/person\/7a7d709e77f232e65f14762c0719bb0b\"},\"headline\":\"GUILLENA 1937, Acc\u00e9sit en el Certamen Imagenera 2013\",\"datePublished\":\"2013-10-10T13:31:50+00:00\",\"mainEntityOfPage\":{\"@id\":\"https:\/\/intermediaproducciones.com\/guillena-1937-accesit-en-el-certamen-imagenera-2013\/\"},\"wordCount\":50,\"commentCount\":0,\"publisher\":{\"@id\":\"https:\/\/intermediaproducciones.com\/#organization\"},\"image\":{\"@id\":\"https:\/\/intermediaproducciones.com\/guillena-1937-accesit-en-el-certamen-imagenera-2013\/#primaryimage\"},\"thumbnailUrl\":\"https:\/\/intermediaproducciones.com\/https:\/\/intermediaproducciones.com\/wp-content\/uploads\/2013\/10\/imagenera2013.jpg\",\"keywords\":[\"17 mujeres de guillena\",\"17 rosas de guillena\",\"Acc\u00e9sit Imaginera 2013\",\"documental\",\"Guillena 1937\",\"intermedia producciones\",\"memoria hist\u00f3rica\"],\"articleSection\":[\"Actualidad\",\"Comunicaci\u00f3n\",\"Festivales\",\"Premios\"],\"inLanguage\":\"en-GB\"},{\"@type\":\"WebPage\",\"@id\":\"https:\/\/intermediaproducciones.com\/guillena-1937-accesit-en-el-certamen-imagenera-2013\/\",\"url\":\"https:\/\/intermediaproducciones.com\/guillena-1937-accesit-en-el-certamen-imagenera-2013\/\",\"name\":\"GUILLENA 1937, Acc\u00e9sit en el Certamen Imagenera 2013 - Intermedia Producciones\",\"isPartOf\":{\"@id\":\"https:\/\/intermediaproducciones.com\/#website\"},\"primaryImageOfPage\":{\"@id\":\"https:\/\/intermediaproducciones.com\/guillena-1937-accesit-en-el-certamen-imagenera-2013\/#primaryimage\"},\"image\":{\"@id\":\"https:\/\/intermediaproducciones.com\/guillena-1937-accesit-en-el-certamen-imagenera-2013\/#primaryimage\"},\"thumbnailUrl\":\"https:\/\/intermediaproducciones.com\/https:\/\/intermediaproducciones.com\/wp-content\/uploads\/2013\/10\/imagenera2013.jpg\",\"datePublished\":\"2013-10-10T13:31:50+00:00\",\"breadcrumb\":{\"@id\":\"https:\/\/intermediaproducciones.com\/guillena-1937-accesit-en-el-certamen-imagenera-2013\/#breadcrumb\"},\"inLanguage\":\"en-GB\",\"potentialAction\":[{\"@type\":\"ReadAction\",\"target\":[\"https:\/\/intermediaproducciones.com\/guillena-1937-accesit-en-el-certamen-imagenera-2013\/\"]}]},{\"@type\":\"ImageObject\",\"inLanguage\":\"en-GB\",\"@id\":\"https:\/\/intermediaproducciones.com\/guillena-1937-accesit-en-el-certamen-imagenera-2013\/#primaryimage\",\"url\":\"https:\/\/intermediaproducciones.com\/https:\/\/intermediaproducciones.com\/wp-content\/uploads\/2013\/10\/imagenera2013.jpg\",\"contentUrl\":\"https:\/\/intermediaproducciones.com\/https:\/\/intermediaproducciones.com\/wp-content\/uploads\/2013\/10\/imagenera2013.jpg\"},{\"@type\":\"BreadcrumbList\",\"@id\":\"https:\/\/intermediaproducciones.com\/guillena-1937-accesit-en-el-certamen-imagenera-2013\/#breadcrumb\",\"itemListElement\":[{\"@type\":\"ListItem\",\"position\":1,\"name\":\"Portada\",\"item\":\"https:\/\/intermediaproducciones.com\/\"},{\"@type\":\"ListItem\",\"position\":2,\"name\":\"GUILLENA 1937, Acc\u00e9sit en el Certamen Imagenera 2013\"}]},{\"@type\":\"WebSite\",\"@id\":\"https:\/\/intermediaproducciones.com\/#website\",\"url\":\"https:\/\/intermediaproducciones.com\/\",\"name\":\"Intermedia Producciones\",\"description\":\"Miradas, Visiones y Realidades\",\"publisher\":{\"@id\":\"https:\/\/intermediaproducciones.com\/#organization\"},\"potentialAction\":[{\"@type\":\"SearchAction\",\"target\":{\"@type\":\"EntryPoint\",\"urlTemplate\":\"https:\/\/intermediaproducciones.com\/?s={search_term_string}\"},\"query-input\":{\"@type\":\"PropertyValueSpecification\",\"valueRequired\":true,\"valueName\":\"search_term_string\"}}],\"inLanguage\":\"en-GB\"},{\"@type\":\"Organization\",\"@id\":\"https:\/\/intermediaproducciones.com\/#organization\",\"name\":\"Intermedia Producciones\",\"url\":\"https:\/\/intermediaproducciones.com\/\",\"logo\":{\"@type\":\"ImageObject\",\"inLanguage\":\"en-GB\",\"@id\":\"https:\/\/intermediaproducciones.com\/#\/schema\/logo\/image\/\",\"url\":\"https:\/\/intermediaproducciones.com\/wp-content\/uploads\/2019\/02\/logo_intermedia.png\",\"contentUrl\":\"https:\/\/intermediaproducciones.com\/wp-content\/uploads\/2019\/02\/logo_intermedia.png\",\"width\":199,\"height\":216,\"caption\":\"Intermedia Producciones\"},\"image\":{\"@id\":\"https:\/\/intermediaproducciones.com\/#\/schema\/logo\/image\/\"},\"sameAs\":[\"https:\/\/www.facebook.com\/ProductoraIntermediaProducciones\",\"https:\/\/vimeo.com\/intermedia\",\"https:\/\/www.youtube.com\/user\/IntermediaProd\",\"https:\/\/www.instagram.com\/intermediaproducciones\/\",\"https:\/\/www.linkedin.com\/company\/intermedia-producciones\/\"]},{\"@type\":\"Person\",\"@id\":\"https:\/\/intermediaproducciones.com\/#\/schema\/person\/7a7d709e77f232e65f14762c0719bb0b\",\"name\":\"Intermedia Producciones\",\"image\":{\"@type\":\"ImageObject\",\"inLanguage\":\"en-GB\",\"@id\":\"https:\/\/intermediaproducciones.com\/#\/schema\/person\/image\/\",\"url\":\"https:\/\/secure.gravatar.com\/avatar\/?s=96&d=blank&r=g\",\"contentUrl\":\"https:\/\/secure.gravatar.com\/avatar\/?s=96&d=blank&r=g\",\"caption\":\"Intermedia Producciones\"},\"url\":\"https:\/\/intermediaproducciones.com\/en\/author\/intermedia-producciones\/\"}]}<\/script>\n<!-- \/ Yoast SEO plugin. -->","yoast_head_json":{"title":"GUILLENA 1937, Acc\u00e9sit en el Certamen Imagenera 2013 - Intermedia Producciones","robots":{"index":"index","follow":"follow","max-snippet":"max-snippet:-1","max-image-preview":"max-image-preview:large","max-video-preview":"max-video-preview:-1"},"canonical":"https:\/\/intermediaproducciones.com\/en\/guillena-1937-accesit-en-el-certamen-imagenera-2013\/","og_locale":"en_GB","og_type":"article","og_title":"GUILLENA 1937, Acc\u00e9sit en el Certamen Imagenera 2013 - Intermedia Producciones","og_description":"Hoy tenemos buenas noticias: GUILLENA 1937 ha sido premiado con el Acc\u00e9sit en el Certamen Imagenera 2013. El Festival de Cine de Sevilla acoger\u00e1 el pr\u00f3ximo 15 de noviembre la entrega de galardones. \u00a1No nos cansaremos de dar las gracias a todxs nuestrxs colaboradores!","og_url":"https:\/\/intermediaproducciones.com\/en\/guillena-1937-accesit-en-el-certamen-imagenera-2013\/","og_site_name":"Intermedia Producciones","article_publisher":"https:\/\/www.facebook.com\/ProductoraIntermediaProducciones","article_published_time":"2013-10-10T13:31:50+00:00","og_image":[{"url":"https:\/\/intermediaproducciones.com\/https:\/\/intermediaproducciones.com\/wp-content\/uploads\/2013\/10\/imagenera2013.jpg","type":"","width":"","height":""}],"author":"Intermedia Producciones","twitter_card":"summary_large_image","twitter_misc":{"Written by":"Intermedia Producciones"},"schema":{"@context":"https:\/\/schema.org","@graph":[{"@type":"Article","@id":"https:\/\/intermediaproducciones.com\/guillena-1937-accesit-en-el-certamen-imagenera-2013\/#article","isPartOf":{"@id":"https:\/\/intermediaproducciones.com\/guillena-1937-accesit-en-el-certamen-imagenera-2013\/"},"author":{"name":"Intermedia Producciones","@id":"https:\/\/intermediaproducciones.com\/#\/schema\/person\/7a7d709e77f232e65f14762c0719bb0b"},"headline":"GUILLENA 1937, Acc\u00e9sit en el Certamen Imagenera 2013","datePublished":"2013-10-10T13:31:50+00:00","mainEntityOfPage":{"@id":"https:\/\/intermediaproducciones.com\/guillena-1937-accesit-en-el-certamen-imagenera-2013\/"},"wordCount":50,"commentCount":0,"publisher":{"@id":"https:\/\/intermediaproducciones.com\/#organization"},"image":{"@id":"https:\/\/intermediaproducciones.com\/guillena-1937-accesit-en-el-certamen-imagenera-2013\/#primaryimage"},"thumbnailUrl":"https:\/\/intermediaproducciones.com\/https:\/\/intermediaproducciones.com\/wp-content\/uploads\/2013\/10\/imagenera2013.jpg","keywords":["17 mujeres de guillena","17 rosas de guillena","Acc\u00e9sit Imaginera 2013","documental","Guillena 1937","intermedia producciones","memoria hist\u00f3rica"],"articleSection":["Actualidad","Comunicaci\u00f3n","Festivales","Premios"],"inLanguage":"en-GB"},{"@type":"WebPage","@id":"https:\/\/intermediaproducciones.com\/guillena-1937-accesit-en-el-certamen-imagenera-2013\/","url":"https:\/\/intermediaproducciones.com\/guillena-1937-accesit-en-el-certamen-imagenera-2013\/","name":"GUILLENA 1937, Acc\u00e9sit en el Certamen Imagenera 2013 - Intermedia Producciones","isPartOf":{"@id":"https:\/\/intermediaproducciones.com\/#website"},"primaryImageOfPage":{"@id":"https:\/\/intermediaproducciones.com\/guillena-1937-accesit-en-el-certamen-imagenera-2013\/#primaryimage"},"image":{"@id":"https:\/\/intermediaproducciones.com\/guillena-1937-accesit-en-el-certamen-imagenera-2013\/#primaryimage"},"thumbnailUrl":"https:\/\/intermediaproducciones.com\/https:\/\/intermediaproducciones.com\/wp-content\/uploads\/2013\/10\/imagenera2013.jpg","datePublished":"2013-10-10T13:31:50+00:00","breadcrumb":{"@id":"https:\/\/intermediaproducciones.com\/guillena-1937-accesit-en-el-certamen-imagenera-2013\/#breadcrumb"},"inLanguage":"en-GB","potentialAction":[{"@type":"ReadAction","target":["https:\/\/intermediaproducciones.com\/guillena-1937-accesit-en-el-certamen-imagenera-2013\/"]}]},{"@type":"ImageObject","inLanguage":"en-GB","@id":"https:\/\/intermediaproducciones.com\/guillena-1937-accesit-en-el-certamen-imagenera-2013\/#primaryimage","url":"https:\/\/intermediaproducciones.com\/https:\/\/intermediaproducciones.com\/wp-content\/uploads\/2013\/10\/imagenera2013.jpg","contentUrl":"https:\/\/intermediaproducciones.com\/https:\/\/intermediaproducciones.com\/wp-content\/uploads\/2013\/10\/imagenera2013.jpg"},{"@type":"BreadcrumbList","@id":"https:\/\/intermediaproducciones.com\/guillena-1937-accesit-en-el-certamen-imagenera-2013\/#breadcrumb","itemListElement":[{"@type":"ListItem","position":1,"name":"Portada","item":"https:\/\/intermediaproducciones.com\/"},{"@type":"ListItem","position":2,"name":"GUILLENA 1937, Acc\u00e9sit en el Certamen Imagenera 2013"}]},{"@type":"WebSite","@id":"https:\/\/intermediaproducciones.com\/#website","url":"https:\/\/intermediaproducciones.com\/","name":"Intermedia Producciones","description":"Miradas, Visiones y Realidades","publisher":{"@id":"https:\/\/intermediaproducciones.com\/#organization"},"potentialAction":[{"@type":"SearchAction","target":{"@type":"EntryPoint","urlTemplate":"https:\/\/intermediaproducciones.com\/?s={search_term_string}"},"query-input":{"@type":"PropertyValueSpecification","valueRequired":true,"valueName":"search_term_string"}}],"inLanguage":"en-GB"},{"@type":"Organization","@id":"https:\/\/intermediaproducciones.com\/#organization","name":"Intermedia Producciones","url":"https:\/\/intermediaproducciones.com\/","logo":{"@type":"ImageObject","inLanguage":"en-GB","@id":"https:\/\/intermediaproducciones.com\/#\/schema\/logo\/image\/","url":"https:\/\/intermediaproducciones.com\/wp-content\/uploads\/2019\/02\/logo_intermedia.png","contentUrl":"https:\/\/intermediaproducciones.com\/wp-content\/uploads\/2019\/02\/logo_intermedia.png","width":199,"height":216,"caption":"Intermedia Producciones"},"image":{"@id":"https:\/\/intermediaproducciones.com\/#\/schema\/logo\/image\/"},"sameAs":["https:\/\/www.facebook.com\/ProductoraIntermediaProducciones","https:\/\/vimeo.com\/intermedia","https:\/\/www.youtube.com\/user\/IntermediaProd","https:\/\/www.instagram.com\/intermediaproducciones\/","https:\/\/www.linkedin.com\/company\/intermedia-producciones\/"]},{"@type":"Person","@id":"https:\/\/intermediaproducciones.com\/#\/schema\/person\/7a7d709e77f232e65f14762c0719bb0b","name":"Intermedia Producciones","image":{"@type":"ImageObject","inLanguage":"en-GB","@id":"https:\/\/intermediaproducciones.com\/#\/schema\/person\/image\/","url":"https:\/\/secure.gravatar.com\/avatar\/?s=96&d=blank&r=g","contentUrl":"https:\/\/secure.gravatar.com\/avatar\/?s=96&d=blank&r=g","caption":"Intermedia Producciones"},"url":"https:\/\/intermediaproducciones.com\/en\/author\/intermedia-producciones\/"}]}},"_links":{"self":[{"href":"https:\/\/intermediaproducciones.com\/en\/wp-json\/wp\/v2\/posts\/1728","targetHints":{"allow":["GET"]}}],"collection":[{"href":"https:\/\/intermediaproducciones.com\/en\/wp-json\/wp\/v2\/posts"}],"about":[{"href":"https:\/\/intermediaproducciones.com\/en\/wp-json\/wp\/v2\/types\/post"}],"author":[{"embeddable":true,"href":"https:\/\/intermediaproducciones.com\/en\/wp-json\/wp\/v2\/users\/1"}],"replies":[{"embeddable":true,"href":"https:\/\/intermediaproducciones.com\/en\/wp-json\/wp\/v2\/comments?post=1728"}],"version-history":[{"count":2,"href":"https:\/\/intermediaproducciones.com\/en\/wp-json\/wp\/v2\/posts\/1728\/revisions"}],"predecessor-version":[{"id":1730,"href":"https:\/\/intermediaproducciones.com\/en\/wp-json\/wp\/v2\/posts\/1728\/revisions\/1730"}],"wp:attachment":[{"href":"https:\/\/intermediaproducciones.com\/en\/wp-json\/wp\/v2\/media?parent=1728"}],"wp:term":[{"taxonomy":"category","embeddable":true,"href":"https:\/\/intermediaproducciones.com\/en\/wp-json\/wp\/v2\/categories?post=1728"},{"taxonomy":"post_tag","embeddable":true,"href":"https:\/\/intermediaproducciones.com\/en\/wp-json\/wp\/v2\/tags?post=1728"}],"curies":[{"name":"wp","href":"https:\/\/api.w.org\/{rel}","templated":true}]}}