{"id":1740,"date":"2013-10-20T19:16:42","date_gmt":"2013-10-20T19:16:42","guid":{"rendered":"https:\/\/intermediaproducciones.com\/?p=1740"},"modified":"2013-10-22T19:40:30","modified_gmt":"2013-10-22T19:40:30","slug":"muere-alfonso-canete-andaluz-superviviente-de-mauthausen","status":"publish","type":"post","link":"https:\/\/intermediaproducciones.com\/en\/muere-alfonso-canete-andaluz-superviviente-de-mauthausen\/","title":{"rendered":"Muere Alfonso Ca\u00f1ete, andaluz superviviente de Mauthausen"},"content":{"rendered":"<p>Nos hemos enterado de una triste noticia: el fallecimiento de Alfonso Ca\u00f1ete, protagonista del documental &#8216;<a href=\"https:\/\/intermediaproducciones.com\/en\/portfolio\/memoria-de-las-cenizas\/\" target=\"_blank\">Memory of ashes<\/a>&#8216;.<br \/>\nCompartimos aqu\u00ed el homenaje que le hace \u00c1ngel de R\u00edo, coguionista del mismo junto a Eduardo Montero.<\/p>\n<blockquote>\n<p style=\"text-align: justify;\">Hace unos d\u00edas mor\u00eda en su ciudad de residencia Ivry Sur Seine, pr\u00f3xima a Par\u00eds, el cordob\u00e9s de Montalb\u00e1n Alfonso Ca\u00f1ete Jim\u00e9nez, uno de los protagonistas destacados del documental \u201cMemoria de las cenizas\u201d (Intermedia producciones, 2013) recientemente editado. Sirva esta peque\u00f1a biograf\u00eda como homenaje a un hombre \u00edntegro, ferviente comunista, cuya vida fue entregada a la causa del antifascismo. Combati\u00f3 y sobrevivi\u00f3 a Franco y a Hitler y mantuvo hasta el final de sus d\u00edas sus aspiraciones de igualdad y de superar la sociedad capitalista.<br \/>\nAlfonso nace en 1920 en Montalb\u00e1n (C\u00f3rdoba) en el seno de una familia jornalera sin tierras. Con el golpe militar de julio de 1936, con apenas 16 a\u00f1os de edad y siendo responsable de las Juventudes Socialistas Unificadas se alista a las milicias populares para combatir la insurrecci\u00f3n fascista. Hace la instrucci\u00f3n en Ciudad Real para formar parte del ej\u00e9rcito republicano. Combate en diversos frentes de la guerra de Espa\u00f1a (Madrid, Arag\u00f3n, Catalu\u00f1a) hasta que en el invierno de 1939 cruza los Pirineos para recalar en los degradantes campos de internados del Rosell\u00f3n franc\u00e9s (Saint Cyprien y Barcar\u00e8s).<br \/>\nA los pocos meses se alista en las Compa\u00f1\u00edas de Trabajadores Extranjeros del ej\u00e9rcito franc\u00e9s para reforzar la L\u00ednea Maginot en La Moselle al norte del pa\u00eds dada la previsible guerra contra Alemania. En junio de 1940 su compa\u00f1\u00eda es hecha prisionera por los alemanes con la invasi\u00f3n de Francia. Alfonso pasa por distintos destinos hasta que recala en enero de 1941 en condici\u00f3n de prisionero de guerra en el Stalag XII D en Tr\u00e9veris. En el mes de abril del mismo a\u00f1o es deportado al campo de Mautahusen. Tras un penoso periplo por los subcampos de Brestetin (en la Estiria austriaca y conformado exclusivamente por 250 republicanos espa\u00f1oles para hacer una carretera con unas dur\u00edsimas condiciones), y el subcampo de Steyr, fue destinado al campo anexo de Gusen, verdadero centro de exterminio donde fueron asesinados 4300 republicanos, entre ellos m\u00e1s de 800 andaluces. Fue liberado el 5 de mayo de 1945. Como dato curioso hay que se\u00f1alar que, a diferencia de la inmensa mayor\u00eda de los liberados republicanos que se fueron inmediatamente a Par\u00eds, Alfonso junto a un grupo de 10 comunistas y libertarios espa\u00f1oles, se fueron a Viena, bajo control sovi\u00e9tico, donde estuvieron unos meses hasta partir a Francia donde fijar\u00eda su domicilio definitivo en la ciudad de Ivry Sur Seine, uno de los bastiones de la izquierda gala.<br \/>\nAlfonso rehizo su vida trabajando como chapista. Se cas\u00f3 con una francesa hija de emigrantes castellanos con la que tuvo una hija. Y fue un activo militante antifranquista dentro de las filas del PCE en el exilio, partido con el que estuvo \u00edntimamente ligado hasta el final de sus d\u00edas. Tambi\u00e9n pertenec\u00eda a la Amicale de Mauthausen francesa y acud\u00eda con regularidad a los actos de homenaje que se celebran en el campo los primeros d\u00edas de mayo con motivo de la conmemoraci\u00f3n de su liberaci\u00f3n.<\/p>\n<\/blockquote>\n<p style=\"text-align: center;\"><img loading=\"lazy\" decoding=\"async\" class=\"img-frame alignnone\" alt=\"\" src=\"https:\/\/intermediaproducciones.com\/https:\/\/intermediaproducciones.com\/wp-content\/uploads\/2013\/10\/alfonso_caniete.jpg\" width=\"309\" height=\"333\" \/><\/p>\n<p style=\"text-align: center;\"><img loading=\"lazy\" decoding=\"async\" class=\"img-frame alignnone aligncenter\" alt=\"\" src=\"https:\/\/intermediaproducciones.com\/https:\/\/intermediaproducciones.com\/wp-content\/uploads\/2013\/10\/entrevistaalfonsocaniete.jpg\" width=\"389\" height=\"299\" \/><\/p>\n<p><img loading=\"lazy\" decoding=\"async\" class=\"img-frame aligncenter\" alt=\"\" src=\"https:\/\/intermediaproducciones.com\/https:\/\/intermediaproducciones.com\/wp-content\/uploads\/2013\/10\/equipoconalfonsocaniete.jpg\" width=\"416\" height=\"314\" \/><\/p>\n<p style=\"text-align: justify;\">Fotos del rodaje del documental Memoria de las cenizas con el equipo de Intermedia en su domicilio de Ivre sur Seine en noviembre de 2007<\/p>","protected":false},"excerpt":{"rendered":"<p>Nos hemos enterado de una triste noticia: el fallecimiento de Alfonso Ca\u00f1ete, protagonista del documental &#8216;Memoria de las Cenizas&#8216;. Compartimos aqu\u00ed el homenaje que le hace \u00c1ngel de R\u00edo, coguionista del mismo junto a Eduardo Montero. Hace unos d\u00edas mor\u00eda en su ciudad de residencia Ivry Sur Seine, pr\u00f3xima a Par\u00eds, el cordob\u00e9s de Montalb\u00e1n [&hellip;]<\/p>","protected":false},"author":1,"featured_media":0,"comment_status":"open","ping_status":"open","sticky":false,"template":"","format":"standard","meta":{"_acf_changed":false,"footnotes":""},"categories":[11,18],"tags":[72,118,70,102],"class_list":["post-1740","post","type-post","status-publish","format-standard","hentry","category-actualidad","category-comunicacion","tag-angel-del-rio","tag-documental","tag-eduardo-montero","tag-memoria-de-las-cenizas"],"acf":[],"yoast_head":"<!-- This site is optimized with the Yoast SEO plugin v25.3.1 - https:\/\/yoast.com\/wordpress\/plugins\/seo\/ -->\n<title>Muere Alfonso Ca\u00f1ete, andaluz superviviente de Mauthausen - Intermedia Producciones<\/title>\n<meta name=\"robots\" content=\"index, follow, max-snippet:-1, max-image-preview:large, max-video-preview:-1\" \/>\n<link rel=\"canonical\" href=\"https:\/\/intermediaproducciones.com\/en\/muere-alfonso-canete-andaluz-superviviente-de-mauthausen\/\" \/>\n<meta property=\"og:locale\" content=\"en_GB\" \/>\n<meta property=\"og:type\" content=\"article\" \/>\n<meta property=\"og:title\" content=\"Muere Alfonso Ca\u00f1ete, andaluz superviviente de Mauthausen - Intermedia Producciones\" \/>\n<meta property=\"og:description\" content=\"Nos hemos enterado de una triste noticia: el fallecimiento de Alfonso Ca\u00f1ete, protagonista del documental &#8216;Memoria de las Cenizas&#8216;. Compartimos aqu\u00ed el homenaje que le hace \u00c1ngel de R\u00edo, coguionista del mismo junto a Eduardo Montero. Hace unos d\u00edas mor\u00eda en su ciudad de residencia Ivry Sur Seine, pr\u00f3xima a Par\u00eds, el cordob\u00e9s de Montalb\u00e1n [&hellip;]\" \/>\n<meta property=\"og:url\" content=\"https:\/\/intermediaproducciones.com\/en\/muere-alfonso-canete-andaluz-superviviente-de-mauthausen\/\" \/>\n<meta property=\"og:site_name\" content=\"Intermedia Producciones\" \/>\n<meta property=\"article:publisher\" content=\"https:\/\/www.facebook.com\/ProductoraIntermediaProducciones\" \/>\n<meta property=\"article:published_time\" content=\"2013-10-20T19:16:42+00:00\" \/>\n<meta property=\"article:modified_time\" content=\"2013-10-22T19:40:30+00:00\" \/>\n<meta property=\"og:image\" content=\"https:\/\/intermediaproducciones.com\/https:\/\/intermediaproducciones.com\/wp-content\/uploads\/2013\/10\/alfonso_caniete.jpg\" \/>\n<meta name=\"author\" content=\"Intermedia Producciones\" \/>\n<meta name=\"twitter:card\" content=\"summary_large_image\" \/>\n<meta name=\"twitter:label1\" content=\"Written by\" \/>\n\t<meta name=\"twitter:data1\" content=\"Intermedia Producciones\" \/>\n\t<meta name=\"twitter:label2\" content=\"Estimated reading time\" \/>\n\t<meta name=\"twitter:data2\" content=\"3 minutes\" \/>\n<script type=\"application\/ld+json\" class=\"yoast-schema-graph\">{\"@context\":\"https:\/\/schema.org\",\"@graph\":[{\"@type\":\"Article\",\"@id\":\"https:\/\/intermediaproducciones.com\/muere-alfonso-canete-andaluz-superviviente-de-mauthausen\/#article\",\"isPartOf\":{\"@id\":\"https:\/\/intermediaproducciones.com\/muere-alfonso-canete-andaluz-superviviente-de-mauthausen\/\"},\"author\":{\"name\":\"Intermedia Producciones\",\"@id\":\"https:\/\/intermediaproducciones.com\/#\/schema\/person\/7a7d709e77f232e65f14762c0719bb0b\"},\"headline\":\"Muere Alfonso Ca\u00f1ete, andaluz superviviente de Mauthausen\",\"datePublished\":\"2013-10-20T19:16:42+00:00\",\"dateModified\":\"2013-10-22T19:40:30+00:00\",\"mainEntityOfPage\":{\"@id\":\"https:\/\/intermediaproducciones.com\/muere-alfonso-canete-andaluz-superviviente-de-mauthausen\/\"},\"wordCount\":596,\"commentCount\":0,\"publisher\":{\"@id\":\"https:\/\/intermediaproducciones.com\/#organization\"},\"image\":{\"@id\":\"https:\/\/intermediaproducciones.com\/muere-alfonso-canete-andaluz-superviviente-de-mauthausen\/#primaryimage\"},\"thumbnailUrl\":\"https:\/\/intermediaproducciones.com\/https:\/\/intermediaproducciones.com\/wp-content\/uploads\/2013\/10\/alfonso_caniete.jpg\",\"keywords\":[\"\u00c1ngel del R\u00edo\",\"documental\",\"Eduardo Montero\",\"Memoria de las Cenizas\"],\"articleSection\":[\"Actualidad\",\"Comunicaci\u00f3n\"],\"inLanguage\":\"en-GB\"},{\"@type\":\"WebPage\",\"@id\":\"https:\/\/intermediaproducciones.com\/muere-alfonso-canete-andaluz-superviviente-de-mauthausen\/\",\"url\":\"https:\/\/intermediaproducciones.com\/muere-alfonso-canete-andaluz-superviviente-de-mauthausen\/\",\"name\":\"Muere Alfonso Ca\u00f1ete, andaluz superviviente de Mauthausen - Intermedia Producciones\",\"isPartOf\":{\"@id\":\"https:\/\/intermediaproducciones.com\/#website\"},\"primaryImageOfPage\":{\"@id\":\"https:\/\/intermediaproducciones.com\/muere-alfonso-canete-andaluz-superviviente-de-mauthausen\/#primaryimage\"},\"image\":{\"@id\":\"https:\/\/intermediaproducciones.com\/muere-alfonso-canete-andaluz-superviviente-de-mauthausen\/#primaryimage\"},\"thumbnailUrl\":\"https:\/\/intermediaproducciones.com\/https:\/\/intermediaproducciones.com\/wp-content\/uploads\/2013\/10\/alfonso_caniete.jpg\",\"datePublished\":\"2013-10-20T19:16:42+00:00\",\"dateModified\":\"2013-10-22T19:40:30+00:00\",\"breadcrumb\":{\"@id\":\"https:\/\/intermediaproducciones.com\/muere-alfonso-canete-andaluz-superviviente-de-mauthausen\/#breadcrumb\"},\"inLanguage\":\"en-GB\",\"potentialAction\":[{\"@type\":\"ReadAction\",\"target\":[\"https:\/\/intermediaproducciones.com\/muere-alfonso-canete-andaluz-superviviente-de-mauthausen\/\"]}]},{\"@type\":\"ImageObject\",\"inLanguage\":\"en-GB\",\"@id\":\"https:\/\/intermediaproducciones.com\/muere-alfonso-canete-andaluz-superviviente-de-mauthausen\/#primaryimage\",\"url\":\"https:\/\/intermediaproducciones.com\/https:\/\/intermediaproducciones.com\/wp-content\/uploads\/2013\/10\/alfonso_caniete.jpg\",\"contentUrl\":\"https:\/\/intermediaproducciones.com\/https:\/\/intermediaproducciones.com\/wp-content\/uploads\/2013\/10\/alfonso_caniete.jpg\"},{\"@type\":\"BreadcrumbList\",\"@id\":\"https:\/\/intermediaproducciones.com\/muere-alfonso-canete-andaluz-superviviente-de-mauthausen\/#breadcrumb\",\"itemListElement\":[{\"@type\":\"ListItem\",\"position\":1,\"name\":\"Portada\",\"item\":\"https:\/\/intermediaproducciones.com\/\"},{\"@type\":\"ListItem\",\"position\":2,\"name\":\"Muere Alfonso Ca\u00f1ete, andaluz superviviente de Mauthausen\"}]},{\"@type\":\"WebSite\",\"@id\":\"https:\/\/intermediaproducciones.com\/#website\",\"url\":\"https:\/\/intermediaproducciones.com\/\",\"name\":\"Intermedia Producciones\",\"description\":\"Miradas, Visiones y Realidades\",\"publisher\":{\"@id\":\"https:\/\/intermediaproducciones.com\/#organization\"},\"potentialAction\":[{\"@type\":\"SearchAction\",\"target\":{\"@type\":\"EntryPoint\",\"urlTemplate\":\"https:\/\/intermediaproducciones.com\/?s={search_term_string}\"},\"query-input\":{\"@type\":\"PropertyValueSpecification\",\"valueRequired\":true,\"valueName\":\"search_term_string\"}}],\"inLanguage\":\"en-GB\"},{\"@type\":\"Organization\",\"@id\":\"https:\/\/intermediaproducciones.com\/#organization\",\"name\":\"Intermedia Producciones\",\"url\":\"https:\/\/intermediaproducciones.com\/\",\"logo\":{\"@type\":\"ImageObject\",\"inLanguage\":\"en-GB\",\"@id\":\"https:\/\/intermediaproducciones.com\/#\/schema\/logo\/image\/\",\"url\":\"https:\/\/intermediaproducciones.com\/wp-content\/uploads\/2019\/02\/logo_intermedia.png\",\"contentUrl\":\"https:\/\/intermediaproducciones.com\/wp-content\/uploads\/2019\/02\/logo_intermedia.png\",\"width\":199,\"height\":216,\"caption\":\"Intermedia Producciones\"},\"image\":{\"@id\":\"https:\/\/intermediaproducciones.com\/#\/schema\/logo\/image\/\"},\"sameAs\":[\"https:\/\/www.facebook.com\/ProductoraIntermediaProducciones\",\"https:\/\/vimeo.com\/intermedia\",\"https:\/\/www.youtube.com\/user\/IntermediaProd\",\"https:\/\/www.instagram.com\/intermediaproducciones\/\",\"https:\/\/www.linkedin.com\/company\/intermedia-producciones\/\"]},{\"@type\":\"Person\",\"@id\":\"https:\/\/intermediaproducciones.com\/#\/schema\/person\/7a7d709e77f232e65f14762c0719bb0b\",\"name\":\"Intermedia Producciones\",\"image\":{\"@type\":\"ImageObject\",\"inLanguage\":\"en-GB\",\"@id\":\"https:\/\/intermediaproducciones.com\/#\/schema\/person\/image\/\",\"url\":\"https:\/\/secure.gravatar.com\/avatar\/?s=96&d=blank&r=g\",\"contentUrl\":\"https:\/\/secure.gravatar.com\/avatar\/?s=96&d=blank&r=g\",\"caption\":\"Intermedia Producciones\"},\"url\":\"https:\/\/intermediaproducciones.com\/en\/author\/intermedia-producciones\/\"}]}<\/script>\n<!-- \/ Yoast SEO plugin. -->","yoast_head_json":{"title":"Muere Alfonso Ca\u00f1ete, andaluz superviviente de Mauthausen - Intermedia Producciones","robots":{"index":"index","follow":"follow","max-snippet":"max-snippet:-1","max-image-preview":"max-image-preview:large","max-video-preview":"max-video-preview:-1"},"canonical":"https:\/\/intermediaproducciones.com\/en\/muere-alfonso-canete-andaluz-superviviente-de-mauthausen\/","og_locale":"en_GB","og_type":"article","og_title":"Muere Alfonso Ca\u00f1ete, andaluz superviviente de Mauthausen - Intermedia Producciones","og_description":"Nos hemos enterado de una triste noticia: el fallecimiento de Alfonso Ca\u00f1ete, protagonista del documental &#8216;Memoria de las Cenizas&#8216;. Compartimos aqu\u00ed el homenaje que le hace \u00c1ngel de R\u00edo, coguionista del mismo junto a Eduardo Montero. Hace unos d\u00edas mor\u00eda en su ciudad de residencia Ivry Sur Seine, pr\u00f3xima a Par\u00eds, el cordob\u00e9s de Montalb\u00e1n [&hellip;]","og_url":"https:\/\/intermediaproducciones.com\/en\/muere-alfonso-canete-andaluz-superviviente-de-mauthausen\/","og_site_name":"Intermedia Producciones","article_publisher":"https:\/\/www.facebook.com\/ProductoraIntermediaProducciones","article_published_time":"2013-10-20T19:16:42+00:00","article_modified_time":"2013-10-22T19:40:30+00:00","og_image":[{"url":"https:\/\/intermediaproducciones.com\/https:\/\/intermediaproducciones.com\/wp-content\/uploads\/2013\/10\/alfonso_caniete.jpg","type":"","width":"","height":""}],"author":"Intermedia Producciones","twitter_card":"summary_large_image","twitter_misc":{"Written by":"Intermedia Producciones","Estimated reading time":"3 minutes"},"schema":{"@context":"https:\/\/schema.org","@graph":[{"@type":"Article","@id":"https:\/\/intermediaproducciones.com\/muere-alfonso-canete-andaluz-superviviente-de-mauthausen\/#article","isPartOf":{"@id":"https:\/\/intermediaproducciones.com\/muere-alfonso-canete-andaluz-superviviente-de-mauthausen\/"},"author":{"name":"Intermedia Producciones","@id":"https:\/\/intermediaproducciones.com\/#\/schema\/person\/7a7d709e77f232e65f14762c0719bb0b"},"headline":"Muere Alfonso Ca\u00f1ete, andaluz superviviente de Mauthausen","datePublished":"2013-10-20T19:16:42+00:00","dateModified":"2013-10-22T19:40:30+00:00","mainEntityOfPage":{"@id":"https:\/\/intermediaproducciones.com\/muere-alfonso-canete-andaluz-superviviente-de-mauthausen\/"},"wordCount":596,"commentCount":0,"publisher":{"@id":"https:\/\/intermediaproducciones.com\/#organization"},"image":{"@id":"https:\/\/intermediaproducciones.com\/muere-alfonso-canete-andaluz-superviviente-de-mauthausen\/#primaryimage"},"thumbnailUrl":"https:\/\/intermediaproducciones.com\/https:\/\/intermediaproducciones.com\/wp-content\/uploads\/2013\/10\/alfonso_caniete.jpg","keywords":["\u00c1ngel del R\u00edo","documental","Eduardo Montero","Memoria de las Cenizas"],"articleSection":["Actualidad","Comunicaci\u00f3n"],"inLanguage":"en-GB"},{"@type":"WebPage","@id":"https:\/\/intermediaproducciones.com\/muere-alfonso-canete-andaluz-superviviente-de-mauthausen\/","url":"https:\/\/intermediaproducciones.com\/muere-alfonso-canete-andaluz-superviviente-de-mauthausen\/","name":"Muere Alfonso Ca\u00f1ete, andaluz superviviente de Mauthausen - Intermedia Producciones","isPartOf":{"@id":"https:\/\/intermediaproducciones.com\/#website"},"primaryImageOfPage":{"@id":"https:\/\/intermediaproducciones.com\/muere-alfonso-canete-andaluz-superviviente-de-mauthausen\/#primaryimage"},"image":{"@id":"https:\/\/intermediaproducciones.com\/muere-alfonso-canete-andaluz-superviviente-de-mauthausen\/#primaryimage"},"thumbnailUrl":"https:\/\/intermediaproducciones.com\/https:\/\/intermediaproducciones.com\/wp-content\/uploads\/2013\/10\/alfonso_caniete.jpg","datePublished":"2013-10-20T19:16:42+00:00","dateModified":"2013-10-22T19:40:30+00:00","breadcrumb":{"@id":"https:\/\/intermediaproducciones.com\/muere-alfonso-canete-andaluz-superviviente-de-mauthausen\/#breadcrumb"},"inLanguage":"en-GB","potentialAction":[{"@type":"ReadAction","target":["https:\/\/intermediaproducciones.com\/muere-alfonso-canete-andaluz-superviviente-de-mauthausen\/"]}]},{"@type":"ImageObject","inLanguage":"en-GB","@id":"https:\/\/intermediaproducciones.com\/muere-alfonso-canete-andaluz-superviviente-de-mauthausen\/#primaryimage","url":"https:\/\/intermediaproducciones.com\/https:\/\/intermediaproducciones.com\/wp-content\/uploads\/2013\/10\/alfonso_caniete.jpg","contentUrl":"https:\/\/intermediaproducciones.com\/https:\/\/intermediaproducciones.com\/wp-content\/uploads\/2013\/10\/alfonso_caniete.jpg"},{"@type":"BreadcrumbList","@id":"https:\/\/intermediaproducciones.com\/muere-alfonso-canete-andaluz-superviviente-de-mauthausen\/#breadcrumb","itemListElement":[{"@type":"ListItem","position":1,"name":"Portada","item":"https:\/\/intermediaproducciones.com\/"},{"@type":"ListItem","position":2,"name":"Muere Alfonso Ca\u00f1ete, andaluz superviviente de Mauthausen"}]},{"@type":"WebSite","@id":"https:\/\/intermediaproducciones.com\/#website","url":"https:\/\/intermediaproducciones.com\/","name":"Intermedia Producciones","description":"Miradas, Visiones y Realidades","publisher":{"@id":"https:\/\/intermediaproducciones.com\/#organization"},"potentialAction":[{"@type":"SearchAction","target":{"@type":"EntryPoint","urlTemplate":"https:\/\/intermediaproducciones.com\/?s={search_term_string}"},"query-input":{"@type":"PropertyValueSpecification","valueRequired":true,"valueName":"search_term_string"}}],"inLanguage":"en-GB"},{"@type":"Organization","@id":"https:\/\/intermediaproducciones.com\/#organization","name":"Intermedia Producciones","url":"https:\/\/intermediaproducciones.com\/","logo":{"@type":"ImageObject","inLanguage":"en-GB","@id":"https:\/\/intermediaproducciones.com\/#\/schema\/logo\/image\/","url":"https:\/\/intermediaproducciones.com\/wp-content\/uploads\/2019\/02\/logo_intermedia.png","contentUrl":"https:\/\/intermediaproducciones.com\/wp-content\/uploads\/2019\/02\/logo_intermedia.png","width":199,"height":216,"caption":"Intermedia Producciones"},"image":{"@id":"https:\/\/intermediaproducciones.com\/#\/schema\/logo\/image\/"},"sameAs":["https:\/\/www.facebook.com\/ProductoraIntermediaProducciones","https:\/\/vimeo.com\/intermedia","https:\/\/www.youtube.com\/user\/IntermediaProd","https:\/\/www.instagram.com\/intermediaproducciones\/","https:\/\/www.linkedin.com\/company\/intermedia-producciones\/"]},{"@type":"Person","@id":"https:\/\/intermediaproducciones.com\/#\/schema\/person\/7a7d709e77f232e65f14762c0719bb0b","name":"Intermedia Producciones","image":{"@type":"ImageObject","inLanguage":"en-GB","@id":"https:\/\/intermediaproducciones.com\/#\/schema\/person\/image\/","url":"https:\/\/secure.gravatar.com\/avatar\/?s=96&d=blank&r=g","contentUrl":"https:\/\/secure.gravatar.com\/avatar\/?s=96&d=blank&r=g","caption":"Intermedia Producciones"},"url":"https:\/\/intermediaproducciones.com\/en\/author\/intermedia-producciones\/"}]}},"_links":{"self":[{"href":"https:\/\/intermediaproducciones.com\/en\/wp-json\/wp\/v2\/posts\/1740","targetHints":{"allow":["GET"]}}],"collection":[{"href":"https:\/\/intermediaproducciones.com\/en\/wp-json\/wp\/v2\/posts"}],"about":[{"href":"https:\/\/intermediaproducciones.com\/en\/wp-json\/wp\/v2\/types\/post"}],"author":[{"embeddable":true,"href":"https:\/\/intermediaproducciones.com\/en\/wp-json\/wp\/v2\/users\/1"}],"replies":[{"embeddable":true,"href":"https:\/\/intermediaproducciones.com\/en\/wp-json\/wp\/v2\/comments?post=1740"}],"version-history":[{"count":3,"href":"https:\/\/intermediaproducciones.com\/en\/wp-json\/wp\/v2\/posts\/1740\/revisions"}],"predecessor-version":[{"id":1743,"href":"https:\/\/intermediaproducciones.com\/en\/wp-json\/wp\/v2\/posts\/1740\/revisions\/1743"}],"wp:attachment":[{"href":"https:\/\/intermediaproducciones.com\/en\/wp-json\/wp\/v2\/media?parent=1740"}],"wp:term":[{"taxonomy":"category","embeddable":true,"href":"https:\/\/intermediaproducciones.com\/en\/wp-json\/wp\/v2\/categories?post=1740"},{"taxonomy":"post_tag","embeddable":true,"href":"https:\/\/intermediaproducciones.com\/en\/wp-json\/wp\/v2\/tags?post=1740"}],"curies":[{"name":"wp","href":"https:\/\/api.w.org\/{rel}","templated":true}]}}