{"id":1745,"date":"2013-11-06T10:56:36","date_gmt":"2013-11-06T10:56:36","guid":{"rendered":"https:\/\/intermediaproducciones.com\/?p=1745"},"modified":"2013-11-06T18:25:23","modified_gmt":"2013-11-06T18:25:23","slug":"noviembre-en-marinaleda-ciclo-de-intermedia-en-la-sala-palopalo","status":"publish","type":"post","link":"https:\/\/intermediaproducciones.com\/en\/noviembre-en-marinaleda-ciclo-de-intermedia-en-la-sala-palopalo\/","title":{"rendered":"Noviembre en Marinaleda: Ciclo de Intermedia en la Sala PaloPalo"},"content":{"rendered":"<p>Estamos muy contentos de presentaros el ciclo de documentales de Intermedia que nos ha propuesto la\u00a0<a href=\"http:\/\/www.palopalo.es\/\" target=\"_blank\">sala Palo\u2605Palo<\/a> de Marinaleda. Se proyectar\u00e1n los martes de noviembre y el primer martes de diciembre a las 18:30.<\/p>\n<p style=\"text-align: center;\"><img loading=\"lazy\" decoding=\"async\" class=\"img-frame aligncenter\" alt=\"\" src=\"https:\/\/intermediaproducciones.com\/https:\/\/intermediaproducciones.com\/wp-content\/uploads\/2013\/10\/ciclopalopalo.jpg\" width=\"580\" height=\"801\" \/><\/p>\n<p style=\"text-align: left;\">Aqu\u00ed os dejamos la programaci\u00f3n:<\/p>\n<p>Martes 5 de noviembre, sesi\u00f3n doble con presentaci\u00f3n del ciclo a cargo de Intermedia:<br \/>\n18:30 \u00ab<a href=\"https:\/\/intermediaproducciones.com\/en\/portfolio\/prohibido-volar-disparan-al-aire\/\" target=\"_blank\">Prohibido Volar<\/a>\u00bb de Mariano Agudo y Julio S\u00e1nchez Veiga. 1997. 33&#8242;<br \/>\n19:10 \u00ab<a href=\"https:\/\/intermediaproducciones.com\/en\/portfolio\/la-fresa-amarga\/\" target=\"_blank\">Sour Strawberry<\/a>\u00bb de Mariano Agudo. 2002. 33&#8242;<\/p>\n<p>Martes 12 de noviembre:<br \/>\n\u00ab<a href=\"https:\/\/intermediaproducciones.com\/en\/portfolio\/la-defensa-del-algodon\/\" target=\"_blank\">The Defense of Cotton<\/a>\u00bb de Julio S\u00e1nchez Veiga. 2002. 88&#8242;<\/p>\n<p>Martes 19 de noviembre, presentaci\u00f3n a cargo de \u00c1ngel del R\u00edo:<br \/>\n\u00ab<a href=\"https:\/\/intermediaproducciones.com\/en\/portfolio\/memoria-de-las-cenizas\/\" target=\"_blank\">Memory of ashes<\/a>\u00bb de Eduardo Montero y \u00c1ngel del R\u00edo. 2011. 60&#8242;<\/p>\n<p>Martes 26 de noviembre, presentaci\u00f3n a cargo de Miguel Paredes:<br \/>\n\u00ab<a href=\"https:\/\/intermediaproducciones.com\/en\/portfolio\/la-madre-sola\/\" target=\"_blank\">The single mother<\/a>\u00bb de Miguel Paredes. 2010. 60&#8242;<\/p>\n<p>Martes 3 de diciembre:<br \/>\n\u00ab<a href=\"https:\/\/intermediaproducciones.com\/en\/portfolio\/guillena-1937\/\" target=\"_blank\">Guillena1937<\/a>\u00bb de Mariano Agudo. 2013. 60&#8242;<\/p>\n<p>&nbsp;<\/p>","protected":false},"excerpt":{"rendered":"<p>Estamos muy contentos de presentaros el ciclo de documentales de Intermedia que nos ha propuesto la\u00a0sala Palo\u2605Palo de Marinaleda. Se proyectar\u00e1n los martes de noviembre y el primer martes de diciembre a las 18:30. Aqu\u00ed os dejamos la programaci\u00f3n: Martes 5 de noviembre, sesi\u00f3n doble con presentaci\u00f3n del ciclo a cargo de Intermedia: 18:30 \u00abProhibido [&hellip;]<\/p>","protected":false},"author":1,"featured_media":0,"comment_status":"open","ping_status":"open","sticky":false,"template":"","format":"standard","meta":{"_acf_changed":false,"footnotes":""},"categories":[11,18],"tags":[118,117,24,202,201,35,102,108],"class_list":["post-1745","post","type-post","status-publish","format-standard","hentry","category-actualidad","category-comunicacion","tag-documental","tag-guillena-1937","tag-intermedia-producciones","tag-la-defensa-del-algodon","tag-la-fresa-amarga","tag-la-madre-sola","tag-memoria-de-las-cenizas","tag-prohibido-volar-disparan-al-aire"],"acf":[],"yoast_head":"<!-- This site is optimized with the Yoast SEO plugin v25.3.1 - https:\/\/yoast.com\/wordpress\/plugins\/seo\/ -->\n<title>Noviembre en Marinaleda: Ciclo de Intermedia en la Sala PaloPalo - Intermedia Producciones<\/title>\n<meta name=\"robots\" content=\"index, follow, max-snippet:-1, max-image-preview:large, max-video-preview:-1\" \/>\n<link rel=\"canonical\" href=\"https:\/\/intermediaproducciones.com\/en\/noviembre-en-marinaleda-ciclo-de-intermedia-en-la-sala-palopalo\/\" \/>\n<meta property=\"og:locale\" content=\"en_GB\" \/>\n<meta property=\"og:type\" content=\"article\" \/>\n<meta property=\"og:title\" content=\"Noviembre en Marinaleda: Ciclo de Intermedia en la Sala PaloPalo - Intermedia Producciones\" \/>\n<meta property=\"og:description\" content=\"Estamos muy contentos de presentaros el ciclo de documentales de Intermedia que nos ha propuesto la\u00a0sala Palo\u2605Palo de Marinaleda. Se proyectar\u00e1n los martes de noviembre y el primer martes de diciembre a las 18:30. Aqu\u00ed os dejamos la programaci\u00f3n: Martes 5 de noviembre, sesi\u00f3n doble con presentaci\u00f3n del ciclo a cargo de Intermedia: 18:30 \u00abProhibido [&hellip;]\" \/>\n<meta property=\"og:url\" content=\"https:\/\/intermediaproducciones.com\/en\/noviembre-en-marinaleda-ciclo-de-intermedia-en-la-sala-palopalo\/\" \/>\n<meta property=\"og:site_name\" content=\"Intermedia Producciones\" \/>\n<meta property=\"article:publisher\" content=\"https:\/\/www.facebook.com\/ProductoraIntermediaProducciones\" \/>\n<meta property=\"article:published_time\" content=\"2013-11-06T10:56:36+00:00\" \/>\n<meta property=\"article:modified_time\" content=\"2013-11-06T18:25:23+00:00\" \/>\n<meta property=\"og:image\" content=\"https:\/\/intermediaproducciones.com\/https:\/\/intermediaproducciones.com\/wp-content\/uploads\/2013\/10\/ciclopalopalo.jpg\" \/>\n<meta name=\"author\" content=\"Intermedia Producciones\" \/>\n<meta name=\"twitter:card\" content=\"summary_large_image\" \/>\n<meta name=\"twitter:label1\" content=\"Written by\" \/>\n\t<meta name=\"twitter:data1\" content=\"Intermedia Producciones\" \/>\n\t<meta name=\"twitter:label2\" content=\"Estimated reading time\" \/>\n\t<meta name=\"twitter:data2\" content=\"1 minute\" \/>\n<script type=\"application\/ld+json\" class=\"yoast-schema-graph\">{\"@context\":\"https:\/\/schema.org\",\"@graph\":[{\"@type\":\"Article\",\"@id\":\"https:\/\/intermediaproducciones.com\/en\/noviembre-en-marinaleda-ciclo-de-intermedia-en-la-sala-palopalo\/#article\",\"isPartOf\":{\"@id\":\"https:\/\/intermediaproducciones.com\/en\/noviembre-en-marinaleda-ciclo-de-intermedia-en-la-sala-palopalo\/\"},\"author\":{\"name\":\"Intermedia Producciones\",\"@id\":\"https:\/\/intermediaproducciones.com\/#\/schema\/person\/7a7d709e77f232e65f14762c0719bb0b\"},\"headline\":\"Noviembre en Marinaleda: Ciclo de Intermedia en la Sala PaloPalo\",\"datePublished\":\"2013-11-06T10:56:36+00:00\",\"dateModified\":\"2013-11-06T18:25:23+00:00\",\"mainEntityOfPage\":{\"@id\":\"https:\/\/intermediaproducciones.com\/en\/noviembre-en-marinaleda-ciclo-de-intermedia-en-la-sala-palopalo\/\"},\"wordCount\":144,\"commentCount\":1,\"publisher\":{\"@id\":\"https:\/\/intermediaproducciones.com\/#organization\"},\"image\":{\"@id\":\"https:\/\/intermediaproducciones.com\/en\/noviembre-en-marinaleda-ciclo-de-intermedia-en-la-sala-palopalo\/#primaryimage\"},\"thumbnailUrl\":\"https:\/\/intermediaproducciones.com\/https:\/\/intermediaproducciones.com\/wp-content\/uploads\/2013\/10\/ciclopalopalo.jpg\",\"keywords\":[\"documental\",\"Guillena 1937\",\"intermedia producciones\",\"La defensa del algod\u00f3n\",\"La Fresa Amarga\",\"La Madre Sola\",\"Memoria de las Cenizas\",\"Prohibido volar disparan al aire\"],\"articleSection\":[\"Actualidad\",\"Comunicaci\u00f3n\"],\"inLanguage\":\"en-GB\"},{\"@type\":\"WebPage\",\"@id\":\"https:\/\/intermediaproducciones.com\/en\/noviembre-en-marinaleda-ciclo-de-intermedia-en-la-sala-palopalo\/\",\"url\":\"https:\/\/intermediaproducciones.com\/en\/noviembre-en-marinaleda-ciclo-de-intermedia-en-la-sala-palopalo\/\",\"name\":\"Noviembre en Marinaleda: Ciclo de Intermedia en la Sala PaloPalo - Intermedia Producciones\",\"isPartOf\":{\"@id\":\"https:\/\/intermediaproducciones.com\/#website\"},\"primaryImageOfPage\":{\"@id\":\"https:\/\/intermediaproducciones.com\/en\/noviembre-en-marinaleda-ciclo-de-intermedia-en-la-sala-palopalo\/#primaryimage\"},\"image\":{\"@id\":\"https:\/\/intermediaproducciones.com\/en\/noviembre-en-marinaleda-ciclo-de-intermedia-en-la-sala-palopalo\/#primaryimage\"},\"thumbnailUrl\":\"https:\/\/intermediaproducciones.com\/https:\/\/intermediaproducciones.com\/wp-content\/uploads\/2013\/10\/ciclopalopalo.jpg\",\"datePublished\":\"2013-11-06T10:56:36+00:00\",\"dateModified\":\"2013-11-06T18:25:23+00:00\",\"breadcrumb\":{\"@id\":\"https:\/\/intermediaproducciones.com\/en\/noviembre-en-marinaleda-ciclo-de-intermedia-en-la-sala-palopalo\/#breadcrumb\"},\"inLanguage\":\"en-GB\",\"potentialAction\":[{\"@type\":\"ReadAction\",\"target\":[\"https:\/\/intermediaproducciones.com\/en\/noviembre-en-marinaleda-ciclo-de-intermedia-en-la-sala-palopalo\/\"]}]},{\"@type\":\"ImageObject\",\"inLanguage\":\"en-GB\",\"@id\":\"https:\/\/intermediaproducciones.com\/en\/noviembre-en-marinaleda-ciclo-de-intermedia-en-la-sala-palopalo\/#primaryimage\",\"url\":\"https:\/\/intermediaproducciones.com\/https:\/\/intermediaproducciones.com\/wp-content\/uploads\/2013\/10\/ciclopalopalo.jpg\",\"contentUrl\":\"https:\/\/intermediaproducciones.com\/https:\/\/intermediaproducciones.com\/wp-content\/uploads\/2013\/10\/ciclopalopalo.jpg\"},{\"@type\":\"BreadcrumbList\",\"@id\":\"https:\/\/intermediaproducciones.com\/en\/noviembre-en-marinaleda-ciclo-de-intermedia-en-la-sala-palopalo\/#breadcrumb\",\"itemListElement\":[{\"@type\":\"ListItem\",\"position\":1,\"name\":\"Portada\",\"item\":\"https:\/\/intermediaproducciones.com\/\"},{\"@type\":\"ListItem\",\"position\":2,\"name\":\"Noviembre en Marinaleda: Ciclo de Intermedia en la Sala PaloPalo\"}]},{\"@type\":\"WebSite\",\"@id\":\"https:\/\/intermediaproducciones.com\/#website\",\"url\":\"https:\/\/intermediaproducciones.com\/\",\"name\":\"Intermedia Producciones\",\"description\":\"Miradas, Visiones y Realidades\",\"publisher\":{\"@id\":\"https:\/\/intermediaproducciones.com\/#organization\"},\"potentialAction\":[{\"@type\":\"SearchAction\",\"target\":{\"@type\":\"EntryPoint\",\"urlTemplate\":\"https:\/\/intermediaproducciones.com\/?s={search_term_string}\"},\"query-input\":{\"@type\":\"PropertyValueSpecification\",\"valueRequired\":true,\"valueName\":\"search_term_string\"}}],\"inLanguage\":\"en-GB\"},{\"@type\":\"Organization\",\"@id\":\"https:\/\/intermediaproducciones.com\/#organization\",\"name\":\"Intermedia Producciones\",\"url\":\"https:\/\/intermediaproducciones.com\/\",\"logo\":{\"@type\":\"ImageObject\",\"inLanguage\":\"en-GB\",\"@id\":\"https:\/\/intermediaproducciones.com\/#\/schema\/logo\/image\/\",\"url\":\"https:\/\/intermediaproducciones.com\/wp-content\/uploads\/2019\/02\/logo_intermedia.png\",\"contentUrl\":\"https:\/\/intermediaproducciones.com\/wp-content\/uploads\/2019\/02\/logo_intermedia.png\",\"width\":199,\"height\":216,\"caption\":\"Intermedia Producciones\"},\"image\":{\"@id\":\"https:\/\/intermediaproducciones.com\/#\/schema\/logo\/image\/\"},\"sameAs\":[\"https:\/\/www.facebook.com\/ProductoraIntermediaProducciones\",\"https:\/\/vimeo.com\/intermedia\",\"https:\/\/www.youtube.com\/user\/IntermediaProd\",\"https:\/\/www.instagram.com\/intermediaproducciones\/\",\"https:\/\/www.linkedin.com\/company\/intermedia-producciones\/\"]},{\"@type\":\"Person\",\"@id\":\"https:\/\/intermediaproducciones.com\/#\/schema\/person\/7a7d709e77f232e65f14762c0719bb0b\",\"name\":\"Intermedia Producciones\",\"image\":{\"@type\":\"ImageObject\",\"inLanguage\":\"en-GB\",\"@id\":\"https:\/\/intermediaproducciones.com\/#\/schema\/person\/image\/\",\"url\":\"https:\/\/secure.gravatar.com\/avatar\/?s=96&d=blank&r=g\",\"contentUrl\":\"https:\/\/secure.gravatar.com\/avatar\/?s=96&d=blank&r=g\",\"caption\":\"Intermedia Producciones\"},\"url\":\"https:\/\/intermediaproducciones.com\/en\/author\/intermedia-producciones\/\"}]}<\/script>\n<!-- \/ Yoast SEO plugin. -->","yoast_head_json":{"title":"Noviembre en Marinaleda: Ciclo de Intermedia en la Sala PaloPalo - Intermedia Producciones","robots":{"index":"index","follow":"follow","max-snippet":"max-snippet:-1","max-image-preview":"max-image-preview:large","max-video-preview":"max-video-preview:-1"},"canonical":"https:\/\/intermediaproducciones.com\/en\/noviembre-en-marinaleda-ciclo-de-intermedia-en-la-sala-palopalo\/","og_locale":"en_GB","og_type":"article","og_title":"Noviembre en Marinaleda: Ciclo de Intermedia en la Sala PaloPalo - Intermedia Producciones","og_description":"Estamos muy contentos de presentaros el ciclo de documentales de Intermedia que nos ha propuesto la\u00a0sala Palo\u2605Palo de Marinaleda. Se proyectar\u00e1n los martes de noviembre y el primer martes de diciembre a las 18:30. Aqu\u00ed os dejamos la programaci\u00f3n: Martes 5 de noviembre, sesi\u00f3n doble con presentaci\u00f3n del ciclo a cargo de Intermedia: 18:30 \u00abProhibido [&hellip;]","og_url":"https:\/\/intermediaproducciones.com\/en\/noviembre-en-marinaleda-ciclo-de-intermedia-en-la-sala-palopalo\/","og_site_name":"Intermedia Producciones","article_publisher":"https:\/\/www.facebook.com\/ProductoraIntermediaProducciones","article_published_time":"2013-11-06T10:56:36+00:00","article_modified_time":"2013-11-06T18:25:23+00:00","og_image":[{"url":"https:\/\/intermediaproducciones.com\/https:\/\/intermediaproducciones.com\/wp-content\/uploads\/2013\/10\/ciclopalopalo.jpg","type":"","width":"","height":""}],"author":"Intermedia Producciones","twitter_card":"summary_large_image","twitter_misc":{"Written by":"Intermedia Producciones","Estimated reading time":"1 minute"},"schema":{"@context":"https:\/\/schema.org","@graph":[{"@type":"Article","@id":"https:\/\/intermediaproducciones.com\/en\/noviembre-en-marinaleda-ciclo-de-intermedia-en-la-sala-palopalo\/#article","isPartOf":{"@id":"https:\/\/intermediaproducciones.com\/en\/noviembre-en-marinaleda-ciclo-de-intermedia-en-la-sala-palopalo\/"},"author":{"name":"Intermedia Producciones","@id":"https:\/\/intermediaproducciones.com\/#\/schema\/person\/7a7d709e77f232e65f14762c0719bb0b"},"headline":"Noviembre en Marinaleda: Ciclo de Intermedia en la Sala PaloPalo","datePublished":"2013-11-06T10:56:36+00:00","dateModified":"2013-11-06T18:25:23+00:00","mainEntityOfPage":{"@id":"https:\/\/intermediaproducciones.com\/en\/noviembre-en-marinaleda-ciclo-de-intermedia-en-la-sala-palopalo\/"},"wordCount":144,"commentCount":1,"publisher":{"@id":"https:\/\/intermediaproducciones.com\/#organization"},"image":{"@id":"https:\/\/intermediaproducciones.com\/en\/noviembre-en-marinaleda-ciclo-de-intermedia-en-la-sala-palopalo\/#primaryimage"},"thumbnailUrl":"https:\/\/intermediaproducciones.com\/https:\/\/intermediaproducciones.com\/wp-content\/uploads\/2013\/10\/ciclopalopalo.jpg","keywords":["documental","Guillena 1937","intermedia producciones","La defensa del algod\u00f3n","La Fresa Amarga","La Madre Sola","Memoria de las Cenizas","Prohibido volar disparan al aire"],"articleSection":["Actualidad","Comunicaci\u00f3n"],"inLanguage":"en-GB"},{"@type":"WebPage","@id":"https:\/\/intermediaproducciones.com\/en\/noviembre-en-marinaleda-ciclo-de-intermedia-en-la-sala-palopalo\/","url":"https:\/\/intermediaproducciones.com\/en\/noviembre-en-marinaleda-ciclo-de-intermedia-en-la-sala-palopalo\/","name":"Noviembre en Marinaleda: Ciclo de Intermedia en la Sala PaloPalo - Intermedia Producciones","isPartOf":{"@id":"https:\/\/intermediaproducciones.com\/#website"},"primaryImageOfPage":{"@id":"https:\/\/intermediaproducciones.com\/en\/noviembre-en-marinaleda-ciclo-de-intermedia-en-la-sala-palopalo\/#primaryimage"},"image":{"@id":"https:\/\/intermediaproducciones.com\/en\/noviembre-en-marinaleda-ciclo-de-intermedia-en-la-sala-palopalo\/#primaryimage"},"thumbnailUrl":"https:\/\/intermediaproducciones.com\/https:\/\/intermediaproducciones.com\/wp-content\/uploads\/2013\/10\/ciclopalopalo.jpg","datePublished":"2013-11-06T10:56:36+00:00","dateModified":"2013-11-06T18:25:23+00:00","breadcrumb":{"@id":"https:\/\/intermediaproducciones.com\/en\/noviembre-en-marinaleda-ciclo-de-intermedia-en-la-sala-palopalo\/#breadcrumb"},"inLanguage":"en-GB","potentialAction":[{"@type":"ReadAction","target":["https:\/\/intermediaproducciones.com\/en\/noviembre-en-marinaleda-ciclo-de-intermedia-en-la-sala-palopalo\/"]}]},{"@type":"ImageObject","inLanguage":"en-GB","@id":"https:\/\/intermediaproducciones.com\/en\/noviembre-en-marinaleda-ciclo-de-intermedia-en-la-sala-palopalo\/#primaryimage","url":"https:\/\/intermediaproducciones.com\/https:\/\/intermediaproducciones.com\/wp-content\/uploads\/2013\/10\/ciclopalopalo.jpg","contentUrl":"https:\/\/intermediaproducciones.com\/https:\/\/intermediaproducciones.com\/wp-content\/uploads\/2013\/10\/ciclopalopalo.jpg"},{"@type":"BreadcrumbList","@id":"https:\/\/intermediaproducciones.com\/en\/noviembre-en-marinaleda-ciclo-de-intermedia-en-la-sala-palopalo\/#breadcrumb","itemListElement":[{"@type":"ListItem","position":1,"name":"Portada","item":"https:\/\/intermediaproducciones.com\/"},{"@type":"ListItem","position":2,"name":"Noviembre en Marinaleda: Ciclo de Intermedia en la Sala PaloPalo"}]},{"@type":"WebSite","@id":"https:\/\/intermediaproducciones.com\/#website","url":"https:\/\/intermediaproducciones.com\/","name":"Intermedia Producciones","description":"Miradas, Visiones y Realidades","publisher":{"@id":"https:\/\/intermediaproducciones.com\/#organization"},"potentialAction":[{"@type":"SearchAction","target":{"@type":"EntryPoint","urlTemplate":"https:\/\/intermediaproducciones.com\/?s={search_term_string}"},"query-input":{"@type":"PropertyValueSpecification","valueRequired":true,"valueName":"search_term_string"}}],"inLanguage":"en-GB"},{"@type":"Organization","@id":"https:\/\/intermediaproducciones.com\/#organization","name":"Intermedia Producciones","url":"https:\/\/intermediaproducciones.com\/","logo":{"@type":"ImageObject","inLanguage":"en-GB","@id":"https:\/\/intermediaproducciones.com\/#\/schema\/logo\/image\/","url":"https:\/\/intermediaproducciones.com\/wp-content\/uploads\/2019\/02\/logo_intermedia.png","contentUrl":"https:\/\/intermediaproducciones.com\/wp-content\/uploads\/2019\/02\/logo_intermedia.png","width":199,"height":216,"caption":"Intermedia Producciones"},"image":{"@id":"https:\/\/intermediaproducciones.com\/#\/schema\/logo\/image\/"},"sameAs":["https:\/\/www.facebook.com\/ProductoraIntermediaProducciones","https:\/\/vimeo.com\/intermedia","https:\/\/www.youtube.com\/user\/IntermediaProd","https:\/\/www.instagram.com\/intermediaproducciones\/","https:\/\/www.linkedin.com\/company\/intermedia-producciones\/"]},{"@type":"Person","@id":"https:\/\/intermediaproducciones.com\/#\/schema\/person\/7a7d709e77f232e65f14762c0719bb0b","name":"Intermedia Producciones","image":{"@type":"ImageObject","inLanguage":"en-GB","@id":"https:\/\/intermediaproducciones.com\/#\/schema\/person\/image\/","url":"https:\/\/secure.gravatar.com\/avatar\/?s=96&d=blank&r=g","contentUrl":"https:\/\/secure.gravatar.com\/avatar\/?s=96&d=blank&r=g","caption":"Intermedia Producciones"},"url":"https:\/\/intermediaproducciones.com\/en\/author\/intermedia-producciones\/"}]}},"_links":{"self":[{"href":"https:\/\/intermediaproducciones.com\/en\/wp-json\/wp\/v2\/posts\/1745","targetHints":{"allow":["GET"]}}],"collection":[{"href":"https:\/\/intermediaproducciones.com\/en\/wp-json\/wp\/v2\/posts"}],"about":[{"href":"https:\/\/intermediaproducciones.com\/en\/wp-json\/wp\/v2\/types\/post"}],"author":[{"embeddable":true,"href":"https:\/\/intermediaproducciones.com\/en\/wp-json\/wp\/v2\/users\/1"}],"replies":[{"embeddable":true,"href":"https:\/\/intermediaproducciones.com\/en\/wp-json\/wp\/v2\/comments?post=1745"}],"version-history":[{"count":5,"href":"https:\/\/intermediaproducciones.com\/en\/wp-json\/wp\/v2\/posts\/1745\/revisions"}],"predecessor-version":[{"id":1749,"href":"https:\/\/intermediaproducciones.com\/en\/wp-json\/wp\/v2\/posts\/1745\/revisions\/1749"}],"wp:attachment":[{"href":"https:\/\/intermediaproducciones.com\/en\/wp-json\/wp\/v2\/media?parent=1745"}],"wp:term":[{"taxonomy":"category","embeddable":true,"href":"https:\/\/intermediaproducciones.com\/en\/wp-json\/wp\/v2\/categories?post=1745"},{"taxonomy":"post_tag","embeddable":true,"href":"https:\/\/intermediaproducciones.com\/en\/wp-json\/wp\/v2\/tags?post=1745"}],"curies":[{"name":"wp","href":"https:\/\/api.w.org\/{rel}","templated":true}]}}