{"id":2220,"date":"2015-04-09T11:27:30","date_gmt":"2015-04-09T11:27:30","guid":{"rendered":"https:\/\/intermediaproducciones.com\/?p=2220"},"modified":"2015-09-18T08:10:13","modified_gmt":"2015-09-18T08:10:13","slug":"1742015-guillena1937-en-las-i-jornadas-republica-y-memoria-en-puerto-santa-maria","status":"publish","type":"post","link":"https:\/\/intermediaproducciones.com\/en\/1742015-guillena1937-en-las-i-jornadas-republica-y-memoria-en-puerto-santa-maria\/","title":{"rendered":"17\/4\/2015 &#8216;Guillena1937&#8217; en las I JORNADAS REP\u00daBLICA Y MEMORIA en Puerto Santa Mar\u00eda"},"content":{"rendered":"<p>Encantadxs de anunciar nuestra colaboraci\u00f3n con las I JORNADAS REP\u00daBLICA Y MEMORIA: PARA CONSTRUIR UN FUTURO DE DIGNIDAD en el Puerto de Santa Mar\u00eda con la proyecci\u00f3n de &#8216;<a href=\"https:\/\/intermediaproducciones.com\/en\/portfolio\/guillena-1937\/\" target=\"_blank\">Guillena 1937<\/a>&#8216; de Mariano Agudo y participaci\u00f3n en coloquio posterior.<\/p>\n<p>La proyecci\u00f3n tendr\u00e1 lugar el viernes 17 de abril a las 18:00 y la mesa redonda ser\u00e1 a las 19:15<\/p>\n<p>Lugar: Sal\u00f3n de actos de la Casa de Los Toru\u00f1os (Valdelagrana, El Puerto)<\/p>\n<p>\u00a1All\u00ed estaremos!<\/p>\n<p><img loading=\"lazy\" decoding=\"async\" class=\"img-frame\" src=\"https:\/\/intermediaproducciones.com\/wp-content\/uploads\/2015\/09\/CartelRepublicaMemoria.jpg\" alt=\"\" width=\"302\" height=\"426\" \/><\/p>\n<p>PROGRAMA<\/p>\n<p><span style=\"text-decoration: underline;\">Martes 14 de Abril<\/span>:<\/p>\n<p>&#8211; 18:30 h &#8211; PROYECCI\u00d3N DEL DOCUMENTAL:<\/p>\n<p>\u201c<b>Misiones Pedag\u00f3gicas<\/b> de la Rep\u00fablica\u201d de Gonzalo Tapia (55\u00b4)<\/p>\n<p>&#8211; 20:00 h \u2013 PRESENTACI\u00d3N DEL LIBRO \u201c<b>La escuela p\u00fablica republicana en El Puerto: entre la ilusi\u00f3n y la represi\u00f3n<\/b>\u201d,\u00a0 de Juan G\u00f3mez,\u00a0 editado por El Bolet\u00edn. Intervienen: El prologuista, Diego Caro Cancela, el editor Eduardo Albaladejo y el autor.<\/p>\n<p><b>Lugar<\/b>: Fundaci\u00f3n Rafael Alberti \u2013 C\/ Santo Domingo, 25. El Puerto de Santa Mar\u00eda<\/p>\n<p><span style=\"text-decoration: underline;\">Jueves 16 de Abril<\/span>:<\/p>\n<p>&#8211; 18:00 h.- PROYECCI\u00d3N DEL DOCUMENTAL: \u201c<b>La Sauceda, de la utop\u00eda al horror<\/b>\u201d (57\u00b4)<\/p>\n<p>&#8211; 19:15 h.- Performance de \u201c\u00a1<b>AY CARMELA<\/b>!\u201d a cargo de Mabel Carri\u00f3n y Paloma Mar\u00edn.<\/p>\n<p>&#8211; 19:30 h.- <b>MESA REDONDA Y COLOQUIO<\/b> con el director del documental, Juan Le\u00f3n Moriche, Carlos Perales (Grupo de Memoria Hist\u00f3rica de la Fundaci\u00f3n Alfonso Perales),\u00a0 y Andr\u00e9s Rebolledo, miembro del Foro por la Recuperaci\u00f3n de la Memoria hist\u00f3rica del Campo de Gibraltar.<\/p>\n<p><b>Lugar:<\/b> Sal\u00f3n de actos de la Casa de Los Toru\u00f1os (Valdelagrana, El Puerto).<\/p>\n<p><span style=\"text-decoration: underline;\">Viernes 17 de Abril<\/span>:<\/p>\n<p>&#8211; 18:00 h.\u00a0 PROYECCI\u00d3N DEL DOCUMENTAL: \u00ab<b>Guillena 1937<\/b>\u00bb ( 55\u00b4) de Mariano Agudo.<\/p>\n<p>&#8211; 19:15 h. <b>MESA REDONDA Y COLOQUIO<\/b> a cargo de\u00a0 Pilar Peruyera (Foro de la Memoria Hist\u00f3rica de El Puerto), Jos\u00e9 Mar\u00eda Arauz Velez (familiar de v\u00edctimas del franquismo y colaborador de diversos Foros de la Bah\u00eda por la Recuperaci\u00f3n de la Memoria), Santiago Moreno Tello (historiador de C\u00e1diz que ha investigado las \u201crosas de Tabacalera\u201d), Agust\u00edn Toranzo G\u00f3mez, de Intermedia Producciones y Antonio Villalpando, arque\u00f3logo de las fosas comunes del cementerio de Puerto Real.<\/p>\n<p><b>Lugar<\/b>: Sal\u00f3n de actos de la Casa de Los Toru\u00f1os (Valdelagrana, El Puerto).<\/p>\n<p><span style=\"text-decoration: underline;\">Del martes 14 al s\u00e1bado 18 de Abril:<\/span><\/p>\n<p>&#8211; <b>Exposici\u00f3n<\/b> de paneles sobre la Rep\u00fablica y la Memoria Hist\u00f3rica.<\/p>\n<p><b>Lugar<\/b>: Casa de Los Toru\u00f1os &#8211; Parque Metropolitano de Los Toru\u00f1os y Pinar de la Algaida &#8211; El Puerto de Santa Mar\u00eda.<\/p>\n<p><b><span style=\"text-decoration: underline;\">Organizan y colaboran<\/span><\/b>: Asociaci\u00f3n Super 8 \u2013 Editorial \u201cEl Bolet\u00edn\u201d &#8211; Parque Metropolitano de Los Toru\u00f1os y Pinal de la\u00a0 Algaida &#8211; Asociaci\u00f3n para la Recuperaci\u00f3n de la Memoria Hist\u00f3rica &#8211; Intermedia Producciones-Ayuntamiento de Puerto Real.<\/p>","protected":false},"excerpt":{"rendered":"<p>Encantadxs de anunciar nuestra colaboraci\u00f3n con las I JORNADAS REP\u00daBLICA Y MEMORIA: PARA CONSTRUIR UN FUTURO DE DIGNIDAD en el Puerto de Santa Mar\u00eda con la proyecci\u00f3n de &#8216;Guillena 1937&#8216; de Mariano Agudo y participaci\u00f3n en coloquio posterior. La proyecci\u00f3n tendr\u00e1 lugar el viernes 17 de abril a las 18:00 y la mesa redonda ser\u00e1 [&hellip;]<\/p>","protected":false},"author":1,"featured_media":0,"comment_status":"open","ping_status":"open","sticky":false,"template":"","format":"standard","meta":{"_acf_changed":false,"footnotes":""},"categories":[11,18,10,15],"tags":[26,27,118,117,24,23],"class_list":["post-2220","post","type-post","status-publish","format-standard","hentry","category-actualidad","category-comunicacion","category-eventos","category-proyecciones","tag-17-mujeres-de-guillena","tag-17-rosas-de-guillena","tag-documental","tag-guillena-1937","tag-intermedia-producciones","tag-mariano-agudo"],"acf":[],"yoast_head":"<!-- This site is optimized with the Yoast SEO plugin v25.3.1 - https:\/\/yoast.com\/wordpress\/plugins\/seo\/ -->\n<title>17\/4\/2015 &#039;Guillena1937&#039; en las I JORNADAS REP\u00daBLICA Y MEMORIA en Puerto Santa Mar\u00eda - Intermedia Producciones<\/title>\n<meta name=\"robots\" content=\"index, follow, max-snippet:-1, max-image-preview:large, max-video-preview:-1\" \/>\n<link rel=\"canonical\" href=\"https:\/\/intermediaproducciones.com\/en\/1742015-guillena1937-en-las-i-jornadas-republica-y-memoria-en-puerto-santa-maria\/\" \/>\n<meta property=\"og:locale\" content=\"en_GB\" \/>\n<meta property=\"og:type\" content=\"article\" \/>\n<meta property=\"og:title\" content=\"17\/4\/2015 &#039;Guillena1937&#039; en las I JORNADAS REP\u00daBLICA Y MEMORIA en Puerto Santa Mar\u00eda - Intermedia Producciones\" \/>\n<meta property=\"og:description\" content=\"Encantadxs de anunciar nuestra colaboraci\u00f3n con las I JORNADAS REP\u00daBLICA Y MEMORIA: PARA CONSTRUIR UN FUTURO DE DIGNIDAD en el Puerto de Santa Mar\u00eda con la proyecci\u00f3n de &#8216;Guillena 1937&#8216; de Mariano Agudo y participaci\u00f3n en coloquio posterior. La proyecci\u00f3n tendr\u00e1 lugar el viernes 17 de abril a las 18:00 y la mesa redonda ser\u00e1 [&hellip;]\" \/>\n<meta property=\"og:url\" content=\"https:\/\/intermediaproducciones.com\/en\/1742015-guillena1937-en-las-i-jornadas-republica-y-memoria-en-puerto-santa-maria\/\" \/>\n<meta property=\"og:site_name\" content=\"Intermedia Producciones\" \/>\n<meta property=\"article:publisher\" content=\"https:\/\/www.facebook.com\/ProductoraIntermediaProducciones\" \/>\n<meta property=\"article:published_time\" content=\"2015-04-09T11:27:30+00:00\" \/>\n<meta property=\"article:modified_time\" content=\"2015-09-18T08:10:13+00:00\" \/>\n<meta property=\"og:image\" content=\"https:\/\/intermediaproducciones.com\/wp-content\/uploads\/2015\/09\/CartelRepublicaMemoria.jpg\" \/>\n<meta name=\"author\" content=\"Intermedia Producciones\" \/>\n<meta name=\"twitter:card\" content=\"summary_large_image\" \/>\n<meta name=\"twitter:label1\" content=\"Written by\" \/>\n\t<meta name=\"twitter:data1\" content=\"Intermedia Producciones\" \/>\n\t<meta name=\"twitter:label2\" content=\"Estimated reading time\" \/>\n\t<meta name=\"twitter:data2\" content=\"2 minutes\" \/>\n<script type=\"application\/ld+json\" class=\"yoast-schema-graph\">{\"@context\":\"https:\/\/schema.org\",\"@graph\":[{\"@type\":\"Article\",\"@id\":\"https:\/\/intermediaproducciones.com\/1742015-guillena1937-en-las-i-jornadas-republica-y-memoria-en-puerto-santa-maria\/#article\",\"isPartOf\":{\"@id\":\"https:\/\/intermediaproducciones.com\/1742015-guillena1937-en-las-i-jornadas-republica-y-memoria-en-puerto-santa-maria\/\"},\"author\":{\"name\":\"Intermedia Producciones\",\"@id\":\"https:\/\/intermediaproducciones.com\/#\/schema\/person\/7a7d709e77f232e65f14762c0719bb0b\"},\"headline\":\"17\/4\/2015 &#8216;Guillena1937&#8217; en las I JORNADAS REP\u00daBLICA Y MEMORIA en Puerto Santa Mar\u00eda\",\"datePublished\":\"2015-04-09T11:27:30+00:00\",\"dateModified\":\"2015-09-18T08:10:13+00:00\",\"mainEntityOfPage\":{\"@id\":\"https:\/\/intermediaproducciones.com\/1742015-guillena1937-en-las-i-jornadas-republica-y-memoria-en-puerto-santa-maria\/\"},\"wordCount\":466,\"commentCount\":0,\"publisher\":{\"@id\":\"https:\/\/intermediaproducciones.com\/#organization\"},\"image\":{\"@id\":\"https:\/\/intermediaproducciones.com\/1742015-guillena1937-en-las-i-jornadas-republica-y-memoria-en-puerto-santa-maria\/#primaryimage\"},\"thumbnailUrl\":\"https:\/\/intermediaproducciones.com\/wp-content\/uploads\/2015\/09\/CartelRepublicaMemoria.jpg\",\"keywords\":[\"17 mujeres de guillena\",\"17 rosas de guillena\",\"documental\",\"Guillena 1937\",\"intermedia producciones\",\"mariano agudo\"],\"articleSection\":[\"Actualidad\",\"Comunicaci\u00f3n\",\"Eventos\",\"Proyecciones\"],\"inLanguage\":\"en-GB\"},{\"@type\":\"WebPage\",\"@id\":\"https:\/\/intermediaproducciones.com\/1742015-guillena1937-en-las-i-jornadas-republica-y-memoria-en-puerto-santa-maria\/\",\"url\":\"https:\/\/intermediaproducciones.com\/1742015-guillena1937-en-las-i-jornadas-republica-y-memoria-en-puerto-santa-maria\/\",\"name\":\"17\/4\/2015 'Guillena1937' en las I JORNADAS REP\u00daBLICA Y MEMORIA en Puerto Santa Mar\u00eda - Intermedia Producciones\",\"isPartOf\":{\"@id\":\"https:\/\/intermediaproducciones.com\/#website\"},\"primaryImageOfPage\":{\"@id\":\"https:\/\/intermediaproducciones.com\/1742015-guillena1937-en-las-i-jornadas-republica-y-memoria-en-puerto-santa-maria\/#primaryimage\"},\"image\":{\"@id\":\"https:\/\/intermediaproducciones.com\/1742015-guillena1937-en-las-i-jornadas-republica-y-memoria-en-puerto-santa-maria\/#primaryimage\"},\"thumbnailUrl\":\"https:\/\/intermediaproducciones.com\/wp-content\/uploads\/2015\/09\/CartelRepublicaMemoria.jpg\",\"datePublished\":\"2015-04-09T11:27:30+00:00\",\"dateModified\":\"2015-09-18T08:10:13+00:00\",\"breadcrumb\":{\"@id\":\"https:\/\/intermediaproducciones.com\/1742015-guillena1937-en-las-i-jornadas-republica-y-memoria-en-puerto-santa-maria\/#breadcrumb\"},\"inLanguage\":\"en-GB\",\"potentialAction\":[{\"@type\":\"ReadAction\",\"target\":[\"https:\/\/intermediaproducciones.com\/1742015-guillena1937-en-las-i-jornadas-republica-y-memoria-en-puerto-santa-maria\/\"]}]},{\"@type\":\"ImageObject\",\"inLanguage\":\"en-GB\",\"@id\":\"https:\/\/intermediaproducciones.com\/1742015-guillena1937-en-las-i-jornadas-republica-y-memoria-en-puerto-santa-maria\/#primaryimage\",\"url\":\"https:\/\/intermediaproducciones.com\/wp-content\/uploads\/2015\/09\/CartelRepublicaMemoria.jpg\",\"contentUrl\":\"https:\/\/intermediaproducciones.com\/wp-content\/uploads\/2015\/09\/CartelRepublicaMemoria.jpg\"},{\"@type\":\"BreadcrumbList\",\"@id\":\"https:\/\/intermediaproducciones.com\/1742015-guillena1937-en-las-i-jornadas-republica-y-memoria-en-puerto-santa-maria\/#breadcrumb\",\"itemListElement\":[{\"@type\":\"ListItem\",\"position\":1,\"name\":\"Portada\",\"item\":\"https:\/\/intermediaproducciones.com\/\"},{\"@type\":\"ListItem\",\"position\":2,\"name\":\"17\/4\/2015 &#8216;Guillena1937&#8217; en las I JORNADAS REP\u00daBLICA Y MEMORIA en Puerto Santa Mar\u00eda\"}]},{\"@type\":\"WebSite\",\"@id\":\"https:\/\/intermediaproducciones.com\/#website\",\"url\":\"https:\/\/intermediaproducciones.com\/\",\"name\":\"Intermedia Producciones\",\"description\":\"Miradas, Visiones y Realidades\",\"publisher\":{\"@id\":\"https:\/\/intermediaproducciones.com\/#organization\"},\"potentialAction\":[{\"@type\":\"SearchAction\",\"target\":{\"@type\":\"EntryPoint\",\"urlTemplate\":\"https:\/\/intermediaproducciones.com\/?s={search_term_string}\"},\"query-input\":{\"@type\":\"PropertyValueSpecification\",\"valueRequired\":true,\"valueName\":\"search_term_string\"}}],\"inLanguage\":\"en-GB\"},{\"@type\":\"Organization\",\"@id\":\"https:\/\/intermediaproducciones.com\/#organization\",\"name\":\"Intermedia Producciones\",\"url\":\"https:\/\/intermediaproducciones.com\/\",\"logo\":{\"@type\":\"ImageObject\",\"inLanguage\":\"en-GB\",\"@id\":\"https:\/\/intermediaproducciones.com\/#\/schema\/logo\/image\/\",\"url\":\"https:\/\/intermediaproducciones.com\/wp-content\/uploads\/2019\/02\/logo_intermedia.png\",\"contentUrl\":\"https:\/\/intermediaproducciones.com\/wp-content\/uploads\/2019\/02\/logo_intermedia.png\",\"width\":199,\"height\":216,\"caption\":\"Intermedia Producciones\"},\"image\":{\"@id\":\"https:\/\/intermediaproducciones.com\/#\/schema\/logo\/image\/\"},\"sameAs\":[\"https:\/\/www.facebook.com\/ProductoraIntermediaProducciones\",\"https:\/\/vimeo.com\/intermedia\",\"https:\/\/www.youtube.com\/user\/IntermediaProd\",\"https:\/\/www.instagram.com\/intermediaproducciones\/\",\"https:\/\/www.linkedin.com\/company\/intermedia-producciones\/\"]},{\"@type\":\"Person\",\"@id\":\"https:\/\/intermediaproducciones.com\/#\/schema\/person\/7a7d709e77f232e65f14762c0719bb0b\",\"name\":\"Intermedia Producciones\",\"image\":{\"@type\":\"ImageObject\",\"inLanguage\":\"en-GB\",\"@id\":\"https:\/\/intermediaproducciones.com\/#\/schema\/person\/image\/\",\"url\":\"https:\/\/secure.gravatar.com\/avatar\/?s=96&d=blank&r=g\",\"contentUrl\":\"https:\/\/secure.gravatar.com\/avatar\/?s=96&d=blank&r=g\",\"caption\":\"Intermedia Producciones\"},\"url\":\"https:\/\/intermediaproducciones.com\/en\/author\/intermedia-producciones\/\"}]}<\/script>\n<!-- \/ Yoast SEO plugin. -->","yoast_head_json":{"title":"17\/4\/2015 'Guillena1937' en las I JORNADAS REP\u00daBLICA Y MEMORIA en Puerto Santa Mar\u00eda - Intermedia Producciones","robots":{"index":"index","follow":"follow","max-snippet":"max-snippet:-1","max-image-preview":"max-image-preview:large","max-video-preview":"max-video-preview:-1"},"canonical":"https:\/\/intermediaproducciones.com\/en\/1742015-guillena1937-en-las-i-jornadas-republica-y-memoria-en-puerto-santa-maria\/","og_locale":"en_GB","og_type":"article","og_title":"17\/4\/2015 'Guillena1937' en las I JORNADAS REP\u00daBLICA Y MEMORIA en Puerto Santa Mar\u00eda - Intermedia Producciones","og_description":"Encantadxs de anunciar nuestra colaboraci\u00f3n con las I JORNADAS REP\u00daBLICA Y MEMORIA: PARA CONSTRUIR UN FUTURO DE DIGNIDAD en el Puerto de Santa Mar\u00eda con la proyecci\u00f3n de &#8216;Guillena 1937&#8216; de Mariano Agudo y participaci\u00f3n en coloquio posterior. La proyecci\u00f3n tendr\u00e1 lugar el viernes 17 de abril a las 18:00 y la mesa redonda ser\u00e1 [&hellip;]","og_url":"https:\/\/intermediaproducciones.com\/en\/1742015-guillena1937-en-las-i-jornadas-republica-y-memoria-en-puerto-santa-maria\/","og_site_name":"Intermedia Producciones","article_publisher":"https:\/\/www.facebook.com\/ProductoraIntermediaProducciones","article_published_time":"2015-04-09T11:27:30+00:00","article_modified_time":"2015-09-18T08:10:13+00:00","og_image":[{"url":"https:\/\/intermediaproducciones.com\/wp-content\/uploads\/2015\/09\/CartelRepublicaMemoria.jpg","type":"","width":"","height":""}],"author":"Intermedia Producciones","twitter_card":"summary_large_image","twitter_misc":{"Written by":"Intermedia Producciones","Estimated reading time":"2 minutes"},"schema":{"@context":"https:\/\/schema.org","@graph":[{"@type":"Article","@id":"https:\/\/intermediaproducciones.com\/1742015-guillena1937-en-las-i-jornadas-republica-y-memoria-en-puerto-santa-maria\/#article","isPartOf":{"@id":"https:\/\/intermediaproducciones.com\/1742015-guillena1937-en-las-i-jornadas-republica-y-memoria-en-puerto-santa-maria\/"},"author":{"name":"Intermedia Producciones","@id":"https:\/\/intermediaproducciones.com\/#\/schema\/person\/7a7d709e77f232e65f14762c0719bb0b"},"headline":"17\/4\/2015 &#8216;Guillena1937&#8217; en las I JORNADAS REP\u00daBLICA Y MEMORIA en Puerto Santa Mar\u00eda","datePublished":"2015-04-09T11:27:30+00:00","dateModified":"2015-09-18T08:10:13+00:00","mainEntityOfPage":{"@id":"https:\/\/intermediaproducciones.com\/1742015-guillena1937-en-las-i-jornadas-republica-y-memoria-en-puerto-santa-maria\/"},"wordCount":466,"commentCount":0,"publisher":{"@id":"https:\/\/intermediaproducciones.com\/#organization"},"image":{"@id":"https:\/\/intermediaproducciones.com\/1742015-guillena1937-en-las-i-jornadas-republica-y-memoria-en-puerto-santa-maria\/#primaryimage"},"thumbnailUrl":"https:\/\/intermediaproducciones.com\/wp-content\/uploads\/2015\/09\/CartelRepublicaMemoria.jpg","keywords":["17 mujeres de guillena","17 rosas de guillena","documental","Guillena 1937","intermedia producciones","mariano agudo"],"articleSection":["Actualidad","Comunicaci\u00f3n","Eventos","Proyecciones"],"inLanguage":"en-GB"},{"@type":"WebPage","@id":"https:\/\/intermediaproducciones.com\/1742015-guillena1937-en-las-i-jornadas-republica-y-memoria-en-puerto-santa-maria\/","url":"https:\/\/intermediaproducciones.com\/1742015-guillena1937-en-las-i-jornadas-republica-y-memoria-en-puerto-santa-maria\/","name":"17\/4\/2015 'Guillena1937' en las I JORNADAS REP\u00daBLICA Y MEMORIA en Puerto Santa Mar\u00eda - Intermedia Producciones","isPartOf":{"@id":"https:\/\/intermediaproducciones.com\/#website"},"primaryImageOfPage":{"@id":"https:\/\/intermediaproducciones.com\/1742015-guillena1937-en-las-i-jornadas-republica-y-memoria-en-puerto-santa-maria\/#primaryimage"},"image":{"@id":"https:\/\/intermediaproducciones.com\/1742015-guillena1937-en-las-i-jornadas-republica-y-memoria-en-puerto-santa-maria\/#primaryimage"},"thumbnailUrl":"https:\/\/intermediaproducciones.com\/wp-content\/uploads\/2015\/09\/CartelRepublicaMemoria.jpg","datePublished":"2015-04-09T11:27:30+00:00","dateModified":"2015-09-18T08:10:13+00:00","breadcrumb":{"@id":"https:\/\/intermediaproducciones.com\/1742015-guillena1937-en-las-i-jornadas-republica-y-memoria-en-puerto-santa-maria\/#breadcrumb"},"inLanguage":"en-GB","potentialAction":[{"@type":"ReadAction","target":["https:\/\/intermediaproducciones.com\/1742015-guillena1937-en-las-i-jornadas-republica-y-memoria-en-puerto-santa-maria\/"]}]},{"@type":"ImageObject","inLanguage":"en-GB","@id":"https:\/\/intermediaproducciones.com\/1742015-guillena1937-en-las-i-jornadas-republica-y-memoria-en-puerto-santa-maria\/#primaryimage","url":"https:\/\/intermediaproducciones.com\/wp-content\/uploads\/2015\/09\/CartelRepublicaMemoria.jpg","contentUrl":"https:\/\/intermediaproducciones.com\/wp-content\/uploads\/2015\/09\/CartelRepublicaMemoria.jpg"},{"@type":"BreadcrumbList","@id":"https:\/\/intermediaproducciones.com\/1742015-guillena1937-en-las-i-jornadas-republica-y-memoria-en-puerto-santa-maria\/#breadcrumb","itemListElement":[{"@type":"ListItem","position":1,"name":"Portada","item":"https:\/\/intermediaproducciones.com\/"},{"@type":"ListItem","position":2,"name":"17\/4\/2015 &#8216;Guillena1937&#8217; en las I JORNADAS REP\u00daBLICA Y MEMORIA en Puerto Santa Mar\u00eda"}]},{"@type":"WebSite","@id":"https:\/\/intermediaproducciones.com\/#website","url":"https:\/\/intermediaproducciones.com\/","name":"Intermedia Producciones","description":"Miradas, Visiones y Realidades","publisher":{"@id":"https:\/\/intermediaproducciones.com\/#organization"},"potentialAction":[{"@type":"SearchAction","target":{"@type":"EntryPoint","urlTemplate":"https:\/\/intermediaproducciones.com\/?s={search_term_string}"},"query-input":{"@type":"PropertyValueSpecification","valueRequired":true,"valueName":"search_term_string"}}],"inLanguage":"en-GB"},{"@type":"Organization","@id":"https:\/\/intermediaproducciones.com\/#organization","name":"Intermedia Producciones","url":"https:\/\/intermediaproducciones.com\/","logo":{"@type":"ImageObject","inLanguage":"en-GB","@id":"https:\/\/intermediaproducciones.com\/#\/schema\/logo\/image\/","url":"https:\/\/intermediaproducciones.com\/wp-content\/uploads\/2019\/02\/logo_intermedia.png","contentUrl":"https:\/\/intermediaproducciones.com\/wp-content\/uploads\/2019\/02\/logo_intermedia.png","width":199,"height":216,"caption":"Intermedia Producciones"},"image":{"@id":"https:\/\/intermediaproducciones.com\/#\/schema\/logo\/image\/"},"sameAs":["https:\/\/www.facebook.com\/ProductoraIntermediaProducciones","https:\/\/vimeo.com\/intermedia","https:\/\/www.youtube.com\/user\/IntermediaProd","https:\/\/www.instagram.com\/intermediaproducciones\/","https:\/\/www.linkedin.com\/company\/intermedia-producciones\/"]},{"@type":"Person","@id":"https:\/\/intermediaproducciones.com\/#\/schema\/person\/7a7d709e77f232e65f14762c0719bb0b","name":"Intermedia Producciones","image":{"@type":"ImageObject","inLanguage":"en-GB","@id":"https:\/\/intermediaproducciones.com\/#\/schema\/person\/image\/","url":"https:\/\/secure.gravatar.com\/avatar\/?s=96&d=blank&r=g","contentUrl":"https:\/\/secure.gravatar.com\/avatar\/?s=96&d=blank&r=g","caption":"Intermedia Producciones"},"url":"https:\/\/intermediaproducciones.com\/en\/author\/intermedia-producciones\/"}]}},"_links":{"self":[{"href":"https:\/\/intermediaproducciones.com\/en\/wp-json\/wp\/v2\/posts\/2220","targetHints":{"allow":["GET"]}}],"collection":[{"href":"https:\/\/intermediaproducciones.com\/en\/wp-json\/wp\/v2\/posts"}],"about":[{"href":"https:\/\/intermediaproducciones.com\/en\/wp-json\/wp\/v2\/types\/post"}],"author":[{"embeddable":true,"href":"https:\/\/intermediaproducciones.com\/en\/wp-json\/wp\/v2\/users\/1"}],"replies":[{"embeddable":true,"href":"https:\/\/intermediaproducciones.com\/en\/wp-json\/wp\/v2\/comments?post=2220"}],"version-history":[{"count":6,"href":"https:\/\/intermediaproducciones.com\/en\/wp-json\/wp\/v2\/posts\/2220\/revisions"}],"predecessor-version":[{"id":2340,"href":"https:\/\/intermediaproducciones.com\/en\/wp-json\/wp\/v2\/posts\/2220\/revisions\/2340"}],"wp:attachment":[{"href":"https:\/\/intermediaproducciones.com\/en\/wp-json\/wp\/v2\/media?parent=2220"}],"wp:term":[{"taxonomy":"category","embeddable":true,"href":"https:\/\/intermediaproducciones.com\/en\/wp-json\/wp\/v2\/categories?post=2220"},{"taxonomy":"post_tag","embeddable":true,"href":"https:\/\/intermediaproducciones.com\/en\/wp-json\/wp\/v2\/tags?post=2220"}],"curies":[{"name":"wp","href":"https:\/\/api.w.org\/{rel}","templated":true}]}}