{"id":264,"date":"2011-04-12T20:00:31","date_gmt":"2011-04-12T20:00:31","guid":{"rendered":"http:\/\/localhost\/wp\/?p=264"},"modified":"2012-05-23T10:58:19","modified_gmt":"2012-05-23T10:58:19","slug":"memoria-de-las-cenizas-inicia-su-rodaje","status":"publish","type":"post","link":"https:\/\/intermediaproducciones.com\/en\/memoria-de-las-cenizas-inicia-su-rodaje\/","title":{"rendered":"Memoria de las Cenizas inicia su rodaje"},"content":{"rendered":"<p>Intermedia inicia el rodaje de Memoria de las Cenizas, un documental de Eduardo Montero y \u00c1ngel del R\u00ed\u00ado, que profundiza en el drama de los deportados espa\u00f1oles en los campos de exterminio nazi.<\/p>\n<p>A trav\u00e9s de la memoria de los supervivientes y sus familiares, se explora uno de los acontecimientos m\u00e1s deleznables del siglo XX.<\/p>\n<p>En este ambicioso rodaje , el equipo de Intermedia recorrer\u00e1 Andaluc\u00ed\u00ada, Murcia, Catalu\u00f1a, Francia y Austria para encontrase con los deportados antifascistas, supervivientes del holocausto nazi, y mostrarnos los escenarios de la tragedia.<\/p>\n<p><img loading=\"lazy\" decoding=\"async\" class=\"img-frame\" src=\"https:\/\/intermediaproducciones.com\/wp-content\/uploads\/2011\/11\/IMG_9378.JPG\" alt=\"\" width=\"567\" height=\"378\" \/><\/p>\n<p style=\"text-align: justify;\">\u00c9sta es la quinta producci\u00f3n de Intermedia vinculada a la recuperaci\u00f3n de la memoria hist\u00f3rica. En 2004, con Presos del Silencio, conocimos el trabajo esclavo al sometieron a los presos antifranquista. M\u00e1s tarde, La Partida(2007) nos acerc\u00f3 a los \u00faltimos d\u00ed\u00adas de la guerrilla antifranquista. El Laberinto Marroqu\u00ed\u00ad (2007) analiz\u00f3 el colonialismo espa\u00f1ol en Marruecos y sus consecuencia directa sobre la Guerra Civil espa\u00f1ola. En 2010, gracias a La Madre Sola, conocimos el drama de las madres solteras durante el franquismo y los fundamentos del patriarcado en el ideario del nacional catolicismo espa\u00f1ol.<\/p>\n<p style=\"text-align: justify;\">As\u00ed\u00ad, hemos llegado a 2011, embarcarnos en un nuevo proyecto: Memoria de las Cenizas, un documental necesario que ha de servir para homenajear a los antifascistas espa\u00f1oles supervivientes de la barbarie nazi.<\/p>\n<p>&nbsp;<\/p>\n<p><iframe loading=\"lazy\" src=\"http:\/\/player.vimeo.com\/video\/16551029?title=0&amp;byline=0&amp;portrait=0&amp;color=be1d1d\" frameborder=\"0\" width=\"580\" height=\"326\"><\/iframe><\/p>","protected":false},"excerpt":{"rendered":"<p>Intermedia inicia el rodaje de Memoria de las Cenizas, un documental de Eduardo Montero y \u00c1ngel del R\u00ed\u00ado, que profundiza en el drama de los deportados espa\u00f1oles en los campos de exterminio nazi. A trav\u00e9s de la memoria de los supervivientes y sus familiares, se explora uno de los acontecimientos m\u00e1s deleznables del siglo XX. [&hellip;]<\/p>","protected":false},"author":1,"featured_media":0,"comment_status":"open","ping_status":"open","sticky":false,"template":"","format":"standard","meta":{"_acf_changed":false,"footnotes":""},"categories":[12],"tags":[72,73,70,24,102,28],"class_list":["post-264","post","type-post","status-publish","format-standard","hentry","category-rodajes","tag-angel-del-rio","tag-campos-de-concentracion-nazis","tag-eduardo-montero","tag-intermedia-producciones","tag-memoria-de-las-cenizas","tag-memoria-historica"],"acf":[],"yoast_head":"<!-- This site is optimized with the Yoast SEO plugin v25.3.1 - https:\/\/yoast.com\/wordpress\/plugins\/seo\/ -->\n<title>Memoria de las Cenizas inicia su rodaje - Intermedia Producciones<\/title>\n<meta name=\"robots\" content=\"index, follow, max-snippet:-1, max-image-preview:large, max-video-preview:-1\" \/>\n<link rel=\"canonical\" href=\"https:\/\/intermediaproducciones.com\/en\/memoria-de-las-cenizas-inicia-su-rodaje\/\" \/>\n<meta property=\"og:locale\" content=\"en_GB\" \/>\n<meta property=\"og:type\" content=\"article\" \/>\n<meta property=\"og:title\" content=\"Memoria de las Cenizas inicia su rodaje - Intermedia Producciones\" \/>\n<meta property=\"og:description\" content=\"Intermedia inicia el rodaje de Memoria de las Cenizas, un documental de Eduardo Montero y \u00c1ngel del R\u00ed\u00ado, que profundiza en el drama de los deportados espa\u00f1oles en los campos de exterminio nazi. A trav\u00e9s de la memoria de los supervivientes y sus familiares, se explora uno de los acontecimientos m\u00e1s deleznables del siglo XX. [&hellip;]\" \/>\n<meta property=\"og:url\" content=\"https:\/\/intermediaproducciones.com\/en\/memoria-de-las-cenizas-inicia-su-rodaje\/\" \/>\n<meta property=\"og:site_name\" content=\"Intermedia Producciones\" \/>\n<meta property=\"article:publisher\" content=\"https:\/\/www.facebook.com\/ProductoraIntermediaProducciones\" \/>\n<meta property=\"article:published_time\" content=\"2011-04-12T20:00:31+00:00\" \/>\n<meta property=\"article:modified_time\" content=\"2012-05-23T10:58:19+00:00\" \/>\n<meta property=\"og:image\" content=\"https:\/\/intermediaproducciones.com\/wp-content\/uploads\/2011\/11\/IMG_9378.JPG\" \/>\n<meta name=\"author\" content=\"Intermedia Producciones\" \/>\n<meta name=\"twitter:card\" content=\"summary_large_image\" \/>\n<meta name=\"twitter:label1\" content=\"Written by\" \/>\n\t<meta name=\"twitter:data1\" content=\"Intermedia Producciones\" \/>\n\t<meta name=\"twitter:label2\" content=\"Estimated reading time\" \/>\n\t<meta name=\"twitter:data2\" content=\"1 minute\" \/>\n<script type=\"application\/ld+json\" class=\"yoast-schema-graph\">{\"@context\":\"https:\/\/schema.org\",\"@graph\":[{\"@type\":\"Article\",\"@id\":\"https:\/\/intermediaproducciones.com\/memoria-de-las-cenizas-inicia-su-rodaje\/#article\",\"isPartOf\":{\"@id\":\"https:\/\/intermediaproducciones.com\/memoria-de-las-cenizas-inicia-su-rodaje\/\"},\"author\":{\"name\":\"Intermedia Producciones\",\"@id\":\"https:\/\/intermediaproducciones.com\/#\/schema\/person\/7a7d709e77f232e65f14762c0719bb0b\"},\"headline\":\"Memoria de las Cenizas inicia su rodaje\",\"datePublished\":\"2011-04-12T20:00:31+00:00\",\"dateModified\":\"2012-05-23T10:58:19+00:00\",\"mainEntityOfPage\":{\"@id\":\"https:\/\/intermediaproducciones.com\/memoria-de-las-cenizas-inicia-su-rodaje\/\"},\"wordCount\":231,\"commentCount\":0,\"publisher\":{\"@id\":\"https:\/\/intermediaproducciones.com\/#organization\"},\"image\":{\"@id\":\"https:\/\/intermediaproducciones.com\/memoria-de-las-cenizas-inicia-su-rodaje\/#primaryimage\"},\"thumbnailUrl\":\"https:\/\/intermediaproducciones.com\/wp-content\/uploads\/2011\/11\/IMG_9378.JPG\",\"keywords\":[\"\u00c1ngel del R\u00edo\",\"campos de concentraci\u00f3n nazis\",\"Eduardo Montero\",\"intermedia producciones\",\"Memoria de las Cenizas\",\"memoria hist\u00f3rica\"],\"articleSection\":[\"Rodajes\"],\"inLanguage\":\"en-GB\"},{\"@type\":\"WebPage\",\"@id\":\"https:\/\/intermediaproducciones.com\/memoria-de-las-cenizas-inicia-su-rodaje\/\",\"url\":\"https:\/\/intermediaproducciones.com\/memoria-de-las-cenizas-inicia-su-rodaje\/\",\"name\":\"Memoria de las Cenizas inicia su rodaje - Intermedia Producciones\",\"isPartOf\":{\"@id\":\"https:\/\/intermediaproducciones.com\/#website\"},\"primaryImageOfPage\":{\"@id\":\"https:\/\/intermediaproducciones.com\/memoria-de-las-cenizas-inicia-su-rodaje\/#primaryimage\"},\"image\":{\"@id\":\"https:\/\/intermediaproducciones.com\/memoria-de-las-cenizas-inicia-su-rodaje\/#primaryimage\"},\"thumbnailUrl\":\"https:\/\/intermediaproducciones.com\/wp-content\/uploads\/2011\/11\/IMG_9378.JPG\",\"datePublished\":\"2011-04-12T20:00:31+00:00\",\"dateModified\":\"2012-05-23T10:58:19+00:00\",\"breadcrumb\":{\"@id\":\"https:\/\/intermediaproducciones.com\/memoria-de-las-cenizas-inicia-su-rodaje\/#breadcrumb\"},\"inLanguage\":\"en-GB\",\"potentialAction\":[{\"@type\":\"ReadAction\",\"target\":[\"https:\/\/intermediaproducciones.com\/memoria-de-las-cenizas-inicia-su-rodaje\/\"]}]},{\"@type\":\"ImageObject\",\"inLanguage\":\"en-GB\",\"@id\":\"https:\/\/intermediaproducciones.com\/memoria-de-las-cenizas-inicia-su-rodaje\/#primaryimage\",\"url\":\"https:\/\/intermediaproducciones.com\/wp-content\/uploads\/2011\/11\/IMG_9378.JPG\",\"contentUrl\":\"https:\/\/intermediaproducciones.com\/wp-content\/uploads\/2011\/11\/IMG_9378.JPG\"},{\"@type\":\"BreadcrumbList\",\"@id\":\"https:\/\/intermediaproducciones.com\/memoria-de-las-cenizas-inicia-su-rodaje\/#breadcrumb\",\"itemListElement\":[{\"@type\":\"ListItem\",\"position\":1,\"name\":\"Portada\",\"item\":\"https:\/\/intermediaproducciones.com\/\"},{\"@type\":\"ListItem\",\"position\":2,\"name\":\"Memoria de las Cenizas inicia su rodaje\"}]},{\"@type\":\"WebSite\",\"@id\":\"https:\/\/intermediaproducciones.com\/#website\",\"url\":\"https:\/\/intermediaproducciones.com\/\",\"name\":\"Intermedia Producciones\",\"description\":\"Miradas, Visiones y Realidades\",\"publisher\":{\"@id\":\"https:\/\/intermediaproducciones.com\/#organization\"},\"potentialAction\":[{\"@type\":\"SearchAction\",\"target\":{\"@type\":\"EntryPoint\",\"urlTemplate\":\"https:\/\/intermediaproducciones.com\/?s={search_term_string}\"},\"query-input\":{\"@type\":\"PropertyValueSpecification\",\"valueRequired\":true,\"valueName\":\"search_term_string\"}}],\"inLanguage\":\"en-GB\"},{\"@type\":\"Organization\",\"@id\":\"https:\/\/intermediaproducciones.com\/#organization\",\"name\":\"Intermedia Producciones\",\"url\":\"https:\/\/intermediaproducciones.com\/\",\"logo\":{\"@type\":\"ImageObject\",\"inLanguage\":\"en-GB\",\"@id\":\"https:\/\/intermediaproducciones.com\/#\/schema\/logo\/image\/\",\"url\":\"https:\/\/intermediaproducciones.com\/wp-content\/uploads\/2019\/02\/logo_intermedia.png\",\"contentUrl\":\"https:\/\/intermediaproducciones.com\/wp-content\/uploads\/2019\/02\/logo_intermedia.png\",\"width\":199,\"height\":216,\"caption\":\"Intermedia Producciones\"},\"image\":{\"@id\":\"https:\/\/intermediaproducciones.com\/#\/schema\/logo\/image\/\"},\"sameAs\":[\"https:\/\/www.facebook.com\/ProductoraIntermediaProducciones\",\"https:\/\/vimeo.com\/intermedia\",\"https:\/\/www.youtube.com\/user\/IntermediaProd\",\"https:\/\/www.instagram.com\/intermediaproducciones\/\",\"https:\/\/www.linkedin.com\/company\/intermedia-producciones\/\"]},{\"@type\":\"Person\",\"@id\":\"https:\/\/intermediaproducciones.com\/#\/schema\/person\/7a7d709e77f232e65f14762c0719bb0b\",\"name\":\"Intermedia Producciones\",\"image\":{\"@type\":\"ImageObject\",\"inLanguage\":\"en-GB\",\"@id\":\"https:\/\/intermediaproducciones.com\/#\/schema\/person\/image\/\",\"url\":\"https:\/\/secure.gravatar.com\/avatar\/?s=96&d=blank&r=g\",\"contentUrl\":\"https:\/\/secure.gravatar.com\/avatar\/?s=96&d=blank&r=g\",\"caption\":\"Intermedia Producciones\"},\"url\":\"https:\/\/intermediaproducciones.com\/en\/author\/intermedia-producciones\/\"}]}<\/script>\n<!-- \/ Yoast SEO plugin. -->","yoast_head_json":{"title":"Memoria de las Cenizas inicia su rodaje - Intermedia Producciones","robots":{"index":"index","follow":"follow","max-snippet":"max-snippet:-1","max-image-preview":"max-image-preview:large","max-video-preview":"max-video-preview:-1"},"canonical":"https:\/\/intermediaproducciones.com\/en\/memoria-de-las-cenizas-inicia-su-rodaje\/","og_locale":"en_GB","og_type":"article","og_title":"Memoria de las Cenizas inicia su rodaje - Intermedia Producciones","og_description":"Intermedia inicia el rodaje de Memoria de las Cenizas, un documental de Eduardo Montero y \u00c1ngel del R\u00ed\u00ado, que profundiza en el drama de los deportados espa\u00f1oles en los campos de exterminio nazi. A trav\u00e9s de la memoria de los supervivientes y sus familiares, se explora uno de los acontecimientos m\u00e1s deleznables del siglo XX. [&hellip;]","og_url":"https:\/\/intermediaproducciones.com\/en\/memoria-de-las-cenizas-inicia-su-rodaje\/","og_site_name":"Intermedia Producciones","article_publisher":"https:\/\/www.facebook.com\/ProductoraIntermediaProducciones","article_published_time":"2011-04-12T20:00:31+00:00","article_modified_time":"2012-05-23T10:58:19+00:00","og_image":[{"url":"https:\/\/intermediaproducciones.com\/wp-content\/uploads\/2011\/11\/IMG_9378.JPG","type":"","width":"","height":""}],"author":"Intermedia Producciones","twitter_card":"summary_large_image","twitter_misc":{"Written by":"Intermedia Producciones","Estimated reading time":"1 minute"},"schema":{"@context":"https:\/\/schema.org","@graph":[{"@type":"Article","@id":"https:\/\/intermediaproducciones.com\/memoria-de-las-cenizas-inicia-su-rodaje\/#article","isPartOf":{"@id":"https:\/\/intermediaproducciones.com\/memoria-de-las-cenizas-inicia-su-rodaje\/"},"author":{"name":"Intermedia Producciones","@id":"https:\/\/intermediaproducciones.com\/#\/schema\/person\/7a7d709e77f232e65f14762c0719bb0b"},"headline":"Memoria de las Cenizas inicia su rodaje","datePublished":"2011-04-12T20:00:31+00:00","dateModified":"2012-05-23T10:58:19+00:00","mainEntityOfPage":{"@id":"https:\/\/intermediaproducciones.com\/memoria-de-las-cenizas-inicia-su-rodaje\/"},"wordCount":231,"commentCount":0,"publisher":{"@id":"https:\/\/intermediaproducciones.com\/#organization"},"image":{"@id":"https:\/\/intermediaproducciones.com\/memoria-de-las-cenizas-inicia-su-rodaje\/#primaryimage"},"thumbnailUrl":"https:\/\/intermediaproducciones.com\/wp-content\/uploads\/2011\/11\/IMG_9378.JPG","keywords":["\u00c1ngel del R\u00edo","campos de concentraci\u00f3n nazis","Eduardo Montero","intermedia producciones","Memoria de las Cenizas","memoria hist\u00f3rica"],"articleSection":["Rodajes"],"inLanguage":"en-GB"},{"@type":"WebPage","@id":"https:\/\/intermediaproducciones.com\/memoria-de-las-cenizas-inicia-su-rodaje\/","url":"https:\/\/intermediaproducciones.com\/memoria-de-las-cenizas-inicia-su-rodaje\/","name":"Memoria de las Cenizas inicia su rodaje - Intermedia Producciones","isPartOf":{"@id":"https:\/\/intermediaproducciones.com\/#website"},"primaryImageOfPage":{"@id":"https:\/\/intermediaproducciones.com\/memoria-de-las-cenizas-inicia-su-rodaje\/#primaryimage"},"image":{"@id":"https:\/\/intermediaproducciones.com\/memoria-de-las-cenizas-inicia-su-rodaje\/#primaryimage"},"thumbnailUrl":"https:\/\/intermediaproducciones.com\/wp-content\/uploads\/2011\/11\/IMG_9378.JPG","datePublished":"2011-04-12T20:00:31+00:00","dateModified":"2012-05-23T10:58:19+00:00","breadcrumb":{"@id":"https:\/\/intermediaproducciones.com\/memoria-de-las-cenizas-inicia-su-rodaje\/#breadcrumb"},"inLanguage":"en-GB","potentialAction":[{"@type":"ReadAction","target":["https:\/\/intermediaproducciones.com\/memoria-de-las-cenizas-inicia-su-rodaje\/"]}]},{"@type":"ImageObject","inLanguage":"en-GB","@id":"https:\/\/intermediaproducciones.com\/memoria-de-las-cenizas-inicia-su-rodaje\/#primaryimage","url":"https:\/\/intermediaproducciones.com\/wp-content\/uploads\/2011\/11\/IMG_9378.JPG","contentUrl":"https:\/\/intermediaproducciones.com\/wp-content\/uploads\/2011\/11\/IMG_9378.JPG"},{"@type":"BreadcrumbList","@id":"https:\/\/intermediaproducciones.com\/memoria-de-las-cenizas-inicia-su-rodaje\/#breadcrumb","itemListElement":[{"@type":"ListItem","position":1,"name":"Portada","item":"https:\/\/intermediaproducciones.com\/"},{"@type":"ListItem","position":2,"name":"Memoria de las Cenizas inicia su rodaje"}]},{"@type":"WebSite","@id":"https:\/\/intermediaproducciones.com\/#website","url":"https:\/\/intermediaproducciones.com\/","name":"Intermedia Producciones","description":"Miradas, Visiones y Realidades","publisher":{"@id":"https:\/\/intermediaproducciones.com\/#organization"},"potentialAction":[{"@type":"SearchAction","target":{"@type":"EntryPoint","urlTemplate":"https:\/\/intermediaproducciones.com\/?s={search_term_string}"},"query-input":{"@type":"PropertyValueSpecification","valueRequired":true,"valueName":"search_term_string"}}],"inLanguage":"en-GB"},{"@type":"Organization","@id":"https:\/\/intermediaproducciones.com\/#organization","name":"Intermedia Producciones","url":"https:\/\/intermediaproducciones.com\/","logo":{"@type":"ImageObject","inLanguage":"en-GB","@id":"https:\/\/intermediaproducciones.com\/#\/schema\/logo\/image\/","url":"https:\/\/intermediaproducciones.com\/wp-content\/uploads\/2019\/02\/logo_intermedia.png","contentUrl":"https:\/\/intermediaproducciones.com\/wp-content\/uploads\/2019\/02\/logo_intermedia.png","width":199,"height":216,"caption":"Intermedia Producciones"},"image":{"@id":"https:\/\/intermediaproducciones.com\/#\/schema\/logo\/image\/"},"sameAs":["https:\/\/www.facebook.com\/ProductoraIntermediaProducciones","https:\/\/vimeo.com\/intermedia","https:\/\/www.youtube.com\/user\/IntermediaProd","https:\/\/www.instagram.com\/intermediaproducciones\/","https:\/\/www.linkedin.com\/company\/intermedia-producciones\/"]},{"@type":"Person","@id":"https:\/\/intermediaproducciones.com\/#\/schema\/person\/7a7d709e77f232e65f14762c0719bb0b","name":"Intermedia Producciones","image":{"@type":"ImageObject","inLanguage":"en-GB","@id":"https:\/\/intermediaproducciones.com\/#\/schema\/person\/image\/","url":"https:\/\/secure.gravatar.com\/avatar\/?s=96&d=blank&r=g","contentUrl":"https:\/\/secure.gravatar.com\/avatar\/?s=96&d=blank&r=g","caption":"Intermedia Producciones"},"url":"https:\/\/intermediaproducciones.com\/en\/author\/intermedia-producciones\/"}]}},"_links":{"self":[{"href":"https:\/\/intermediaproducciones.com\/en\/wp-json\/wp\/v2\/posts\/264","targetHints":{"allow":["GET"]}}],"collection":[{"href":"https:\/\/intermediaproducciones.com\/en\/wp-json\/wp\/v2\/posts"}],"about":[{"href":"https:\/\/intermediaproducciones.com\/en\/wp-json\/wp\/v2\/types\/post"}],"author":[{"embeddable":true,"href":"https:\/\/intermediaproducciones.com\/en\/wp-json\/wp\/v2\/users\/1"}],"replies":[{"embeddable":true,"href":"https:\/\/intermediaproducciones.com\/en\/wp-json\/wp\/v2\/comments?post=264"}],"version-history":[{"count":2,"href":"https:\/\/intermediaproducciones.com\/en\/wp-json\/wp\/v2\/posts\/264\/revisions"}],"predecessor-version":[{"id":848,"href":"https:\/\/intermediaproducciones.com\/en\/wp-json\/wp\/v2\/posts\/264\/revisions\/848"}],"wp:attachment":[{"href":"https:\/\/intermediaproducciones.com\/en\/wp-json\/wp\/v2\/media?parent=264"}],"wp:term":[{"taxonomy":"category","embeddable":true,"href":"https:\/\/intermediaproducciones.com\/en\/wp-json\/wp\/v2\/categories?post=264"},{"taxonomy":"post_tag","embeddable":true,"href":"https:\/\/intermediaproducciones.com\/en\/wp-json\/wp\/v2\/tags?post=264"}],"curies":[{"name":"wp","href":"https:\/\/api.w.org\/{rel}","templated":true}]}}