{"id":304,"date":"2009-02-11T19:43:09","date_gmt":"2009-02-11T19:43:09","guid":{"rendered":"http:\/\/localhost\/wp\/?p=304"},"modified":"2012-05-23T10:22:01","modified_gmt":"2012-05-23T10:22:01","slug":"el-laberinto-marroqui-distribuido-por-icarus-films","status":"publish","type":"post","link":"https:\/\/intermediaproducciones.com\/en\/el-laberinto-marroqui-distribuido-por-icarus-films\/","title":{"rendered":"El Laberinto Marroqu\u00ed\u00ad distribuido por Icarus Films"},"content":{"rendered":"<p style=\"text-align: justify;\"><img decoding=\"async\" class=\"img-frame\" src=\"https:\/\/intermediaproducciones.com\/wp-content\/uploads\/2011\/11\/Exterior.jpg\" alt=\"\" \/><\/p>\n<p style=\"text-align: justify;\">Intermedia Producciones ha cerrado un acuerdo para la distribuci\u00f3n del documental \u00abEl laberinto marroqu\u00ed\u00ad\u00bb en Estados Unidos con la prestigiosa empresa norteamericana de distribuci\u00f3n de documentales <a href=\"http:\/\/icarusfilms.com\/new.html\" target=\"_blank\">Icarus Films<\/a>.<\/p>\n<p style=\"text-align: justify;\">Desde el mes de enero es posible encontrar este documental bajo su t\u00ed\u00adtulo en ingl\u00e9s: <a href=\"http:\/\/icarusfilms.com\/new2009\/mor.html\" target=\"_blank\">The Moroccan labyrinth<\/a> entre las nuevas referencias del a\u00f1o 2009. Este acuerdo es fruto de los esfuerzo de abrirnos al mercado internacional con la creaci\u00f3n el a\u00f1o pasado de un departamento de comunicaci\u00f3n internacional.<\/p>\n<p style=\"text-align: justify;\"><a href=\"https:\/\/intermediaproducciones.com\/en\/portfolio\/el-laberinto-marroqui\/\">+info<\/a><\/p>","protected":false},"excerpt":{"rendered":"<p>Intermedia Producciones ha cerrado un acuerdo para la distribuci\u00f3n del documental \u00abEl laberinto marroqu\u00ed\u00ad\u00bb en Estados Unidos con la prestigiosa empresa norteamericana de distribuci\u00f3n de documentales Icarus Films. Desde el mes de enero es posible encontrar este documental bajo su t\u00ed\u00adtulo en ingl\u00e9s: The Moroccan labyrinth entre las nuevas referencias del a\u00f1o 2009. Este acuerdo [&hellip;]<\/p>","protected":false},"author":1,"featured_media":0,"comment_status":"open","ping_status":"open","sticky":false,"template":"","format":"standard","meta":{"_acf_changed":false,"footnotes":""},"categories":[10],"tags":[89,24,83,28],"class_list":["post-304","post","type-post","status-publish","format-standard","hentry","category-eventos","tag-el-laberinto-marroqui","tag-intermedia-producciones","tag-julio-sanchez-veiga","tag-memoria-historica"],"acf":[],"yoast_head":"<!-- This site is optimized with the Yoast SEO plugin v25.3.1 - https:\/\/yoast.com\/wordpress\/plugins\/seo\/ -->\n<title>El Laberinto Marroqu\u00ed\u00ad distribuido por Icarus Films - Intermedia Producciones<\/title>\n<meta name=\"robots\" content=\"index, follow, max-snippet:-1, max-image-preview:large, max-video-preview:-1\" \/>\n<link rel=\"canonical\" href=\"https:\/\/intermediaproducciones.com\/en\/el-laberinto-marroqui-distribuido-por-icarus-films\/\" \/>\n<meta property=\"og:locale\" content=\"en_GB\" \/>\n<meta property=\"og:type\" content=\"article\" \/>\n<meta property=\"og:title\" content=\"El Laberinto Marroqu\u00ed\u00ad distribuido por Icarus Films - Intermedia Producciones\" \/>\n<meta property=\"og:description\" content=\"Intermedia Producciones ha cerrado un acuerdo para la distribuci\u00f3n del documental \u00abEl laberinto marroqu\u00ed\u00ad\u00bb en Estados Unidos con la prestigiosa empresa norteamericana de distribuci\u00f3n de documentales Icarus Films. Desde el mes de enero es posible encontrar este documental bajo su t\u00ed\u00adtulo en ingl\u00e9s: The Moroccan labyrinth entre las nuevas referencias del a\u00f1o 2009. Este acuerdo [&hellip;]\" \/>\n<meta property=\"og:url\" content=\"https:\/\/intermediaproducciones.com\/en\/el-laberinto-marroqui-distribuido-por-icarus-films\/\" \/>\n<meta property=\"og:site_name\" content=\"Intermedia Producciones\" \/>\n<meta property=\"article:publisher\" content=\"https:\/\/www.facebook.com\/ProductoraIntermediaProducciones\" \/>\n<meta property=\"article:published_time\" content=\"2009-02-11T19:43:09+00:00\" \/>\n<meta property=\"article:modified_time\" content=\"2012-05-23T10:22:01+00:00\" \/>\n<meta property=\"og:image\" content=\"https:\/\/intermediaproducciones.com\/wp-content\/uploads\/2011\/11\/Exterior.jpg\" \/>\n<meta name=\"author\" content=\"Intermedia Producciones\" \/>\n<meta name=\"twitter:card\" content=\"summary_large_image\" \/>\n<meta name=\"twitter:label1\" content=\"Written by\" \/>\n\t<meta name=\"twitter:data1\" content=\"Intermedia Producciones\" \/>\n<script type=\"application\/ld+json\" class=\"yoast-schema-graph\">{\"@context\":\"https:\/\/schema.org\",\"@graph\":[{\"@type\":\"Article\",\"@id\":\"https:\/\/intermediaproducciones.com\/el-laberinto-marroqui-distribuido-por-icarus-films\/#article\",\"isPartOf\":{\"@id\":\"https:\/\/intermediaproducciones.com\/el-laberinto-marroqui-distribuido-por-icarus-films\/\"},\"author\":{\"name\":\"Intermedia Producciones\",\"@id\":\"https:\/\/intermediaproducciones.com\/#\/schema\/person\/7a7d709e77f232e65f14762c0719bb0b\"},\"headline\":\"El Laberinto Marroqu\u00ed\u00ad distribuido por Icarus Films\",\"datePublished\":\"2009-02-11T19:43:09+00:00\",\"dateModified\":\"2012-05-23T10:22:01+00:00\",\"mainEntityOfPage\":{\"@id\":\"https:\/\/intermediaproducciones.com\/el-laberinto-marroqui-distribuido-por-icarus-films\/\"},\"wordCount\":92,\"commentCount\":0,\"publisher\":{\"@id\":\"https:\/\/intermediaproducciones.com\/#organization\"},\"image\":{\"@id\":\"https:\/\/intermediaproducciones.com\/el-laberinto-marroqui-distribuido-por-icarus-films\/#primaryimage\"},\"thumbnailUrl\":\"https:\/\/intermediaproducciones.com\/wp-content\/uploads\/2011\/11\/Exterior.jpg\",\"keywords\":[\"El Laberinto Marroqu\u00ed\",\"intermedia producciones\",\"Julio S\u00e1nchez Veiga\",\"memoria hist\u00f3rica\"],\"articleSection\":[\"Eventos\"],\"inLanguage\":\"en-GB\"},{\"@type\":\"WebPage\",\"@id\":\"https:\/\/intermediaproducciones.com\/el-laberinto-marroqui-distribuido-por-icarus-films\/\",\"url\":\"https:\/\/intermediaproducciones.com\/el-laberinto-marroqui-distribuido-por-icarus-films\/\",\"name\":\"El Laberinto Marroqu\u00ed\u00ad distribuido por Icarus Films - Intermedia Producciones\",\"isPartOf\":{\"@id\":\"https:\/\/intermediaproducciones.com\/#website\"},\"primaryImageOfPage\":{\"@id\":\"https:\/\/intermediaproducciones.com\/el-laberinto-marroqui-distribuido-por-icarus-films\/#primaryimage\"},\"image\":{\"@id\":\"https:\/\/intermediaproducciones.com\/el-laberinto-marroqui-distribuido-por-icarus-films\/#primaryimage\"},\"thumbnailUrl\":\"https:\/\/intermediaproducciones.com\/wp-content\/uploads\/2011\/11\/Exterior.jpg\",\"datePublished\":\"2009-02-11T19:43:09+00:00\",\"dateModified\":\"2012-05-23T10:22:01+00:00\",\"breadcrumb\":{\"@id\":\"https:\/\/intermediaproducciones.com\/el-laberinto-marroqui-distribuido-por-icarus-films\/#breadcrumb\"},\"inLanguage\":\"en-GB\",\"potentialAction\":[{\"@type\":\"ReadAction\",\"target\":[\"https:\/\/intermediaproducciones.com\/el-laberinto-marroqui-distribuido-por-icarus-films\/\"]}]},{\"@type\":\"ImageObject\",\"inLanguage\":\"en-GB\",\"@id\":\"https:\/\/intermediaproducciones.com\/el-laberinto-marroqui-distribuido-por-icarus-films\/#primaryimage\",\"url\":\"https:\/\/intermediaproducciones.com\/wp-content\/uploads\/2011\/11\/Exterior.jpg\",\"contentUrl\":\"https:\/\/intermediaproducciones.com\/wp-content\/uploads\/2011\/11\/Exterior.jpg\"},{\"@type\":\"BreadcrumbList\",\"@id\":\"https:\/\/intermediaproducciones.com\/el-laberinto-marroqui-distribuido-por-icarus-films\/#breadcrumb\",\"itemListElement\":[{\"@type\":\"ListItem\",\"position\":1,\"name\":\"Portada\",\"item\":\"https:\/\/intermediaproducciones.com\/\"},{\"@type\":\"ListItem\",\"position\":2,\"name\":\"El Laberinto Marroqu\u00ed\u00ad distribuido por Icarus Films\"}]},{\"@type\":\"WebSite\",\"@id\":\"https:\/\/intermediaproducciones.com\/#website\",\"url\":\"https:\/\/intermediaproducciones.com\/\",\"name\":\"Intermedia Producciones\",\"description\":\"Miradas, Visiones y Realidades\",\"publisher\":{\"@id\":\"https:\/\/intermediaproducciones.com\/#organization\"},\"potentialAction\":[{\"@type\":\"SearchAction\",\"target\":{\"@type\":\"EntryPoint\",\"urlTemplate\":\"https:\/\/intermediaproducciones.com\/?s={search_term_string}\"},\"query-input\":{\"@type\":\"PropertyValueSpecification\",\"valueRequired\":true,\"valueName\":\"search_term_string\"}}],\"inLanguage\":\"en-GB\"},{\"@type\":\"Organization\",\"@id\":\"https:\/\/intermediaproducciones.com\/#organization\",\"name\":\"Intermedia Producciones\",\"url\":\"https:\/\/intermediaproducciones.com\/\",\"logo\":{\"@type\":\"ImageObject\",\"inLanguage\":\"en-GB\",\"@id\":\"https:\/\/intermediaproducciones.com\/#\/schema\/logo\/image\/\",\"url\":\"https:\/\/intermediaproducciones.com\/wp-content\/uploads\/2019\/02\/logo_intermedia.png\",\"contentUrl\":\"https:\/\/intermediaproducciones.com\/wp-content\/uploads\/2019\/02\/logo_intermedia.png\",\"width\":199,\"height\":216,\"caption\":\"Intermedia Producciones\"},\"image\":{\"@id\":\"https:\/\/intermediaproducciones.com\/#\/schema\/logo\/image\/\"},\"sameAs\":[\"https:\/\/www.facebook.com\/ProductoraIntermediaProducciones\",\"https:\/\/vimeo.com\/intermedia\",\"https:\/\/www.youtube.com\/user\/IntermediaProd\",\"https:\/\/www.instagram.com\/intermediaproducciones\/\",\"https:\/\/www.linkedin.com\/company\/intermedia-producciones\/\"]},{\"@type\":\"Person\",\"@id\":\"https:\/\/intermediaproducciones.com\/#\/schema\/person\/7a7d709e77f232e65f14762c0719bb0b\",\"name\":\"Intermedia Producciones\",\"image\":{\"@type\":\"ImageObject\",\"inLanguage\":\"en-GB\",\"@id\":\"https:\/\/intermediaproducciones.com\/#\/schema\/person\/image\/\",\"url\":\"https:\/\/secure.gravatar.com\/avatar\/?s=96&d=blank&r=g\",\"contentUrl\":\"https:\/\/secure.gravatar.com\/avatar\/?s=96&d=blank&r=g\",\"caption\":\"Intermedia Producciones\"},\"url\":\"https:\/\/intermediaproducciones.com\/en\/author\/intermedia-producciones\/\"}]}<\/script>\n<!-- \/ Yoast SEO plugin. -->","yoast_head_json":{"title":"El Laberinto Marroqu\u00ed\u00ad distribuido por Icarus Films - Intermedia Producciones","robots":{"index":"index","follow":"follow","max-snippet":"max-snippet:-1","max-image-preview":"max-image-preview:large","max-video-preview":"max-video-preview:-1"},"canonical":"https:\/\/intermediaproducciones.com\/en\/el-laberinto-marroqui-distribuido-por-icarus-films\/","og_locale":"en_GB","og_type":"article","og_title":"El Laberinto Marroqu\u00ed\u00ad distribuido por Icarus Films - Intermedia Producciones","og_description":"Intermedia Producciones ha cerrado un acuerdo para la distribuci\u00f3n del documental \u00abEl laberinto marroqu\u00ed\u00ad\u00bb en Estados Unidos con la prestigiosa empresa norteamericana de distribuci\u00f3n de documentales Icarus Films. Desde el mes de enero es posible encontrar este documental bajo su t\u00ed\u00adtulo en ingl\u00e9s: The Moroccan labyrinth entre las nuevas referencias del a\u00f1o 2009. Este acuerdo [&hellip;]","og_url":"https:\/\/intermediaproducciones.com\/en\/el-laberinto-marroqui-distribuido-por-icarus-films\/","og_site_name":"Intermedia Producciones","article_publisher":"https:\/\/www.facebook.com\/ProductoraIntermediaProducciones","article_published_time":"2009-02-11T19:43:09+00:00","article_modified_time":"2012-05-23T10:22:01+00:00","og_image":[{"url":"https:\/\/intermediaproducciones.com\/wp-content\/uploads\/2011\/11\/Exterior.jpg","type":"","width":"","height":""}],"author":"Intermedia Producciones","twitter_card":"summary_large_image","twitter_misc":{"Written by":"Intermedia Producciones"},"schema":{"@context":"https:\/\/schema.org","@graph":[{"@type":"Article","@id":"https:\/\/intermediaproducciones.com\/el-laberinto-marroqui-distribuido-por-icarus-films\/#article","isPartOf":{"@id":"https:\/\/intermediaproducciones.com\/el-laberinto-marroqui-distribuido-por-icarus-films\/"},"author":{"name":"Intermedia Producciones","@id":"https:\/\/intermediaproducciones.com\/#\/schema\/person\/7a7d709e77f232e65f14762c0719bb0b"},"headline":"El Laberinto Marroqu\u00ed\u00ad distribuido por Icarus Films","datePublished":"2009-02-11T19:43:09+00:00","dateModified":"2012-05-23T10:22:01+00:00","mainEntityOfPage":{"@id":"https:\/\/intermediaproducciones.com\/el-laberinto-marroqui-distribuido-por-icarus-films\/"},"wordCount":92,"commentCount":0,"publisher":{"@id":"https:\/\/intermediaproducciones.com\/#organization"},"image":{"@id":"https:\/\/intermediaproducciones.com\/el-laberinto-marroqui-distribuido-por-icarus-films\/#primaryimage"},"thumbnailUrl":"https:\/\/intermediaproducciones.com\/wp-content\/uploads\/2011\/11\/Exterior.jpg","keywords":["El Laberinto Marroqu\u00ed","intermedia producciones","Julio S\u00e1nchez Veiga","memoria hist\u00f3rica"],"articleSection":["Eventos"],"inLanguage":"en-GB"},{"@type":"WebPage","@id":"https:\/\/intermediaproducciones.com\/el-laberinto-marroqui-distribuido-por-icarus-films\/","url":"https:\/\/intermediaproducciones.com\/el-laberinto-marroqui-distribuido-por-icarus-films\/","name":"El Laberinto Marroqu\u00ed\u00ad distribuido por Icarus Films - Intermedia Producciones","isPartOf":{"@id":"https:\/\/intermediaproducciones.com\/#website"},"primaryImageOfPage":{"@id":"https:\/\/intermediaproducciones.com\/el-laberinto-marroqui-distribuido-por-icarus-films\/#primaryimage"},"image":{"@id":"https:\/\/intermediaproducciones.com\/el-laberinto-marroqui-distribuido-por-icarus-films\/#primaryimage"},"thumbnailUrl":"https:\/\/intermediaproducciones.com\/wp-content\/uploads\/2011\/11\/Exterior.jpg","datePublished":"2009-02-11T19:43:09+00:00","dateModified":"2012-05-23T10:22:01+00:00","breadcrumb":{"@id":"https:\/\/intermediaproducciones.com\/el-laberinto-marroqui-distribuido-por-icarus-films\/#breadcrumb"},"inLanguage":"en-GB","potentialAction":[{"@type":"ReadAction","target":["https:\/\/intermediaproducciones.com\/el-laberinto-marroqui-distribuido-por-icarus-films\/"]}]},{"@type":"ImageObject","inLanguage":"en-GB","@id":"https:\/\/intermediaproducciones.com\/el-laberinto-marroqui-distribuido-por-icarus-films\/#primaryimage","url":"https:\/\/intermediaproducciones.com\/wp-content\/uploads\/2011\/11\/Exterior.jpg","contentUrl":"https:\/\/intermediaproducciones.com\/wp-content\/uploads\/2011\/11\/Exterior.jpg"},{"@type":"BreadcrumbList","@id":"https:\/\/intermediaproducciones.com\/el-laberinto-marroqui-distribuido-por-icarus-films\/#breadcrumb","itemListElement":[{"@type":"ListItem","position":1,"name":"Portada","item":"https:\/\/intermediaproducciones.com\/"},{"@type":"ListItem","position":2,"name":"El Laberinto Marroqu\u00ed\u00ad distribuido por Icarus Films"}]},{"@type":"WebSite","@id":"https:\/\/intermediaproducciones.com\/#website","url":"https:\/\/intermediaproducciones.com\/","name":"Intermedia Producciones","description":"Miradas, Visiones y Realidades","publisher":{"@id":"https:\/\/intermediaproducciones.com\/#organization"},"potentialAction":[{"@type":"SearchAction","target":{"@type":"EntryPoint","urlTemplate":"https:\/\/intermediaproducciones.com\/?s={search_term_string}"},"query-input":{"@type":"PropertyValueSpecification","valueRequired":true,"valueName":"search_term_string"}}],"inLanguage":"en-GB"},{"@type":"Organization","@id":"https:\/\/intermediaproducciones.com\/#organization","name":"Intermedia Producciones","url":"https:\/\/intermediaproducciones.com\/","logo":{"@type":"ImageObject","inLanguage":"en-GB","@id":"https:\/\/intermediaproducciones.com\/#\/schema\/logo\/image\/","url":"https:\/\/intermediaproducciones.com\/wp-content\/uploads\/2019\/02\/logo_intermedia.png","contentUrl":"https:\/\/intermediaproducciones.com\/wp-content\/uploads\/2019\/02\/logo_intermedia.png","width":199,"height":216,"caption":"Intermedia Producciones"},"image":{"@id":"https:\/\/intermediaproducciones.com\/#\/schema\/logo\/image\/"},"sameAs":["https:\/\/www.facebook.com\/ProductoraIntermediaProducciones","https:\/\/vimeo.com\/intermedia","https:\/\/www.youtube.com\/user\/IntermediaProd","https:\/\/www.instagram.com\/intermediaproducciones\/","https:\/\/www.linkedin.com\/company\/intermedia-producciones\/"]},{"@type":"Person","@id":"https:\/\/intermediaproducciones.com\/#\/schema\/person\/7a7d709e77f232e65f14762c0719bb0b","name":"Intermedia Producciones","image":{"@type":"ImageObject","inLanguage":"en-GB","@id":"https:\/\/intermediaproducciones.com\/#\/schema\/person\/image\/","url":"https:\/\/secure.gravatar.com\/avatar\/?s=96&d=blank&r=g","contentUrl":"https:\/\/secure.gravatar.com\/avatar\/?s=96&d=blank&r=g","caption":"Intermedia Producciones"},"url":"https:\/\/intermediaproducciones.com\/en\/author\/intermedia-producciones\/"}]}},"_links":{"self":[{"href":"https:\/\/intermediaproducciones.com\/en\/wp-json\/wp\/v2\/posts\/304","targetHints":{"allow":["GET"]}}],"collection":[{"href":"https:\/\/intermediaproducciones.com\/en\/wp-json\/wp\/v2\/posts"}],"about":[{"href":"https:\/\/intermediaproducciones.com\/en\/wp-json\/wp\/v2\/types\/post"}],"author":[{"embeddable":true,"href":"https:\/\/intermediaproducciones.com\/en\/wp-json\/wp\/v2\/users\/1"}],"replies":[{"embeddable":true,"href":"https:\/\/intermediaproducciones.com\/en\/wp-json\/wp\/v2\/comments?post=304"}],"version-history":[{"count":2,"href":"https:\/\/intermediaproducciones.com\/en\/wp-json\/wp\/v2\/posts\/304\/revisions"}],"predecessor-version":[{"id":983,"href":"https:\/\/intermediaproducciones.com\/en\/wp-json\/wp\/v2\/posts\/304\/revisions\/983"}],"wp:attachment":[{"href":"https:\/\/intermediaproducciones.com\/en\/wp-json\/wp\/v2\/media?parent=304"}],"wp:term":[{"taxonomy":"category","embeddable":true,"href":"https:\/\/intermediaproducciones.com\/en\/wp-json\/wp\/v2\/categories?post=304"},{"taxonomy":"post_tag","embeddable":true,"href":"https:\/\/intermediaproducciones.com\/en\/wp-json\/wp\/v2\/tags?post=304"}],"curies":[{"name":"wp","href":"https:\/\/api.w.org\/{rel}","templated":true}]}}