{"id":311,"date":"2008-12-02T19:56:54","date_gmt":"2008-12-02T19:56:54","guid":{"rendered":"http:\/\/localhost\/wp\/?p=311"},"modified":"2011-11-15T11:33:06","modified_gmt":"2011-11-15T11:33:06","slug":"algo-para-escuchar-intermedia-en-radio3","status":"publish","type":"post","link":"https:\/\/intermediaproducciones.com\/en\/algo-para-escuchar-intermedia-en-radio3\/","title":{"rendered":"Algo para escuchar&#8230; Intermedia en Radio3"},"content":{"rendered":"<p style=\"text-align: center;\"><img decoding=\"async\" class=\"img-frame  aligncenter\" src=\"https:\/\/intermediaproducciones.com\/wp-content\/uploads\/2011\/11\/daslebenderanderen.jpg\" alt=\"\" \/><\/p>\n<p style=\"text-align: justify;\">Con un poquito de retraso, m\u00e1s bien con bastante retraso, os dejamos aqu\u00ed\u00ad el enlace a las dos partes la entrevista que hizo el director y presentador del programa \u00ab<a href=\"http:\/\/www.rtve.es\/radio\/20080818\/septimo-vicio\/139155.shtml\" target=\"_blank\">El s\u00e9ptimo vicio<\/a>\u00bb de radio 3, Javier Tolentino, durante su paso por el Festival de Cine de Sevilla con los componentes de Intermedia: Mariano Agudo y Julio S\u00e1nchez Veiga.<\/p>\n<p style=\"text-align: justify;\">Os comentamos brevemente que \u00ab4000 euros\u00bb pas\u00f3 por el Festival Iberoamericano de Cine de Huelva d\u00f3nde tuvo una excelente acogida y dentro de dos semanas clausurar\u00e1 el Festival de Cine In\u00e9dito de M\u00e9rida, concretamente el viernes d\u00ed\u00ada 19 de diciembre. Invitamos desde aqu\u00ed\u00ad a todos los vecinos de M\u00e9rida al pase de la pel\u00ed\u00adcula.<\/p>\n<p><a href=\"http:\/\/media0.rtve.es\/resources\/mp3\/0\/0\/1226744242000.mp3\" target=\"_blank\">Parte I <\/a>(\u00ed\u0161ltimos diez minutos de la primera hora del programa)<br \/>\n<a href=\"http:\/\/media8.rtve.es\/resources\/mp3\/2\/7\/1226747845872.mp3\" target=\"_blank\">Parte II<\/a> (El principio del podcast, hasta d\u00f3nde aguantes)<\/p>\n<p style=\"text-align: justify;\">Si te quieres bajar el programa completo puedes descargarte las dos partes del programa del d\u00ed\u00ada 15 de noviembre de 2008. <a href=\"http:\/\/www.rtve.es\/podcast\/radio-3\/el-septimo-vicio\/SELSEP.xml\" target=\"_blank\">AQU\u00cd<\/a><\/p>","protected":false},"excerpt":{"rendered":"<p>Con un poquito de retraso, m\u00e1s bien con bastante retraso, os dejamos aqu\u00ed\u00ad el enlace a las dos partes la entrevista que hizo el director y presentador del programa \u00abEl s\u00e9ptimo vicio\u00bb de radio 3, Javier Tolentino, durante su paso por el Festival de Cine de Sevilla con los componentes de Intermedia: Mariano Agudo y [&hellip;]<\/p>","protected":false},"author":1,"featured_media":0,"comment_status":"open","ping_status":"open","sticky":false,"template":"","format":"standard","meta":{"_acf_changed":false,"footnotes":""},"categories":[18],"tags":[],"class_list":["post-311","post","type-post","status-publish","format-standard","hentry","category-comunicacion"],"acf":[],"yoast_head":"<!-- This site is optimized with the Yoast SEO plugin v25.3.1 - https:\/\/yoast.com\/wordpress\/plugins\/seo\/ -->\n<title>Algo para escuchar... Intermedia en Radio3 - Intermedia Producciones<\/title>\n<meta name=\"robots\" content=\"index, follow, max-snippet:-1, max-image-preview:large, max-video-preview:-1\" \/>\n<link rel=\"canonical\" href=\"https:\/\/intermediaproducciones.com\/en\/algo-para-escuchar-intermedia-en-radio3\/\" \/>\n<meta property=\"og:locale\" content=\"en_GB\" \/>\n<meta property=\"og:type\" content=\"article\" \/>\n<meta property=\"og:title\" content=\"Algo para escuchar... Intermedia en Radio3 - Intermedia Producciones\" \/>\n<meta property=\"og:description\" content=\"Con un poquito de retraso, m\u00e1s bien con bastante retraso, os dejamos aqu\u00ed\u00ad el enlace a las dos partes la entrevista que hizo el director y presentador del programa \u00abEl s\u00e9ptimo vicio\u00bb de radio 3, Javier Tolentino, durante su paso por el Festival de Cine de Sevilla con los componentes de Intermedia: Mariano Agudo y [&hellip;]\" \/>\n<meta property=\"og:url\" content=\"https:\/\/intermediaproducciones.com\/en\/algo-para-escuchar-intermedia-en-radio3\/\" \/>\n<meta property=\"og:site_name\" content=\"Intermedia Producciones\" \/>\n<meta property=\"article:publisher\" content=\"https:\/\/www.facebook.com\/ProductoraIntermediaProducciones\" \/>\n<meta property=\"article:published_time\" content=\"2008-12-02T19:56:54+00:00\" \/>\n<meta property=\"article:modified_time\" content=\"2011-11-15T11:33:06+00:00\" \/>\n<meta property=\"og:image\" content=\"https:\/\/intermediaproducciones.com\/wp-content\/uploads\/2011\/11\/daslebenderanderen.jpg\" \/>\n<meta name=\"author\" content=\"Intermedia Producciones\" \/>\n<meta name=\"twitter:card\" content=\"summary_large_image\" \/>\n<meta name=\"twitter:label1\" content=\"Written by\" \/>\n\t<meta name=\"twitter:data1\" content=\"Intermedia Producciones\" \/>\n\t<meta name=\"twitter:label2\" content=\"Estimated reading time\" \/>\n\t<meta name=\"twitter:data2\" content=\"1 minute\" \/>\n<script type=\"application\/ld+json\" class=\"yoast-schema-graph\">{\"@context\":\"https:\/\/schema.org\",\"@graph\":[{\"@type\":\"Article\",\"@id\":\"https:\/\/intermediaproducciones.com\/en\/algo-para-escuchar-intermedia-en-radio3\/#article\",\"isPartOf\":{\"@id\":\"https:\/\/intermediaproducciones.com\/en\/algo-para-escuchar-intermedia-en-radio3\/\"},\"author\":{\"name\":\"Intermedia Producciones\",\"@id\":\"https:\/\/intermediaproducciones.com\/#\/schema\/person\/7a7d709e77f232e65f14762c0719bb0b\"},\"headline\":\"Algo para escuchar&#8230; Intermedia en Radio3\",\"datePublished\":\"2008-12-02T19:56:54+00:00\",\"dateModified\":\"2011-11-15T11:33:06+00:00\",\"mainEntityOfPage\":{\"@id\":\"https:\/\/intermediaproducciones.com\/en\/algo-para-escuchar-intermedia-en-radio3\/\"},\"wordCount\":166,\"commentCount\":0,\"publisher\":{\"@id\":\"https:\/\/intermediaproducciones.com\/#organization\"},\"image\":{\"@id\":\"https:\/\/intermediaproducciones.com\/en\/algo-para-escuchar-intermedia-en-radio3\/#primaryimage\"},\"thumbnailUrl\":\"https:\/\/intermediaproducciones.com\/wp-content\/uploads\/2011\/11\/daslebenderanderen.jpg\",\"articleSection\":[\"Comunicaci\u00f3n\"],\"inLanguage\":\"en-GB\"},{\"@type\":\"WebPage\",\"@id\":\"https:\/\/intermediaproducciones.com\/en\/algo-para-escuchar-intermedia-en-radio3\/\",\"url\":\"https:\/\/intermediaproducciones.com\/en\/algo-para-escuchar-intermedia-en-radio3\/\",\"name\":\"Algo para escuchar... Intermedia en Radio3 - Intermedia Producciones\",\"isPartOf\":{\"@id\":\"https:\/\/intermediaproducciones.com\/#website\"},\"primaryImageOfPage\":{\"@id\":\"https:\/\/intermediaproducciones.com\/en\/algo-para-escuchar-intermedia-en-radio3\/#primaryimage\"},\"image\":{\"@id\":\"https:\/\/intermediaproducciones.com\/en\/algo-para-escuchar-intermedia-en-radio3\/#primaryimage\"},\"thumbnailUrl\":\"https:\/\/intermediaproducciones.com\/wp-content\/uploads\/2011\/11\/daslebenderanderen.jpg\",\"datePublished\":\"2008-12-02T19:56:54+00:00\",\"dateModified\":\"2011-11-15T11:33:06+00:00\",\"breadcrumb\":{\"@id\":\"https:\/\/intermediaproducciones.com\/en\/algo-para-escuchar-intermedia-en-radio3\/#breadcrumb\"},\"inLanguage\":\"en-GB\",\"potentialAction\":[{\"@type\":\"ReadAction\",\"target\":[\"https:\/\/intermediaproducciones.com\/en\/algo-para-escuchar-intermedia-en-radio3\/\"]}]},{\"@type\":\"ImageObject\",\"inLanguage\":\"en-GB\",\"@id\":\"https:\/\/intermediaproducciones.com\/en\/algo-para-escuchar-intermedia-en-radio3\/#primaryimage\",\"url\":\"https:\/\/intermediaproducciones.com\/wp-content\/uploads\/2011\/11\/daslebenderanderen.jpg\",\"contentUrl\":\"https:\/\/intermediaproducciones.com\/wp-content\/uploads\/2011\/11\/daslebenderanderen.jpg\"},{\"@type\":\"BreadcrumbList\",\"@id\":\"https:\/\/intermediaproducciones.com\/en\/algo-para-escuchar-intermedia-en-radio3\/#breadcrumb\",\"itemListElement\":[{\"@type\":\"ListItem\",\"position\":1,\"name\":\"Portada\",\"item\":\"https:\/\/intermediaproducciones.com\/\"},{\"@type\":\"ListItem\",\"position\":2,\"name\":\"Algo para escuchar&#8230; Intermedia en Radio3\"}]},{\"@type\":\"WebSite\",\"@id\":\"https:\/\/intermediaproducciones.com\/#website\",\"url\":\"https:\/\/intermediaproducciones.com\/\",\"name\":\"Intermedia Producciones\",\"description\":\"Miradas, Visiones y Realidades\",\"publisher\":{\"@id\":\"https:\/\/intermediaproducciones.com\/#organization\"},\"potentialAction\":[{\"@type\":\"SearchAction\",\"target\":{\"@type\":\"EntryPoint\",\"urlTemplate\":\"https:\/\/intermediaproducciones.com\/?s={search_term_string}\"},\"query-input\":{\"@type\":\"PropertyValueSpecification\",\"valueRequired\":true,\"valueName\":\"search_term_string\"}}],\"inLanguage\":\"en-GB\"},{\"@type\":\"Organization\",\"@id\":\"https:\/\/intermediaproducciones.com\/#organization\",\"name\":\"Intermedia Producciones\",\"url\":\"https:\/\/intermediaproducciones.com\/\",\"logo\":{\"@type\":\"ImageObject\",\"inLanguage\":\"en-GB\",\"@id\":\"https:\/\/intermediaproducciones.com\/#\/schema\/logo\/image\/\",\"url\":\"https:\/\/intermediaproducciones.com\/wp-content\/uploads\/2019\/02\/logo_intermedia.png\",\"contentUrl\":\"https:\/\/intermediaproducciones.com\/wp-content\/uploads\/2019\/02\/logo_intermedia.png\",\"width\":199,\"height\":216,\"caption\":\"Intermedia Producciones\"},\"image\":{\"@id\":\"https:\/\/intermediaproducciones.com\/#\/schema\/logo\/image\/\"},\"sameAs\":[\"https:\/\/www.facebook.com\/ProductoraIntermediaProducciones\",\"https:\/\/vimeo.com\/intermedia\",\"https:\/\/www.youtube.com\/user\/IntermediaProd\",\"https:\/\/www.instagram.com\/intermediaproducciones\/\",\"https:\/\/www.linkedin.com\/company\/intermedia-producciones\/\"]},{\"@type\":\"Person\",\"@id\":\"https:\/\/intermediaproducciones.com\/#\/schema\/person\/7a7d709e77f232e65f14762c0719bb0b\",\"name\":\"Intermedia Producciones\",\"image\":{\"@type\":\"ImageObject\",\"inLanguage\":\"en-GB\",\"@id\":\"https:\/\/intermediaproducciones.com\/#\/schema\/person\/image\/\",\"url\":\"https:\/\/secure.gravatar.com\/avatar\/?s=96&d=blank&r=g\",\"contentUrl\":\"https:\/\/secure.gravatar.com\/avatar\/?s=96&d=blank&r=g\",\"caption\":\"Intermedia Producciones\"},\"url\":\"https:\/\/intermediaproducciones.com\/en\/author\/intermedia-producciones\/\"}]}<\/script>\n<!-- \/ Yoast SEO plugin. -->","yoast_head_json":{"title":"Algo para escuchar... Intermedia en Radio3 - Intermedia Producciones","robots":{"index":"index","follow":"follow","max-snippet":"max-snippet:-1","max-image-preview":"max-image-preview:large","max-video-preview":"max-video-preview:-1"},"canonical":"https:\/\/intermediaproducciones.com\/en\/algo-para-escuchar-intermedia-en-radio3\/","og_locale":"en_GB","og_type":"article","og_title":"Algo para escuchar... Intermedia en Radio3 - Intermedia Producciones","og_description":"Con un poquito de retraso, m\u00e1s bien con bastante retraso, os dejamos aqu\u00ed\u00ad el enlace a las dos partes la entrevista que hizo el director y presentador del programa \u00abEl s\u00e9ptimo vicio\u00bb de radio 3, Javier Tolentino, durante su paso por el Festival de Cine de Sevilla con los componentes de Intermedia: Mariano Agudo y [&hellip;]","og_url":"https:\/\/intermediaproducciones.com\/en\/algo-para-escuchar-intermedia-en-radio3\/","og_site_name":"Intermedia Producciones","article_publisher":"https:\/\/www.facebook.com\/ProductoraIntermediaProducciones","article_published_time":"2008-12-02T19:56:54+00:00","article_modified_time":"2011-11-15T11:33:06+00:00","og_image":[{"url":"https:\/\/intermediaproducciones.com\/wp-content\/uploads\/2011\/11\/daslebenderanderen.jpg","type":"","width":"","height":""}],"author":"Intermedia Producciones","twitter_card":"summary_large_image","twitter_misc":{"Written by":"Intermedia Producciones","Estimated reading time":"1 minute"},"schema":{"@context":"https:\/\/schema.org","@graph":[{"@type":"Article","@id":"https:\/\/intermediaproducciones.com\/en\/algo-para-escuchar-intermedia-en-radio3\/#article","isPartOf":{"@id":"https:\/\/intermediaproducciones.com\/en\/algo-para-escuchar-intermedia-en-radio3\/"},"author":{"name":"Intermedia Producciones","@id":"https:\/\/intermediaproducciones.com\/#\/schema\/person\/7a7d709e77f232e65f14762c0719bb0b"},"headline":"Algo para escuchar&#8230; Intermedia en Radio3","datePublished":"2008-12-02T19:56:54+00:00","dateModified":"2011-11-15T11:33:06+00:00","mainEntityOfPage":{"@id":"https:\/\/intermediaproducciones.com\/en\/algo-para-escuchar-intermedia-en-radio3\/"},"wordCount":166,"commentCount":0,"publisher":{"@id":"https:\/\/intermediaproducciones.com\/#organization"},"image":{"@id":"https:\/\/intermediaproducciones.com\/en\/algo-para-escuchar-intermedia-en-radio3\/#primaryimage"},"thumbnailUrl":"https:\/\/intermediaproducciones.com\/wp-content\/uploads\/2011\/11\/daslebenderanderen.jpg","articleSection":["Comunicaci\u00f3n"],"inLanguage":"en-GB"},{"@type":"WebPage","@id":"https:\/\/intermediaproducciones.com\/en\/algo-para-escuchar-intermedia-en-radio3\/","url":"https:\/\/intermediaproducciones.com\/en\/algo-para-escuchar-intermedia-en-radio3\/","name":"Algo para escuchar... Intermedia en Radio3 - Intermedia Producciones","isPartOf":{"@id":"https:\/\/intermediaproducciones.com\/#website"},"primaryImageOfPage":{"@id":"https:\/\/intermediaproducciones.com\/en\/algo-para-escuchar-intermedia-en-radio3\/#primaryimage"},"image":{"@id":"https:\/\/intermediaproducciones.com\/en\/algo-para-escuchar-intermedia-en-radio3\/#primaryimage"},"thumbnailUrl":"https:\/\/intermediaproducciones.com\/wp-content\/uploads\/2011\/11\/daslebenderanderen.jpg","datePublished":"2008-12-02T19:56:54+00:00","dateModified":"2011-11-15T11:33:06+00:00","breadcrumb":{"@id":"https:\/\/intermediaproducciones.com\/en\/algo-para-escuchar-intermedia-en-radio3\/#breadcrumb"},"inLanguage":"en-GB","potentialAction":[{"@type":"ReadAction","target":["https:\/\/intermediaproducciones.com\/en\/algo-para-escuchar-intermedia-en-radio3\/"]}]},{"@type":"ImageObject","inLanguage":"en-GB","@id":"https:\/\/intermediaproducciones.com\/en\/algo-para-escuchar-intermedia-en-radio3\/#primaryimage","url":"https:\/\/intermediaproducciones.com\/wp-content\/uploads\/2011\/11\/daslebenderanderen.jpg","contentUrl":"https:\/\/intermediaproducciones.com\/wp-content\/uploads\/2011\/11\/daslebenderanderen.jpg"},{"@type":"BreadcrumbList","@id":"https:\/\/intermediaproducciones.com\/en\/algo-para-escuchar-intermedia-en-radio3\/#breadcrumb","itemListElement":[{"@type":"ListItem","position":1,"name":"Portada","item":"https:\/\/intermediaproducciones.com\/"},{"@type":"ListItem","position":2,"name":"Algo para escuchar&#8230; Intermedia en Radio3"}]},{"@type":"WebSite","@id":"https:\/\/intermediaproducciones.com\/#website","url":"https:\/\/intermediaproducciones.com\/","name":"Intermedia Producciones","description":"Miradas, Visiones y Realidades","publisher":{"@id":"https:\/\/intermediaproducciones.com\/#organization"},"potentialAction":[{"@type":"SearchAction","target":{"@type":"EntryPoint","urlTemplate":"https:\/\/intermediaproducciones.com\/?s={search_term_string}"},"query-input":{"@type":"PropertyValueSpecification","valueRequired":true,"valueName":"search_term_string"}}],"inLanguage":"en-GB"},{"@type":"Organization","@id":"https:\/\/intermediaproducciones.com\/#organization","name":"Intermedia Producciones","url":"https:\/\/intermediaproducciones.com\/","logo":{"@type":"ImageObject","inLanguage":"en-GB","@id":"https:\/\/intermediaproducciones.com\/#\/schema\/logo\/image\/","url":"https:\/\/intermediaproducciones.com\/wp-content\/uploads\/2019\/02\/logo_intermedia.png","contentUrl":"https:\/\/intermediaproducciones.com\/wp-content\/uploads\/2019\/02\/logo_intermedia.png","width":199,"height":216,"caption":"Intermedia Producciones"},"image":{"@id":"https:\/\/intermediaproducciones.com\/#\/schema\/logo\/image\/"},"sameAs":["https:\/\/www.facebook.com\/ProductoraIntermediaProducciones","https:\/\/vimeo.com\/intermedia","https:\/\/www.youtube.com\/user\/IntermediaProd","https:\/\/www.instagram.com\/intermediaproducciones\/","https:\/\/www.linkedin.com\/company\/intermedia-producciones\/"]},{"@type":"Person","@id":"https:\/\/intermediaproducciones.com\/#\/schema\/person\/7a7d709e77f232e65f14762c0719bb0b","name":"Intermedia Producciones","image":{"@type":"ImageObject","inLanguage":"en-GB","@id":"https:\/\/intermediaproducciones.com\/#\/schema\/person\/image\/","url":"https:\/\/secure.gravatar.com\/avatar\/?s=96&d=blank&r=g","contentUrl":"https:\/\/secure.gravatar.com\/avatar\/?s=96&d=blank&r=g","caption":"Intermedia Producciones"},"url":"https:\/\/intermediaproducciones.com\/en\/author\/intermedia-producciones\/"}]}},"_links":{"self":[{"href":"https:\/\/intermediaproducciones.com\/en\/wp-json\/wp\/v2\/posts\/311","targetHints":{"allow":["GET"]}}],"collection":[{"href":"https:\/\/intermediaproducciones.com\/en\/wp-json\/wp\/v2\/posts"}],"about":[{"href":"https:\/\/intermediaproducciones.com\/en\/wp-json\/wp\/v2\/types\/post"}],"author":[{"embeddable":true,"href":"https:\/\/intermediaproducciones.com\/en\/wp-json\/wp\/v2\/users\/1"}],"replies":[{"embeddable":true,"href":"https:\/\/intermediaproducciones.com\/en\/wp-json\/wp\/v2\/comments?post=311"}],"version-history":[{"count":0,"href":"https:\/\/intermediaproducciones.com\/en\/wp-json\/wp\/v2\/posts\/311\/revisions"}],"wp:attachment":[{"href":"https:\/\/intermediaproducciones.com\/en\/wp-json\/wp\/v2\/media?parent=311"}],"wp:term":[{"taxonomy":"category","embeddable":true,"href":"https:\/\/intermediaproducciones.com\/en\/wp-json\/wp\/v2\/categories?post=311"},{"taxonomy":"post_tag","embeddable":true,"href":"https:\/\/intermediaproducciones.com\/en\/wp-json\/wp\/v2\/tags?post=311"}],"curies":[{"name":"wp","href":"https:\/\/api.w.org\/{rel}","templated":true}]}}