{"id":313,"date":"2008-11-05T20:01:21","date_gmt":"2008-11-05T20:01:21","guid":{"rendered":"http:\/\/localhost\/wp\/?p=313"},"modified":"2011-11-15T11:33:42","modified_gmt":"2011-11-15T11:33:42","slug":"desde-la-oscuridad-y-4000-euros-en-el-festival-de-cine-europeo-de-sevilla","status":"publish","type":"post","link":"https:\/\/intermediaproducciones.com\/en\/desde-la-oscuridad-y-4000-euros-en-el-festival-de-cine-europeo-de-sevilla\/","title":{"rendered":"Desde La Oscuridad y 4000 Euros en el Festival de Cine Europeo de Sevilla"},"content":{"rendered":"<p style=\"text-align: justify;\"><img decoding=\"async\" class=\"img-frame\" src=\"https:\/\/intermediaproducciones.com\/wp-content\/uploads\/2011\/11\/festiblog.jpg\" alt=\"\" \/><\/p>\n<p style=\"text-align: justify;\">Un a\u00f1o m\u00e1s, Intermedia va a estar presente en el Festival de Cine Europeo de Sevilla, esta vez con dos producciones enmarcadas en la secci\u00f3n \u00abPanorama Andaluz\u00bb.<\/p>\n<p style=\"text-align: justify;\">Por un lado, el documental Desde la Oscuridad, de Mariano Agudo y Julio S\u00e1nchez Veiga, se proyecta en los Cines Nervi\u00f3n Plaza (Sala 19) el lunes 10 de noviembre a las 23:10.<\/p>\n<p style=\"text-align: justify;\">Por su parte, el largometraje 4000 euros, dirigido por Richard Jordan, tendr\u00e1 dos pases. La primera proyecci\u00f3n, estreno en Sevilla, ser\u00e1 el martes 11 de noviembre a las 17:00 en el Teatro Lope de Vega. Dos d\u00ed\u00adas m\u00e1s tarde, jueves 13, podremos verla en la sala 20 de los Cines Nervi\u00f3n Plaza a las 18:00.<\/p>\n<p style=\"text-align: justify;\">Como este blog pretende no s\u00f3lo ser una fuente de informaci\u00f3n sino tambi\u00e9n un espacio abierto a la participaci\u00f3n, se nos ha ocurrido reservar invitaciones para quien introduzca comentarios a este post, a ver si as\u00ed\u00ad (n)os motiv\u00e1is un poco&#8230;<\/p>","protected":false},"excerpt":{"rendered":"<p>Un a\u00f1o m\u00e1s, Intermedia va a estar presente en el Festival de Cine Europeo de Sevilla, esta vez con dos producciones enmarcadas en la secci\u00f3n \u00abPanorama Andaluz\u00bb. Por un lado, el documental Desde la Oscuridad, de Mariano Agudo y Julio S\u00e1nchez Veiga, se proyecta en los Cines Nervi\u00f3n Plaza (Sala 19) el lunes 10 de [&hellip;]<\/p>","protected":false},"author":1,"featured_media":0,"comment_status":"open","ping_status":"open","sticky":false,"template":"","format":"standard","meta":{"_acf_changed":false,"footnotes":""},"categories":[14,15],"tags":[],"class_list":["post-313","post","type-post","status-publish","format-standard","hentry","category-festivales","category-proyecciones"],"acf":[],"yoast_head":"<!-- This site is optimized with the Yoast SEO plugin v25.3.1 - https:\/\/yoast.com\/wordpress\/plugins\/seo\/ -->\n<title>Desde La Oscuridad y 4000 Euros en el Festival de Cine Europeo de Sevilla - Intermedia Producciones<\/title>\n<meta name=\"robots\" content=\"index, follow, max-snippet:-1, max-image-preview:large, max-video-preview:-1\" \/>\n<link rel=\"canonical\" href=\"https:\/\/intermediaproducciones.com\/en\/desde-la-oscuridad-y-4000-euros-en-el-festival-de-cine-europeo-de-sevilla\/\" \/>\n<meta property=\"og:locale\" content=\"en_GB\" \/>\n<meta property=\"og:type\" content=\"article\" \/>\n<meta property=\"og:title\" content=\"Desde La Oscuridad y 4000 Euros en el Festival de Cine Europeo de Sevilla - Intermedia Producciones\" \/>\n<meta property=\"og:description\" content=\"Un a\u00f1o m\u00e1s, Intermedia va a estar presente en el Festival de Cine Europeo de Sevilla, esta vez con dos producciones enmarcadas en la secci\u00f3n \u00abPanorama Andaluz\u00bb. Por un lado, el documental Desde la Oscuridad, de Mariano Agudo y Julio S\u00e1nchez Veiga, se proyecta en los Cines Nervi\u00f3n Plaza (Sala 19) el lunes 10 de [&hellip;]\" \/>\n<meta property=\"og:url\" content=\"https:\/\/intermediaproducciones.com\/en\/desde-la-oscuridad-y-4000-euros-en-el-festival-de-cine-europeo-de-sevilla\/\" \/>\n<meta property=\"og:site_name\" content=\"Intermedia Producciones\" \/>\n<meta property=\"article:publisher\" content=\"https:\/\/www.facebook.com\/ProductoraIntermediaProducciones\" \/>\n<meta property=\"article:published_time\" content=\"2008-11-05T20:01:21+00:00\" \/>\n<meta property=\"article:modified_time\" content=\"2011-11-15T11:33:42+00:00\" \/>\n<meta property=\"og:image\" content=\"https:\/\/intermediaproducciones.com\/wp-content\/uploads\/2011\/11\/festiblog.jpg\" \/>\n<meta name=\"author\" content=\"Intermedia Producciones\" \/>\n<meta name=\"twitter:card\" content=\"summary_large_image\" \/>\n<meta name=\"twitter:label1\" content=\"Written by\" \/>\n\t<meta name=\"twitter:data1\" content=\"Intermedia Producciones\" \/>\n\t<meta name=\"twitter:label2\" content=\"Estimated reading time\" \/>\n\t<meta name=\"twitter:data2\" content=\"1 minute\" \/>\n<script type=\"application\/ld+json\" class=\"yoast-schema-graph\">{\"@context\":\"https:\/\/schema.org\",\"@graph\":[{\"@type\":\"Article\",\"@id\":\"https:\/\/intermediaproducciones.com\/en\/desde-la-oscuridad-y-4000-euros-en-el-festival-de-cine-europeo-de-sevilla\/#article\",\"isPartOf\":{\"@id\":\"https:\/\/intermediaproducciones.com\/en\/desde-la-oscuridad-y-4000-euros-en-el-festival-de-cine-europeo-de-sevilla\/\"},\"author\":{\"name\":\"Intermedia Producciones\",\"@id\":\"https:\/\/intermediaproducciones.com\/#\/schema\/person\/7a7d709e77f232e65f14762c0719bb0b\"},\"headline\":\"Desde La Oscuridad y 4000 Euros en el Festival de Cine Europeo de Sevilla\",\"datePublished\":\"2008-11-05T20:01:21+00:00\",\"dateModified\":\"2011-11-15T11:33:42+00:00\",\"mainEntityOfPage\":{\"@id\":\"https:\/\/intermediaproducciones.com\/en\/desde-la-oscuridad-y-4000-euros-en-el-festival-de-cine-europeo-de-sevilla\/\"},\"wordCount\":173,\"commentCount\":0,\"publisher\":{\"@id\":\"https:\/\/intermediaproducciones.com\/#organization\"},\"image\":{\"@id\":\"https:\/\/intermediaproducciones.com\/en\/desde-la-oscuridad-y-4000-euros-en-el-festival-de-cine-europeo-de-sevilla\/#primaryimage\"},\"thumbnailUrl\":\"https:\/\/intermediaproducciones.com\/wp-content\/uploads\/2011\/11\/festiblog.jpg\",\"articleSection\":[\"Festivales\",\"Proyecciones\"],\"inLanguage\":\"en-GB\"},{\"@type\":\"WebPage\",\"@id\":\"https:\/\/intermediaproducciones.com\/en\/desde-la-oscuridad-y-4000-euros-en-el-festival-de-cine-europeo-de-sevilla\/\",\"url\":\"https:\/\/intermediaproducciones.com\/en\/desde-la-oscuridad-y-4000-euros-en-el-festival-de-cine-europeo-de-sevilla\/\",\"name\":\"Desde La Oscuridad y 4000 Euros en el Festival de Cine Europeo de Sevilla - Intermedia Producciones\",\"isPartOf\":{\"@id\":\"https:\/\/intermediaproducciones.com\/#website\"},\"primaryImageOfPage\":{\"@id\":\"https:\/\/intermediaproducciones.com\/en\/desde-la-oscuridad-y-4000-euros-en-el-festival-de-cine-europeo-de-sevilla\/#primaryimage\"},\"image\":{\"@id\":\"https:\/\/intermediaproducciones.com\/en\/desde-la-oscuridad-y-4000-euros-en-el-festival-de-cine-europeo-de-sevilla\/#primaryimage\"},\"thumbnailUrl\":\"https:\/\/intermediaproducciones.com\/wp-content\/uploads\/2011\/11\/festiblog.jpg\",\"datePublished\":\"2008-11-05T20:01:21+00:00\",\"dateModified\":\"2011-11-15T11:33:42+00:00\",\"breadcrumb\":{\"@id\":\"https:\/\/intermediaproducciones.com\/en\/desde-la-oscuridad-y-4000-euros-en-el-festival-de-cine-europeo-de-sevilla\/#breadcrumb\"},\"inLanguage\":\"en-GB\",\"potentialAction\":[{\"@type\":\"ReadAction\",\"target\":[\"https:\/\/intermediaproducciones.com\/en\/desde-la-oscuridad-y-4000-euros-en-el-festival-de-cine-europeo-de-sevilla\/\"]}]},{\"@type\":\"ImageObject\",\"inLanguage\":\"en-GB\",\"@id\":\"https:\/\/intermediaproducciones.com\/en\/desde-la-oscuridad-y-4000-euros-en-el-festival-de-cine-europeo-de-sevilla\/#primaryimage\",\"url\":\"https:\/\/intermediaproducciones.com\/wp-content\/uploads\/2011\/11\/festiblog.jpg\",\"contentUrl\":\"https:\/\/intermediaproducciones.com\/wp-content\/uploads\/2011\/11\/festiblog.jpg\"},{\"@type\":\"BreadcrumbList\",\"@id\":\"https:\/\/intermediaproducciones.com\/en\/desde-la-oscuridad-y-4000-euros-en-el-festival-de-cine-europeo-de-sevilla\/#breadcrumb\",\"itemListElement\":[{\"@type\":\"ListItem\",\"position\":1,\"name\":\"Portada\",\"item\":\"https:\/\/intermediaproducciones.com\/\"},{\"@type\":\"ListItem\",\"position\":2,\"name\":\"Desde La Oscuridad y 4000 Euros en el Festival de Cine Europeo de Sevilla\"}]},{\"@type\":\"WebSite\",\"@id\":\"https:\/\/intermediaproducciones.com\/#website\",\"url\":\"https:\/\/intermediaproducciones.com\/\",\"name\":\"Intermedia Producciones\",\"description\":\"Miradas, Visiones y Realidades\",\"publisher\":{\"@id\":\"https:\/\/intermediaproducciones.com\/#organization\"},\"potentialAction\":[{\"@type\":\"SearchAction\",\"target\":{\"@type\":\"EntryPoint\",\"urlTemplate\":\"https:\/\/intermediaproducciones.com\/?s={search_term_string}\"},\"query-input\":{\"@type\":\"PropertyValueSpecification\",\"valueRequired\":true,\"valueName\":\"search_term_string\"}}],\"inLanguage\":\"en-GB\"},{\"@type\":\"Organization\",\"@id\":\"https:\/\/intermediaproducciones.com\/#organization\",\"name\":\"Intermedia Producciones\",\"url\":\"https:\/\/intermediaproducciones.com\/\",\"logo\":{\"@type\":\"ImageObject\",\"inLanguage\":\"en-GB\",\"@id\":\"https:\/\/intermediaproducciones.com\/#\/schema\/logo\/image\/\",\"url\":\"https:\/\/intermediaproducciones.com\/wp-content\/uploads\/2019\/02\/logo_intermedia.png\",\"contentUrl\":\"https:\/\/intermediaproducciones.com\/wp-content\/uploads\/2019\/02\/logo_intermedia.png\",\"width\":199,\"height\":216,\"caption\":\"Intermedia Producciones\"},\"image\":{\"@id\":\"https:\/\/intermediaproducciones.com\/#\/schema\/logo\/image\/\"},\"sameAs\":[\"https:\/\/www.facebook.com\/ProductoraIntermediaProducciones\",\"https:\/\/vimeo.com\/intermedia\",\"https:\/\/www.youtube.com\/user\/IntermediaProd\",\"https:\/\/www.instagram.com\/intermediaproducciones\/\",\"https:\/\/www.linkedin.com\/company\/intermedia-producciones\/\"]},{\"@type\":\"Person\",\"@id\":\"https:\/\/intermediaproducciones.com\/#\/schema\/person\/7a7d709e77f232e65f14762c0719bb0b\",\"name\":\"Intermedia Producciones\",\"image\":{\"@type\":\"ImageObject\",\"inLanguage\":\"en-GB\",\"@id\":\"https:\/\/intermediaproducciones.com\/#\/schema\/person\/image\/\",\"url\":\"https:\/\/secure.gravatar.com\/avatar\/?s=96&d=blank&r=g\",\"contentUrl\":\"https:\/\/secure.gravatar.com\/avatar\/?s=96&d=blank&r=g\",\"caption\":\"Intermedia Producciones\"},\"url\":\"https:\/\/intermediaproducciones.com\/en\/author\/intermedia-producciones\/\"}]}<\/script>\n<!-- \/ Yoast SEO plugin. -->","yoast_head_json":{"title":"Desde La Oscuridad y 4000 Euros en el Festival de Cine Europeo de Sevilla - Intermedia Producciones","robots":{"index":"index","follow":"follow","max-snippet":"max-snippet:-1","max-image-preview":"max-image-preview:large","max-video-preview":"max-video-preview:-1"},"canonical":"https:\/\/intermediaproducciones.com\/en\/desde-la-oscuridad-y-4000-euros-en-el-festival-de-cine-europeo-de-sevilla\/","og_locale":"en_GB","og_type":"article","og_title":"Desde La Oscuridad y 4000 Euros en el Festival de Cine Europeo de Sevilla - Intermedia Producciones","og_description":"Un a\u00f1o m\u00e1s, Intermedia va a estar presente en el Festival de Cine Europeo de Sevilla, esta vez con dos producciones enmarcadas en la secci\u00f3n \u00abPanorama Andaluz\u00bb. Por un lado, el documental Desde la Oscuridad, de Mariano Agudo y Julio S\u00e1nchez Veiga, se proyecta en los Cines Nervi\u00f3n Plaza (Sala 19) el lunes 10 de [&hellip;]","og_url":"https:\/\/intermediaproducciones.com\/en\/desde-la-oscuridad-y-4000-euros-en-el-festival-de-cine-europeo-de-sevilla\/","og_site_name":"Intermedia Producciones","article_publisher":"https:\/\/www.facebook.com\/ProductoraIntermediaProducciones","article_published_time":"2008-11-05T20:01:21+00:00","article_modified_time":"2011-11-15T11:33:42+00:00","og_image":[{"url":"https:\/\/intermediaproducciones.com\/wp-content\/uploads\/2011\/11\/festiblog.jpg","type":"","width":"","height":""}],"author":"Intermedia Producciones","twitter_card":"summary_large_image","twitter_misc":{"Written by":"Intermedia Producciones","Estimated reading time":"1 minute"},"schema":{"@context":"https:\/\/schema.org","@graph":[{"@type":"Article","@id":"https:\/\/intermediaproducciones.com\/en\/desde-la-oscuridad-y-4000-euros-en-el-festival-de-cine-europeo-de-sevilla\/#article","isPartOf":{"@id":"https:\/\/intermediaproducciones.com\/en\/desde-la-oscuridad-y-4000-euros-en-el-festival-de-cine-europeo-de-sevilla\/"},"author":{"name":"Intermedia Producciones","@id":"https:\/\/intermediaproducciones.com\/#\/schema\/person\/7a7d709e77f232e65f14762c0719bb0b"},"headline":"Desde La Oscuridad y 4000 Euros en el Festival de Cine Europeo de Sevilla","datePublished":"2008-11-05T20:01:21+00:00","dateModified":"2011-11-15T11:33:42+00:00","mainEntityOfPage":{"@id":"https:\/\/intermediaproducciones.com\/en\/desde-la-oscuridad-y-4000-euros-en-el-festival-de-cine-europeo-de-sevilla\/"},"wordCount":173,"commentCount":0,"publisher":{"@id":"https:\/\/intermediaproducciones.com\/#organization"},"image":{"@id":"https:\/\/intermediaproducciones.com\/en\/desde-la-oscuridad-y-4000-euros-en-el-festival-de-cine-europeo-de-sevilla\/#primaryimage"},"thumbnailUrl":"https:\/\/intermediaproducciones.com\/wp-content\/uploads\/2011\/11\/festiblog.jpg","articleSection":["Festivales","Proyecciones"],"inLanguage":"en-GB"},{"@type":"WebPage","@id":"https:\/\/intermediaproducciones.com\/en\/desde-la-oscuridad-y-4000-euros-en-el-festival-de-cine-europeo-de-sevilla\/","url":"https:\/\/intermediaproducciones.com\/en\/desde-la-oscuridad-y-4000-euros-en-el-festival-de-cine-europeo-de-sevilla\/","name":"Desde La Oscuridad y 4000 Euros en el Festival de Cine Europeo de Sevilla - Intermedia Producciones","isPartOf":{"@id":"https:\/\/intermediaproducciones.com\/#website"},"primaryImageOfPage":{"@id":"https:\/\/intermediaproducciones.com\/en\/desde-la-oscuridad-y-4000-euros-en-el-festival-de-cine-europeo-de-sevilla\/#primaryimage"},"image":{"@id":"https:\/\/intermediaproducciones.com\/en\/desde-la-oscuridad-y-4000-euros-en-el-festival-de-cine-europeo-de-sevilla\/#primaryimage"},"thumbnailUrl":"https:\/\/intermediaproducciones.com\/wp-content\/uploads\/2011\/11\/festiblog.jpg","datePublished":"2008-11-05T20:01:21+00:00","dateModified":"2011-11-15T11:33:42+00:00","breadcrumb":{"@id":"https:\/\/intermediaproducciones.com\/en\/desde-la-oscuridad-y-4000-euros-en-el-festival-de-cine-europeo-de-sevilla\/#breadcrumb"},"inLanguage":"en-GB","potentialAction":[{"@type":"ReadAction","target":["https:\/\/intermediaproducciones.com\/en\/desde-la-oscuridad-y-4000-euros-en-el-festival-de-cine-europeo-de-sevilla\/"]}]},{"@type":"ImageObject","inLanguage":"en-GB","@id":"https:\/\/intermediaproducciones.com\/en\/desde-la-oscuridad-y-4000-euros-en-el-festival-de-cine-europeo-de-sevilla\/#primaryimage","url":"https:\/\/intermediaproducciones.com\/wp-content\/uploads\/2011\/11\/festiblog.jpg","contentUrl":"https:\/\/intermediaproducciones.com\/wp-content\/uploads\/2011\/11\/festiblog.jpg"},{"@type":"BreadcrumbList","@id":"https:\/\/intermediaproducciones.com\/en\/desde-la-oscuridad-y-4000-euros-en-el-festival-de-cine-europeo-de-sevilla\/#breadcrumb","itemListElement":[{"@type":"ListItem","position":1,"name":"Portada","item":"https:\/\/intermediaproducciones.com\/"},{"@type":"ListItem","position":2,"name":"Desde La Oscuridad y 4000 Euros en el Festival de Cine Europeo de Sevilla"}]},{"@type":"WebSite","@id":"https:\/\/intermediaproducciones.com\/#website","url":"https:\/\/intermediaproducciones.com\/","name":"Intermedia Producciones","description":"Miradas, Visiones y Realidades","publisher":{"@id":"https:\/\/intermediaproducciones.com\/#organization"},"potentialAction":[{"@type":"SearchAction","target":{"@type":"EntryPoint","urlTemplate":"https:\/\/intermediaproducciones.com\/?s={search_term_string}"},"query-input":{"@type":"PropertyValueSpecification","valueRequired":true,"valueName":"search_term_string"}}],"inLanguage":"en-GB"},{"@type":"Organization","@id":"https:\/\/intermediaproducciones.com\/#organization","name":"Intermedia Producciones","url":"https:\/\/intermediaproducciones.com\/","logo":{"@type":"ImageObject","inLanguage":"en-GB","@id":"https:\/\/intermediaproducciones.com\/#\/schema\/logo\/image\/","url":"https:\/\/intermediaproducciones.com\/wp-content\/uploads\/2019\/02\/logo_intermedia.png","contentUrl":"https:\/\/intermediaproducciones.com\/wp-content\/uploads\/2019\/02\/logo_intermedia.png","width":199,"height":216,"caption":"Intermedia Producciones"},"image":{"@id":"https:\/\/intermediaproducciones.com\/#\/schema\/logo\/image\/"},"sameAs":["https:\/\/www.facebook.com\/ProductoraIntermediaProducciones","https:\/\/vimeo.com\/intermedia","https:\/\/www.youtube.com\/user\/IntermediaProd","https:\/\/www.instagram.com\/intermediaproducciones\/","https:\/\/www.linkedin.com\/company\/intermedia-producciones\/"]},{"@type":"Person","@id":"https:\/\/intermediaproducciones.com\/#\/schema\/person\/7a7d709e77f232e65f14762c0719bb0b","name":"Intermedia Producciones","image":{"@type":"ImageObject","inLanguage":"en-GB","@id":"https:\/\/intermediaproducciones.com\/#\/schema\/person\/image\/","url":"https:\/\/secure.gravatar.com\/avatar\/?s=96&d=blank&r=g","contentUrl":"https:\/\/secure.gravatar.com\/avatar\/?s=96&d=blank&r=g","caption":"Intermedia Producciones"},"url":"https:\/\/intermediaproducciones.com\/en\/author\/intermedia-producciones\/"}]}},"_links":{"self":[{"href":"https:\/\/intermediaproducciones.com\/en\/wp-json\/wp\/v2\/posts\/313","targetHints":{"allow":["GET"]}}],"collection":[{"href":"https:\/\/intermediaproducciones.com\/en\/wp-json\/wp\/v2\/posts"}],"about":[{"href":"https:\/\/intermediaproducciones.com\/en\/wp-json\/wp\/v2\/types\/post"}],"author":[{"embeddable":true,"href":"https:\/\/intermediaproducciones.com\/en\/wp-json\/wp\/v2\/users\/1"}],"replies":[{"embeddable":true,"href":"https:\/\/intermediaproducciones.com\/en\/wp-json\/wp\/v2\/comments?post=313"}],"version-history":[{"count":0,"href":"https:\/\/intermediaproducciones.com\/en\/wp-json\/wp\/v2\/posts\/313\/revisions"}],"wp:attachment":[{"href":"https:\/\/intermediaproducciones.com\/en\/wp-json\/wp\/v2\/media?parent=313"}],"wp:term":[{"taxonomy":"category","embeddable":true,"href":"https:\/\/intermediaproducciones.com\/en\/wp-json\/wp\/v2\/categories?post=313"},{"taxonomy":"post_tag","embeddable":true,"href":"https:\/\/intermediaproducciones.com\/en\/wp-json\/wp\/v2\/tags?post=313"}],"curies":[{"name":"wp","href":"https:\/\/api.w.org\/{rel}","templated":true}]}}