{"id":330,"date":"2008-09-10T20:26:40","date_gmt":"2008-09-10T20:26:40","guid":{"rendered":"http:\/\/localhost\/wp\/?p=330"},"modified":"2012-05-23T11:04:51","modified_gmt":"2012-05-23T11:04:51","slug":"estreno-de-the-end-de-eduardo-chapero-jackson-una-produccion-de-prosopopeya-intermedia-producciones-y-la-agencia-freak","status":"publish","type":"post","link":"https:\/\/intermediaproducciones.com\/en\/estreno-de-the-end-de-eduardo-chapero-jackson-una-produccion-de-prosopopeya-intermedia-producciones-y-la-agencia-freak\/","title":{"rendered":"Estreno de The End, de Eduardo Chapero-Jackson. Una producci\u00f3n de Prosopopeya, Intermedia Producciones y la Agencia Freak."},"content":{"rendered":"<p><img decoding=\"async\" class=\"img-frame  alignnone\" src=\"https:\/\/intermediaproducciones.com\/wp-content\/uploads\/2011\/11\/the_end_8271.jpg\" alt=\"\" \/><\/p>\n<p style=\"text-align: justify;\">Un poquito de ficci\u00f3n para variar. Acabamos de llegar de Expozaragoza d\u00f3nde el pasado lunes tuvo lugar el pre-estreno del \u00faltimo cortometraje de Eduardo Chapero-Jackson, una coproducci\u00f3n entre Prosopopeya (Madrid), Intermedia Producciones y la Agencia Freak (C\u00e1ceres).<\/p>\n<p style=\"text-align: justify;\">\u00abThe end\u00bb es cortometraje de 30 minutos de duraci\u00f3n en el que se plantea una situaci\u00f3n futura en la que el agua es un bien terriblemente escaso por causa del cambio clim\u00e1tico. Est\u00e1 rodada \u00ed\u00adntegramente en ingl\u00e9s con un elenco de actores internacionales.<\/p>\n<p style=\"text-align: justify;\">Esperamos estrenarla en Sevilla en el mes de diciembre una vez haya pasado por el Festival de Almer\u00ed\u00ada, d\u00f3nde tendr\u00e1 lugar el estreno oficial.<\/p>\n<p style=\"text-align: justify;\">Ten\u00e9is la oportunidad de ver varios <a href=\"http:\/\/www.elpais.com\/multigalerias\/20080909elpepucul_1\/Zes\" target=\"_blank\">clips de la pel\u00ed\u00adcula<\/a> en la p\u00e1gina web de \u00abEl pa\u00ed\u00ads\u00bb y <a href=\"http:\/\/www.elpais.com\/articulo\/cultura\/sequia\/Chapero-Jackson\/elpepucul\/20080909elpepucul_3\/Tes\" target=\"_blank\">saber un poco m\u00e1s<\/a> de Eduaro Chapero-Jackson.<\/p>\n<p>Otros enlaces interesantes:<\/p>\n<p><a href=\"http:\/\/manuelarribas.blogspot.com\/2008\/09\/end.html\" target=\"_blank\">Blog de Manuel Arribas<\/a> (gracias por la foto)<br \/>\n<a href=\"http:\/\/www.adn.es\/cultura\/20080908\/NWS-1493-Eduardo-Expo-End-The-apocaliptico.html\" target=\"_blank\">ADN<\/a><\/p>\n<p style=\"text-align: justify;\">Y aqu\u00ed\u00ad os dejamos un enlace a la <a href=\"http:\/\/www.cadenaser.com\/cadenaser\/podcast\/audios\/cadenaser_hoyporhoy_20080910csrcsrcul_1_Aes.mp3\" target=\"_blank\">entrevista a Miguel \u00c1ngel Silvestre<\/a> por Carlos Francino en la Cadena Ser. Hay una breve entrevista tambi\u00e9n a Eduardo Chapero-Jackson en relaci\u00f3n al cortometraje \u00abThe End\u00bb. Esperamos que lo disfrut\u00e9is.<\/p>\n<p>\u00a0<a href=\"https:\/\/intermediaproducciones.com\/en\/portfolio\/the-end\/\">+info<\/a><\/p>","protected":false},"excerpt":{"rendered":"<p>Un poquito de ficci\u00f3n para variar. Acabamos de llegar de Expozaragoza d\u00f3nde el pasado lunes tuvo lugar el pre-estreno del \u00faltimo cortometraje de Eduardo Chapero-Jackson, una coproducci\u00f3n entre Prosopopeya (Madrid), Intermedia Producciones y la Agencia Freak (C\u00e1ceres). \u00abThe end\u00bb es cortometraje de 30 minutos de duraci\u00f3n en el que se plantea una situaci\u00f3n futura en [&hellip;]<\/p>","protected":false},"author":1,"featured_media":0,"comment_status":"open","ping_status":"open","sticky":false,"template":"","format":"standard","meta":{"_acf_changed":false,"footnotes":""},"categories":[16],"tags":[104,24,105,103],"class_list":["post-330","post","type-post","status-publish","format-standard","hentry","category-estrenos","tag-eduardo-chapero-jackson","tag-intermedia-producciones","tag-prosopopeya","tag-the-end"],"acf":[],"yoast_head":"<!-- This site is optimized with the Yoast SEO plugin v25.3.1 - https:\/\/yoast.com\/wordpress\/plugins\/seo\/ -->\n<title>Estreno de The End, de Eduardo Chapero-Jackson. Una producci\u00f3n de Prosopopeya, Intermedia Producciones y la Agencia Freak. - Intermedia Producciones<\/title>\n<meta name=\"robots\" content=\"index, follow, max-snippet:-1, max-image-preview:large, max-video-preview:-1\" \/>\n<link rel=\"canonical\" href=\"https:\/\/intermediaproducciones.com\/en\/estreno-de-the-end-de-eduardo-chapero-jackson-una-produccion-de-prosopopeya-intermedia-producciones-y-la-agencia-freak\/\" \/>\n<meta property=\"og:locale\" content=\"en_GB\" \/>\n<meta property=\"og:type\" content=\"article\" \/>\n<meta property=\"og:title\" content=\"Estreno de The End, de Eduardo Chapero-Jackson. Una producci\u00f3n de Prosopopeya, Intermedia Producciones y la Agencia Freak. - Intermedia Producciones\" \/>\n<meta property=\"og:description\" content=\"Un poquito de ficci\u00f3n para variar. Acabamos de llegar de Expozaragoza d\u00f3nde el pasado lunes tuvo lugar el pre-estreno del \u00faltimo cortometraje de Eduardo Chapero-Jackson, una coproducci\u00f3n entre Prosopopeya (Madrid), Intermedia Producciones y la Agencia Freak (C\u00e1ceres). \u00abThe end\u00bb es cortometraje de 30 minutos de duraci\u00f3n en el que se plantea una situaci\u00f3n futura en [&hellip;]\" \/>\n<meta property=\"og:url\" content=\"https:\/\/intermediaproducciones.com\/en\/estreno-de-the-end-de-eduardo-chapero-jackson-una-produccion-de-prosopopeya-intermedia-producciones-y-la-agencia-freak\/\" \/>\n<meta property=\"og:site_name\" content=\"Intermedia Producciones\" \/>\n<meta property=\"article:publisher\" content=\"https:\/\/www.facebook.com\/ProductoraIntermediaProducciones\" \/>\n<meta property=\"article:published_time\" content=\"2008-09-10T20:26:40+00:00\" \/>\n<meta property=\"article:modified_time\" content=\"2012-05-23T11:04:51+00:00\" \/>\n<meta property=\"og:image\" content=\"https:\/\/intermediaproducciones.com\/wp-content\/uploads\/2011\/11\/the_end_8271.jpg\" \/>\n<meta name=\"author\" content=\"Intermedia Producciones\" \/>\n<meta name=\"twitter:card\" content=\"summary_large_image\" \/>\n<meta name=\"twitter:label1\" content=\"Written by\" \/>\n\t<meta name=\"twitter:data1\" content=\"Intermedia Producciones\" \/>\n\t<meta name=\"twitter:label2\" content=\"Estimated reading time\" \/>\n\t<meta name=\"twitter:data2\" content=\"1 minute\" \/>\n<script type=\"application\/ld+json\" class=\"yoast-schema-graph\">{\"@context\":\"https:\/\/schema.org\",\"@graph\":[{\"@type\":\"Article\",\"@id\":\"https:\/\/intermediaproducciones.com\/estreno-de-the-end-de-eduardo-chapero-jackson-una-produccion-de-prosopopeya-intermedia-producciones-y-la-agencia-freak\/#article\",\"isPartOf\":{\"@id\":\"https:\/\/intermediaproducciones.com\/estreno-de-the-end-de-eduardo-chapero-jackson-una-produccion-de-prosopopeya-intermedia-producciones-y-la-agencia-freak\/\"},\"author\":{\"name\":\"Intermedia Producciones\",\"@id\":\"https:\/\/intermediaproducciones.com\/#\/schema\/person\/7a7d709e77f232e65f14762c0719bb0b\"},\"headline\":\"Estreno de The End, de Eduardo Chapero-Jackson. Una producci\u00f3n de Prosopopeya, Intermedia Producciones y la Agencia Freak.\",\"datePublished\":\"2008-09-10T20:26:40+00:00\",\"dateModified\":\"2012-05-23T11:04:51+00:00\",\"mainEntityOfPage\":{\"@id\":\"https:\/\/intermediaproducciones.com\/estreno-de-the-end-de-eduardo-chapero-jackson-una-produccion-de-prosopopeya-intermedia-producciones-y-la-agencia-freak\/\"},\"wordCount\":215,\"commentCount\":0,\"publisher\":{\"@id\":\"https:\/\/intermediaproducciones.com\/#organization\"},\"image\":{\"@id\":\"https:\/\/intermediaproducciones.com\/estreno-de-the-end-de-eduardo-chapero-jackson-una-produccion-de-prosopopeya-intermedia-producciones-y-la-agencia-freak\/#primaryimage\"},\"thumbnailUrl\":\"https:\/\/intermediaproducciones.com\/wp-content\/uploads\/2011\/11\/the_end_8271.jpg\",\"keywords\":[\"Eduardo Chapero Jackson\",\"intermedia producciones\",\"Prosopopeya\",\"The End\"],\"articleSection\":[\"Estrenos\"],\"inLanguage\":\"en-GB\"},{\"@type\":\"WebPage\",\"@id\":\"https:\/\/intermediaproducciones.com\/estreno-de-the-end-de-eduardo-chapero-jackson-una-produccion-de-prosopopeya-intermedia-producciones-y-la-agencia-freak\/\",\"url\":\"https:\/\/intermediaproducciones.com\/estreno-de-the-end-de-eduardo-chapero-jackson-una-produccion-de-prosopopeya-intermedia-producciones-y-la-agencia-freak\/\",\"name\":\"Estreno de The End, de Eduardo Chapero-Jackson. Una producci\u00f3n de Prosopopeya, Intermedia Producciones y la Agencia Freak. - Intermedia Producciones\",\"isPartOf\":{\"@id\":\"https:\/\/intermediaproducciones.com\/#website\"},\"primaryImageOfPage\":{\"@id\":\"https:\/\/intermediaproducciones.com\/estreno-de-the-end-de-eduardo-chapero-jackson-una-produccion-de-prosopopeya-intermedia-producciones-y-la-agencia-freak\/#primaryimage\"},\"image\":{\"@id\":\"https:\/\/intermediaproducciones.com\/estreno-de-the-end-de-eduardo-chapero-jackson-una-produccion-de-prosopopeya-intermedia-producciones-y-la-agencia-freak\/#primaryimage\"},\"thumbnailUrl\":\"https:\/\/intermediaproducciones.com\/wp-content\/uploads\/2011\/11\/the_end_8271.jpg\",\"datePublished\":\"2008-09-10T20:26:40+00:00\",\"dateModified\":\"2012-05-23T11:04:51+00:00\",\"breadcrumb\":{\"@id\":\"https:\/\/intermediaproducciones.com\/estreno-de-the-end-de-eduardo-chapero-jackson-una-produccion-de-prosopopeya-intermedia-producciones-y-la-agencia-freak\/#breadcrumb\"},\"inLanguage\":\"en-GB\",\"potentialAction\":[{\"@type\":\"ReadAction\",\"target\":[\"https:\/\/intermediaproducciones.com\/estreno-de-the-end-de-eduardo-chapero-jackson-una-produccion-de-prosopopeya-intermedia-producciones-y-la-agencia-freak\/\"]}]},{\"@type\":\"ImageObject\",\"inLanguage\":\"en-GB\",\"@id\":\"https:\/\/intermediaproducciones.com\/estreno-de-the-end-de-eduardo-chapero-jackson-una-produccion-de-prosopopeya-intermedia-producciones-y-la-agencia-freak\/#primaryimage\",\"url\":\"https:\/\/intermediaproducciones.com\/wp-content\/uploads\/2011\/11\/the_end_8271.jpg\",\"contentUrl\":\"https:\/\/intermediaproducciones.com\/wp-content\/uploads\/2011\/11\/the_end_8271.jpg\"},{\"@type\":\"BreadcrumbList\",\"@id\":\"https:\/\/intermediaproducciones.com\/estreno-de-the-end-de-eduardo-chapero-jackson-una-produccion-de-prosopopeya-intermedia-producciones-y-la-agencia-freak\/#breadcrumb\",\"itemListElement\":[{\"@type\":\"ListItem\",\"position\":1,\"name\":\"Portada\",\"item\":\"https:\/\/intermediaproducciones.com\/\"},{\"@type\":\"ListItem\",\"position\":2,\"name\":\"Estreno de The End, de Eduardo Chapero-Jackson. Una producci\u00f3n de Prosopopeya, Intermedia Producciones y la Agencia Freak.\"}]},{\"@type\":\"WebSite\",\"@id\":\"https:\/\/intermediaproducciones.com\/#website\",\"url\":\"https:\/\/intermediaproducciones.com\/\",\"name\":\"Intermedia Producciones\",\"description\":\"Miradas, Visiones y Realidades\",\"publisher\":{\"@id\":\"https:\/\/intermediaproducciones.com\/#organization\"},\"potentialAction\":[{\"@type\":\"SearchAction\",\"target\":{\"@type\":\"EntryPoint\",\"urlTemplate\":\"https:\/\/intermediaproducciones.com\/?s={search_term_string}\"},\"query-input\":{\"@type\":\"PropertyValueSpecification\",\"valueRequired\":true,\"valueName\":\"search_term_string\"}}],\"inLanguage\":\"en-GB\"},{\"@type\":\"Organization\",\"@id\":\"https:\/\/intermediaproducciones.com\/#organization\",\"name\":\"Intermedia Producciones\",\"url\":\"https:\/\/intermediaproducciones.com\/\",\"logo\":{\"@type\":\"ImageObject\",\"inLanguage\":\"en-GB\",\"@id\":\"https:\/\/intermediaproducciones.com\/#\/schema\/logo\/image\/\",\"url\":\"https:\/\/intermediaproducciones.com\/wp-content\/uploads\/2019\/02\/logo_intermedia.png\",\"contentUrl\":\"https:\/\/intermediaproducciones.com\/wp-content\/uploads\/2019\/02\/logo_intermedia.png\",\"width\":199,\"height\":216,\"caption\":\"Intermedia Producciones\"},\"image\":{\"@id\":\"https:\/\/intermediaproducciones.com\/#\/schema\/logo\/image\/\"},\"sameAs\":[\"https:\/\/www.facebook.com\/ProductoraIntermediaProducciones\",\"https:\/\/vimeo.com\/intermedia\",\"https:\/\/www.youtube.com\/user\/IntermediaProd\",\"https:\/\/www.instagram.com\/intermediaproducciones\/\",\"https:\/\/www.linkedin.com\/company\/intermedia-producciones\/\"]},{\"@type\":\"Person\",\"@id\":\"https:\/\/intermediaproducciones.com\/#\/schema\/person\/7a7d709e77f232e65f14762c0719bb0b\",\"name\":\"Intermedia Producciones\",\"image\":{\"@type\":\"ImageObject\",\"inLanguage\":\"en-GB\",\"@id\":\"https:\/\/intermediaproducciones.com\/#\/schema\/person\/image\/\",\"url\":\"https:\/\/secure.gravatar.com\/avatar\/?s=96&d=blank&r=g\",\"contentUrl\":\"https:\/\/secure.gravatar.com\/avatar\/?s=96&d=blank&r=g\",\"caption\":\"Intermedia Producciones\"},\"url\":\"https:\/\/intermediaproducciones.com\/en\/author\/intermedia-producciones\/\"}]}<\/script>\n<!-- \/ Yoast SEO plugin. -->","yoast_head_json":{"title":"Estreno de The End, de Eduardo Chapero-Jackson. Una producci\u00f3n de Prosopopeya, Intermedia Producciones y la Agencia Freak. - Intermedia Producciones","robots":{"index":"index","follow":"follow","max-snippet":"max-snippet:-1","max-image-preview":"max-image-preview:large","max-video-preview":"max-video-preview:-1"},"canonical":"https:\/\/intermediaproducciones.com\/en\/estreno-de-the-end-de-eduardo-chapero-jackson-una-produccion-de-prosopopeya-intermedia-producciones-y-la-agencia-freak\/","og_locale":"en_GB","og_type":"article","og_title":"Estreno de The End, de Eduardo Chapero-Jackson. Una producci\u00f3n de Prosopopeya, Intermedia Producciones y la Agencia Freak. - Intermedia Producciones","og_description":"Un poquito de ficci\u00f3n para variar. Acabamos de llegar de Expozaragoza d\u00f3nde el pasado lunes tuvo lugar el pre-estreno del \u00faltimo cortometraje de Eduardo Chapero-Jackson, una coproducci\u00f3n entre Prosopopeya (Madrid), Intermedia Producciones y la Agencia Freak (C\u00e1ceres). \u00abThe end\u00bb es cortometraje de 30 minutos de duraci\u00f3n en el que se plantea una situaci\u00f3n futura en [&hellip;]","og_url":"https:\/\/intermediaproducciones.com\/en\/estreno-de-the-end-de-eduardo-chapero-jackson-una-produccion-de-prosopopeya-intermedia-producciones-y-la-agencia-freak\/","og_site_name":"Intermedia Producciones","article_publisher":"https:\/\/www.facebook.com\/ProductoraIntermediaProducciones","article_published_time":"2008-09-10T20:26:40+00:00","article_modified_time":"2012-05-23T11:04:51+00:00","og_image":[{"url":"https:\/\/intermediaproducciones.com\/wp-content\/uploads\/2011\/11\/the_end_8271.jpg","type":"","width":"","height":""}],"author":"Intermedia Producciones","twitter_card":"summary_large_image","twitter_misc":{"Written by":"Intermedia Producciones","Estimated reading time":"1 minute"},"schema":{"@context":"https:\/\/schema.org","@graph":[{"@type":"Article","@id":"https:\/\/intermediaproducciones.com\/estreno-de-the-end-de-eduardo-chapero-jackson-una-produccion-de-prosopopeya-intermedia-producciones-y-la-agencia-freak\/#article","isPartOf":{"@id":"https:\/\/intermediaproducciones.com\/estreno-de-the-end-de-eduardo-chapero-jackson-una-produccion-de-prosopopeya-intermedia-producciones-y-la-agencia-freak\/"},"author":{"name":"Intermedia Producciones","@id":"https:\/\/intermediaproducciones.com\/#\/schema\/person\/7a7d709e77f232e65f14762c0719bb0b"},"headline":"Estreno de The End, de Eduardo Chapero-Jackson. Una producci\u00f3n de Prosopopeya, Intermedia Producciones y la Agencia Freak.","datePublished":"2008-09-10T20:26:40+00:00","dateModified":"2012-05-23T11:04:51+00:00","mainEntityOfPage":{"@id":"https:\/\/intermediaproducciones.com\/estreno-de-the-end-de-eduardo-chapero-jackson-una-produccion-de-prosopopeya-intermedia-producciones-y-la-agencia-freak\/"},"wordCount":215,"commentCount":0,"publisher":{"@id":"https:\/\/intermediaproducciones.com\/#organization"},"image":{"@id":"https:\/\/intermediaproducciones.com\/estreno-de-the-end-de-eduardo-chapero-jackson-una-produccion-de-prosopopeya-intermedia-producciones-y-la-agencia-freak\/#primaryimage"},"thumbnailUrl":"https:\/\/intermediaproducciones.com\/wp-content\/uploads\/2011\/11\/the_end_8271.jpg","keywords":["Eduardo Chapero Jackson","intermedia producciones","Prosopopeya","The End"],"articleSection":["Estrenos"],"inLanguage":"en-GB"},{"@type":"WebPage","@id":"https:\/\/intermediaproducciones.com\/estreno-de-the-end-de-eduardo-chapero-jackson-una-produccion-de-prosopopeya-intermedia-producciones-y-la-agencia-freak\/","url":"https:\/\/intermediaproducciones.com\/estreno-de-the-end-de-eduardo-chapero-jackson-una-produccion-de-prosopopeya-intermedia-producciones-y-la-agencia-freak\/","name":"Estreno de The End, de Eduardo Chapero-Jackson. Una producci\u00f3n de Prosopopeya, Intermedia Producciones y la Agencia Freak. - Intermedia Producciones","isPartOf":{"@id":"https:\/\/intermediaproducciones.com\/#website"},"primaryImageOfPage":{"@id":"https:\/\/intermediaproducciones.com\/estreno-de-the-end-de-eduardo-chapero-jackson-una-produccion-de-prosopopeya-intermedia-producciones-y-la-agencia-freak\/#primaryimage"},"image":{"@id":"https:\/\/intermediaproducciones.com\/estreno-de-the-end-de-eduardo-chapero-jackson-una-produccion-de-prosopopeya-intermedia-producciones-y-la-agencia-freak\/#primaryimage"},"thumbnailUrl":"https:\/\/intermediaproducciones.com\/wp-content\/uploads\/2011\/11\/the_end_8271.jpg","datePublished":"2008-09-10T20:26:40+00:00","dateModified":"2012-05-23T11:04:51+00:00","breadcrumb":{"@id":"https:\/\/intermediaproducciones.com\/estreno-de-the-end-de-eduardo-chapero-jackson-una-produccion-de-prosopopeya-intermedia-producciones-y-la-agencia-freak\/#breadcrumb"},"inLanguage":"en-GB","potentialAction":[{"@type":"ReadAction","target":["https:\/\/intermediaproducciones.com\/estreno-de-the-end-de-eduardo-chapero-jackson-una-produccion-de-prosopopeya-intermedia-producciones-y-la-agencia-freak\/"]}]},{"@type":"ImageObject","inLanguage":"en-GB","@id":"https:\/\/intermediaproducciones.com\/estreno-de-the-end-de-eduardo-chapero-jackson-una-produccion-de-prosopopeya-intermedia-producciones-y-la-agencia-freak\/#primaryimage","url":"https:\/\/intermediaproducciones.com\/wp-content\/uploads\/2011\/11\/the_end_8271.jpg","contentUrl":"https:\/\/intermediaproducciones.com\/wp-content\/uploads\/2011\/11\/the_end_8271.jpg"},{"@type":"BreadcrumbList","@id":"https:\/\/intermediaproducciones.com\/estreno-de-the-end-de-eduardo-chapero-jackson-una-produccion-de-prosopopeya-intermedia-producciones-y-la-agencia-freak\/#breadcrumb","itemListElement":[{"@type":"ListItem","position":1,"name":"Portada","item":"https:\/\/intermediaproducciones.com\/"},{"@type":"ListItem","position":2,"name":"Estreno de The End, de Eduardo Chapero-Jackson. Una producci\u00f3n de Prosopopeya, Intermedia Producciones y la Agencia Freak."}]},{"@type":"WebSite","@id":"https:\/\/intermediaproducciones.com\/#website","url":"https:\/\/intermediaproducciones.com\/","name":"Intermedia Producciones","description":"Miradas, Visiones y Realidades","publisher":{"@id":"https:\/\/intermediaproducciones.com\/#organization"},"potentialAction":[{"@type":"SearchAction","target":{"@type":"EntryPoint","urlTemplate":"https:\/\/intermediaproducciones.com\/?s={search_term_string}"},"query-input":{"@type":"PropertyValueSpecification","valueRequired":true,"valueName":"search_term_string"}}],"inLanguage":"en-GB"},{"@type":"Organization","@id":"https:\/\/intermediaproducciones.com\/#organization","name":"Intermedia Producciones","url":"https:\/\/intermediaproducciones.com\/","logo":{"@type":"ImageObject","inLanguage":"en-GB","@id":"https:\/\/intermediaproducciones.com\/#\/schema\/logo\/image\/","url":"https:\/\/intermediaproducciones.com\/wp-content\/uploads\/2019\/02\/logo_intermedia.png","contentUrl":"https:\/\/intermediaproducciones.com\/wp-content\/uploads\/2019\/02\/logo_intermedia.png","width":199,"height":216,"caption":"Intermedia Producciones"},"image":{"@id":"https:\/\/intermediaproducciones.com\/#\/schema\/logo\/image\/"},"sameAs":["https:\/\/www.facebook.com\/ProductoraIntermediaProducciones","https:\/\/vimeo.com\/intermedia","https:\/\/www.youtube.com\/user\/IntermediaProd","https:\/\/www.instagram.com\/intermediaproducciones\/","https:\/\/www.linkedin.com\/company\/intermedia-producciones\/"]},{"@type":"Person","@id":"https:\/\/intermediaproducciones.com\/#\/schema\/person\/7a7d709e77f232e65f14762c0719bb0b","name":"Intermedia Producciones","image":{"@type":"ImageObject","inLanguage":"en-GB","@id":"https:\/\/intermediaproducciones.com\/#\/schema\/person\/image\/","url":"https:\/\/secure.gravatar.com\/avatar\/?s=96&d=blank&r=g","contentUrl":"https:\/\/secure.gravatar.com\/avatar\/?s=96&d=blank&r=g","caption":"Intermedia Producciones"},"url":"https:\/\/intermediaproducciones.com\/en\/author\/intermedia-producciones\/"}]}},"_links":{"self":[{"href":"https:\/\/intermediaproducciones.com\/en\/wp-json\/wp\/v2\/posts\/330","targetHints":{"allow":["GET"]}}],"collection":[{"href":"https:\/\/intermediaproducciones.com\/en\/wp-json\/wp\/v2\/posts"}],"about":[{"href":"https:\/\/intermediaproducciones.com\/en\/wp-json\/wp\/v2\/types\/post"}],"author":[{"embeddable":true,"href":"https:\/\/intermediaproducciones.com\/en\/wp-json\/wp\/v2\/users\/1"}],"replies":[{"embeddable":true,"href":"https:\/\/intermediaproducciones.com\/en\/wp-json\/wp\/v2\/comments?post=330"}],"version-history":[{"count":2,"href":"https:\/\/intermediaproducciones.com\/en\/wp-json\/wp\/v2\/posts\/330\/revisions"}],"predecessor-version":[{"id":1021,"href":"https:\/\/intermediaproducciones.com\/en\/wp-json\/wp\/v2\/posts\/330\/revisions\/1021"}],"wp:attachment":[{"href":"https:\/\/intermediaproducciones.com\/en\/wp-json\/wp\/v2\/media?parent=330"}],"wp:term":[{"taxonomy":"category","embeddable":true,"href":"https:\/\/intermediaproducciones.com\/en\/wp-json\/wp\/v2\/categories?post=330"},{"taxonomy":"post_tag","embeddable":true,"href":"https:\/\/intermediaproducciones.com\/en\/wp-json\/wp\/v2\/tags?post=330"}],"curies":[{"name":"wp","href":"https:\/\/api.w.org\/{rel}","templated":true}]}}