{"id":336,"date":"2008-09-02T20:39:40","date_gmt":"2008-09-02T20:39:40","guid":{"rendered":"http:\/\/localhost\/wp\/?p=336"},"modified":"2011-11-15T11:38:05","modified_gmt":"2011-11-15T11:38:05","slug":"cinereverso-una-invitacion-a-la-lectura-desde-la-imagen-por-octavio-fraga-guerra","status":"publish","type":"post","link":"https:\/\/intermediaproducciones.com\/en\/cinereverso-una-invitacion-a-la-lectura-desde-la-imagen-por-octavio-fraga-guerra\/","title":{"rendered":"CINEREVERSO. Una invitaci\u00f3n a la lectura, desde la imagen. Por Octavio Fraga Guerra"},"content":{"rendered":"<p style=\"text-align: center;\"><img decoding=\"async\" class=\"img-frame aligncenter\" src=\"https:\/\/intermediaproducciones.com\/wp-content\/uploads\/2011\/11\/ciudadinterior13media.jpg\" alt=\"\" \/><\/p>\n<p style=\"text-align: justify;\">La mayor\u00ed\u00ada de los documentales pasan casi inadvertidos para el gran p\u00fablico. Nunca han sido productos de masas. Los documentales tratan de invitar a la reflexi\u00f3n, de mostrar la realidad desde un punto de vista cr\u00ed\u00adtico, de confrontarnos con nuestro entorno, con nuestra historia o con aquellos acontecimientos, hechos o lugares que nos son lejanos.<\/p>\n<p style=\"text-align: justify;\">Para Intermedia ha sido una agradable sorpresa encontrarnos con el enorme trabajo de Octavio Fraga Guerra, quien a trav\u00e9s de su blog <a href=\"http:\/\/www.cinereverso.blogspot.com\/\" target=\"_blank\">CINEREVERSO<\/a> hace una minucioso repaso de los documentales m\u00e1s significativos de los \u00faltimos tiempos. Desde aqu\u00ed\u00ad queremos agradecer la cr\u00ed\u00adtica que ha publicado sobre el documental \u00ab<a href=\"http:\/\/cinereverso.blogspot.com\/2008\/08\/confidencias-nacidas-desde-el-silencio.html\" target=\"_blank\">Presos del silencio<\/a>\u00ab. Desde nuestro punto de vista el trabajo m\u00e1s exhaustivo y minucioso que se ha realizado sobre esta obra.<\/p>\n<p style=\"text-align: justify;\">Por cierto, no dej\u00e9is de leer sus magn\u00ed\u00adficas \u00abCr\u00f3nicas, pretextos para un documental\u00bb, son palabras hermosas e inspiradoras.<\/p>\n<p style=\"text-align: justify;\">Desde aqu\u00ed\u00ad le deseamos la mejor de las suertes. Os dejamos con en la declaraci\u00f3n de intenciones que escribi\u00f3 el propio Octavio en la g\u00e9nesis de su magn\u00ed\u00adfico blog:<\/p>\n<p style=\"text-align: justify;\"><em>\u00abCine Reverso, no es un juego de palabras, mucho menos una controversia ling\u00fc\u00ed\u00adstica. Es un espacio de di\u00e1logo y encuentro, en torno al cine documental. Las valoraciones est\u00e9ticas y culturales, as\u00ed\u00ad como los v\u00ed\u00adnculos o aportaciones con la sociedad y el pensamiento, ser\u00e1n los carriles por donde transitar\u00e1 este sue\u00f1o, que ha decidido nacer a punto concluir este 2007.<\/em><\/p>\n<p style=\"text-align: justify;\"><em>Tres ser\u00e1n los espacios por los que transitar\u00e1 este empe\u00f1o: La otra mirada, un an\u00e1lisis de las \u00faltimas producciones documentales, compartiendo espacio con esos cl\u00e1sicos a los que siempre habr\u00e1 que volver.<\/em><\/p>\n<p style=\"text-align: justify;\"><em>Revelaciones: ser\u00e1 una aportaci\u00f3n -desde la s\u00ed\u00adntesis- sobre los m\u00e1s importantes realizadores de este fascinante mundo audiovisual, asumiendo la palabra realizador, todos los \u00aboficios\u00bb que le acompa\u00f1an.<\/em><\/p>\n<p style=\"text-align: justify;\"><em>No faltar\u00e1 la sugerencia de la buena lectura, en Tras los apuntes: rese\u00f1as de libros, de publicaciones peri\u00f3dicas y otros recursos que constituyen sost\u00e9n te\u00f3rico.<\/em><\/p>\n<p style=\"text-align: justify;\"><em>Seguir\u00e1 creciendo, nuevas ideas se ir\u00e1n incorporando a este empe\u00f1o, que solo busca hacer pensar desde la imagen\u00bb<\/em>. OFG.<\/p>","protected":false},"excerpt":{"rendered":"<p>La mayor\u00ed\u00ada de los documentales pasan casi inadvertidos para el gran p\u00fablico. Nunca han sido productos de masas. Los documentales tratan de invitar a la reflexi\u00f3n, de mostrar la realidad desde un punto de vista cr\u00ed\u00adtico, de confrontarnos con nuestro entorno, con nuestra historia o con aquellos acontecimientos, hechos o lugares que nos son lejanos. [&hellip;]<\/p>","protected":false},"author":1,"featured_media":0,"comment_status":"open","ping_status":"open","sticky":false,"template":"","format":"standard","meta":{"_acf_changed":false,"footnotes":""},"categories":[18],"tags":[],"class_list":["post-336","post","type-post","status-publish","format-standard","hentry","category-comunicacion"],"acf":[],"yoast_head":"<!-- This site is optimized with the Yoast SEO plugin v25.3.1 - https:\/\/yoast.com\/wordpress\/plugins\/seo\/ -->\n<title>CINEREVERSO. Una invitaci\u00f3n a la lectura, desde la imagen. Por Octavio Fraga Guerra - Intermedia Producciones<\/title>\n<meta name=\"robots\" content=\"index, follow, max-snippet:-1, max-image-preview:large, max-video-preview:-1\" \/>\n<link rel=\"canonical\" href=\"https:\/\/intermediaproducciones.com\/en\/cinereverso-una-invitacion-a-la-lectura-desde-la-imagen-por-octavio-fraga-guerra\/\" \/>\n<meta property=\"og:locale\" content=\"en_GB\" \/>\n<meta property=\"og:type\" content=\"article\" \/>\n<meta property=\"og:title\" content=\"CINEREVERSO. Una invitaci\u00f3n a la lectura, desde la imagen. Por Octavio Fraga Guerra - Intermedia Producciones\" \/>\n<meta property=\"og:description\" content=\"La mayor\u00ed\u00ada de los documentales pasan casi inadvertidos para el gran p\u00fablico. Nunca han sido productos de masas. Los documentales tratan de invitar a la reflexi\u00f3n, de mostrar la realidad desde un punto de vista cr\u00ed\u00adtico, de confrontarnos con nuestro entorno, con nuestra historia o con aquellos acontecimientos, hechos o lugares que nos son lejanos. [&hellip;]\" \/>\n<meta property=\"og:url\" content=\"https:\/\/intermediaproducciones.com\/en\/cinereverso-una-invitacion-a-la-lectura-desde-la-imagen-por-octavio-fraga-guerra\/\" \/>\n<meta property=\"og:site_name\" content=\"Intermedia Producciones\" \/>\n<meta property=\"article:publisher\" content=\"https:\/\/www.facebook.com\/ProductoraIntermediaProducciones\" \/>\n<meta property=\"article:published_time\" content=\"2008-09-02T20:39:40+00:00\" \/>\n<meta property=\"article:modified_time\" content=\"2011-11-15T11:38:05+00:00\" \/>\n<meta property=\"og:image\" content=\"https:\/\/intermediaproducciones.com\/wp-content\/uploads\/2011\/11\/ciudadinterior13media.jpg\" \/>\n<meta name=\"author\" content=\"Intermedia Producciones\" \/>\n<meta name=\"twitter:card\" content=\"summary_large_image\" \/>\n<meta name=\"twitter:label1\" content=\"Written by\" \/>\n\t<meta name=\"twitter:data1\" content=\"Intermedia Producciones\" \/>\n\t<meta name=\"twitter:label2\" content=\"Estimated reading time\" \/>\n\t<meta name=\"twitter:data2\" content=\"2 minutes\" \/>\n<script type=\"application\/ld+json\" class=\"yoast-schema-graph\">{\"@context\":\"https:\/\/schema.org\",\"@graph\":[{\"@type\":\"Article\",\"@id\":\"https:\/\/intermediaproducciones.com\/en\/cinereverso-una-invitacion-a-la-lectura-desde-la-imagen-por-octavio-fraga-guerra\/#article\",\"isPartOf\":{\"@id\":\"https:\/\/intermediaproducciones.com\/en\/cinereverso-una-invitacion-a-la-lectura-desde-la-imagen-por-octavio-fraga-guerra\/\"},\"author\":{\"name\":\"Intermedia Producciones\",\"@id\":\"https:\/\/intermediaproducciones.com\/#\/schema\/person\/7a7d709e77f232e65f14762c0719bb0b\"},\"headline\":\"CINEREVERSO. Una invitaci\u00f3n a la lectura, desde la imagen. Por Octavio Fraga Guerra\",\"datePublished\":\"2008-09-02T20:39:40+00:00\",\"dateModified\":\"2011-11-15T11:38:05+00:00\",\"mainEntityOfPage\":{\"@id\":\"https:\/\/intermediaproducciones.com\/en\/cinereverso-una-invitacion-a-la-lectura-desde-la-imagen-por-octavio-fraga-guerra\/\"},\"wordCount\":380,\"commentCount\":0,\"publisher\":{\"@id\":\"https:\/\/intermediaproducciones.com\/#organization\"},\"image\":{\"@id\":\"https:\/\/intermediaproducciones.com\/en\/cinereverso-una-invitacion-a-la-lectura-desde-la-imagen-por-octavio-fraga-guerra\/#primaryimage\"},\"thumbnailUrl\":\"https:\/\/intermediaproducciones.com\/wp-content\/uploads\/2011\/11\/ciudadinterior13media.jpg\",\"articleSection\":[\"Comunicaci\u00f3n\"],\"inLanguage\":\"en-GB\"},{\"@type\":\"WebPage\",\"@id\":\"https:\/\/intermediaproducciones.com\/en\/cinereverso-una-invitacion-a-la-lectura-desde-la-imagen-por-octavio-fraga-guerra\/\",\"url\":\"https:\/\/intermediaproducciones.com\/en\/cinereverso-una-invitacion-a-la-lectura-desde-la-imagen-por-octavio-fraga-guerra\/\",\"name\":\"CINEREVERSO. Una invitaci\u00f3n a la lectura, desde la imagen. Por Octavio Fraga Guerra - Intermedia Producciones\",\"isPartOf\":{\"@id\":\"https:\/\/intermediaproducciones.com\/#website\"},\"primaryImageOfPage\":{\"@id\":\"https:\/\/intermediaproducciones.com\/en\/cinereverso-una-invitacion-a-la-lectura-desde-la-imagen-por-octavio-fraga-guerra\/#primaryimage\"},\"image\":{\"@id\":\"https:\/\/intermediaproducciones.com\/en\/cinereverso-una-invitacion-a-la-lectura-desde-la-imagen-por-octavio-fraga-guerra\/#primaryimage\"},\"thumbnailUrl\":\"https:\/\/intermediaproducciones.com\/wp-content\/uploads\/2011\/11\/ciudadinterior13media.jpg\",\"datePublished\":\"2008-09-02T20:39:40+00:00\",\"dateModified\":\"2011-11-15T11:38:05+00:00\",\"breadcrumb\":{\"@id\":\"https:\/\/intermediaproducciones.com\/en\/cinereverso-una-invitacion-a-la-lectura-desde-la-imagen-por-octavio-fraga-guerra\/#breadcrumb\"},\"inLanguage\":\"en-GB\",\"potentialAction\":[{\"@type\":\"ReadAction\",\"target\":[\"https:\/\/intermediaproducciones.com\/en\/cinereverso-una-invitacion-a-la-lectura-desde-la-imagen-por-octavio-fraga-guerra\/\"]}]},{\"@type\":\"ImageObject\",\"inLanguage\":\"en-GB\",\"@id\":\"https:\/\/intermediaproducciones.com\/en\/cinereverso-una-invitacion-a-la-lectura-desde-la-imagen-por-octavio-fraga-guerra\/#primaryimage\",\"url\":\"https:\/\/intermediaproducciones.com\/wp-content\/uploads\/2011\/11\/ciudadinterior13media.jpg\",\"contentUrl\":\"https:\/\/intermediaproducciones.com\/wp-content\/uploads\/2011\/11\/ciudadinterior13media.jpg\"},{\"@type\":\"BreadcrumbList\",\"@id\":\"https:\/\/intermediaproducciones.com\/en\/cinereverso-una-invitacion-a-la-lectura-desde-la-imagen-por-octavio-fraga-guerra\/#breadcrumb\",\"itemListElement\":[{\"@type\":\"ListItem\",\"position\":1,\"name\":\"Portada\",\"item\":\"https:\/\/intermediaproducciones.com\/\"},{\"@type\":\"ListItem\",\"position\":2,\"name\":\"CINEREVERSO. Una invitaci\u00f3n a la lectura, desde la imagen. Por Octavio Fraga Guerra\"}]},{\"@type\":\"WebSite\",\"@id\":\"https:\/\/intermediaproducciones.com\/#website\",\"url\":\"https:\/\/intermediaproducciones.com\/\",\"name\":\"Intermedia Producciones\",\"description\":\"Miradas, Visiones y Realidades\",\"publisher\":{\"@id\":\"https:\/\/intermediaproducciones.com\/#organization\"},\"potentialAction\":[{\"@type\":\"SearchAction\",\"target\":{\"@type\":\"EntryPoint\",\"urlTemplate\":\"https:\/\/intermediaproducciones.com\/?s={search_term_string}\"},\"query-input\":{\"@type\":\"PropertyValueSpecification\",\"valueRequired\":true,\"valueName\":\"search_term_string\"}}],\"inLanguage\":\"en-GB\"},{\"@type\":\"Organization\",\"@id\":\"https:\/\/intermediaproducciones.com\/#organization\",\"name\":\"Intermedia Producciones\",\"url\":\"https:\/\/intermediaproducciones.com\/\",\"logo\":{\"@type\":\"ImageObject\",\"inLanguage\":\"en-GB\",\"@id\":\"https:\/\/intermediaproducciones.com\/#\/schema\/logo\/image\/\",\"url\":\"https:\/\/intermediaproducciones.com\/wp-content\/uploads\/2019\/02\/logo_intermedia.png\",\"contentUrl\":\"https:\/\/intermediaproducciones.com\/wp-content\/uploads\/2019\/02\/logo_intermedia.png\",\"width\":199,\"height\":216,\"caption\":\"Intermedia Producciones\"},\"image\":{\"@id\":\"https:\/\/intermediaproducciones.com\/#\/schema\/logo\/image\/\"},\"sameAs\":[\"https:\/\/www.facebook.com\/ProductoraIntermediaProducciones\",\"https:\/\/vimeo.com\/intermedia\",\"https:\/\/www.youtube.com\/user\/IntermediaProd\",\"https:\/\/www.instagram.com\/intermediaproducciones\/\",\"https:\/\/www.linkedin.com\/company\/intermedia-producciones\/\"]},{\"@type\":\"Person\",\"@id\":\"https:\/\/intermediaproducciones.com\/#\/schema\/person\/7a7d709e77f232e65f14762c0719bb0b\",\"name\":\"Intermedia Producciones\",\"image\":{\"@type\":\"ImageObject\",\"inLanguage\":\"en-GB\",\"@id\":\"https:\/\/intermediaproducciones.com\/#\/schema\/person\/image\/\",\"url\":\"https:\/\/secure.gravatar.com\/avatar\/?s=96&d=blank&r=g\",\"contentUrl\":\"https:\/\/secure.gravatar.com\/avatar\/?s=96&d=blank&r=g\",\"caption\":\"Intermedia Producciones\"},\"url\":\"https:\/\/intermediaproducciones.com\/en\/author\/intermedia-producciones\/\"}]}<\/script>\n<!-- \/ Yoast SEO plugin. -->","yoast_head_json":{"title":"CINEREVERSO. Una invitaci\u00f3n a la lectura, desde la imagen. Por Octavio Fraga Guerra - Intermedia Producciones","robots":{"index":"index","follow":"follow","max-snippet":"max-snippet:-1","max-image-preview":"max-image-preview:large","max-video-preview":"max-video-preview:-1"},"canonical":"https:\/\/intermediaproducciones.com\/en\/cinereverso-una-invitacion-a-la-lectura-desde-la-imagen-por-octavio-fraga-guerra\/","og_locale":"en_GB","og_type":"article","og_title":"CINEREVERSO. Una invitaci\u00f3n a la lectura, desde la imagen. Por Octavio Fraga Guerra - Intermedia Producciones","og_description":"La mayor\u00ed\u00ada de los documentales pasan casi inadvertidos para el gran p\u00fablico. Nunca han sido productos de masas. Los documentales tratan de invitar a la reflexi\u00f3n, de mostrar la realidad desde un punto de vista cr\u00ed\u00adtico, de confrontarnos con nuestro entorno, con nuestra historia o con aquellos acontecimientos, hechos o lugares que nos son lejanos. [&hellip;]","og_url":"https:\/\/intermediaproducciones.com\/en\/cinereverso-una-invitacion-a-la-lectura-desde-la-imagen-por-octavio-fraga-guerra\/","og_site_name":"Intermedia Producciones","article_publisher":"https:\/\/www.facebook.com\/ProductoraIntermediaProducciones","article_published_time":"2008-09-02T20:39:40+00:00","article_modified_time":"2011-11-15T11:38:05+00:00","og_image":[{"url":"https:\/\/intermediaproducciones.com\/wp-content\/uploads\/2011\/11\/ciudadinterior13media.jpg","type":"","width":"","height":""}],"author":"Intermedia Producciones","twitter_card":"summary_large_image","twitter_misc":{"Written by":"Intermedia Producciones","Estimated reading time":"2 minutes"},"schema":{"@context":"https:\/\/schema.org","@graph":[{"@type":"Article","@id":"https:\/\/intermediaproducciones.com\/en\/cinereverso-una-invitacion-a-la-lectura-desde-la-imagen-por-octavio-fraga-guerra\/#article","isPartOf":{"@id":"https:\/\/intermediaproducciones.com\/en\/cinereverso-una-invitacion-a-la-lectura-desde-la-imagen-por-octavio-fraga-guerra\/"},"author":{"name":"Intermedia Producciones","@id":"https:\/\/intermediaproducciones.com\/#\/schema\/person\/7a7d709e77f232e65f14762c0719bb0b"},"headline":"CINEREVERSO. Una invitaci\u00f3n a la lectura, desde la imagen. Por Octavio Fraga Guerra","datePublished":"2008-09-02T20:39:40+00:00","dateModified":"2011-11-15T11:38:05+00:00","mainEntityOfPage":{"@id":"https:\/\/intermediaproducciones.com\/en\/cinereverso-una-invitacion-a-la-lectura-desde-la-imagen-por-octavio-fraga-guerra\/"},"wordCount":380,"commentCount":0,"publisher":{"@id":"https:\/\/intermediaproducciones.com\/#organization"},"image":{"@id":"https:\/\/intermediaproducciones.com\/en\/cinereverso-una-invitacion-a-la-lectura-desde-la-imagen-por-octavio-fraga-guerra\/#primaryimage"},"thumbnailUrl":"https:\/\/intermediaproducciones.com\/wp-content\/uploads\/2011\/11\/ciudadinterior13media.jpg","articleSection":["Comunicaci\u00f3n"],"inLanguage":"en-GB"},{"@type":"WebPage","@id":"https:\/\/intermediaproducciones.com\/en\/cinereverso-una-invitacion-a-la-lectura-desde-la-imagen-por-octavio-fraga-guerra\/","url":"https:\/\/intermediaproducciones.com\/en\/cinereverso-una-invitacion-a-la-lectura-desde-la-imagen-por-octavio-fraga-guerra\/","name":"CINEREVERSO. Una invitaci\u00f3n a la lectura, desde la imagen. Por Octavio Fraga Guerra - Intermedia Producciones","isPartOf":{"@id":"https:\/\/intermediaproducciones.com\/#website"},"primaryImageOfPage":{"@id":"https:\/\/intermediaproducciones.com\/en\/cinereverso-una-invitacion-a-la-lectura-desde-la-imagen-por-octavio-fraga-guerra\/#primaryimage"},"image":{"@id":"https:\/\/intermediaproducciones.com\/en\/cinereverso-una-invitacion-a-la-lectura-desde-la-imagen-por-octavio-fraga-guerra\/#primaryimage"},"thumbnailUrl":"https:\/\/intermediaproducciones.com\/wp-content\/uploads\/2011\/11\/ciudadinterior13media.jpg","datePublished":"2008-09-02T20:39:40+00:00","dateModified":"2011-11-15T11:38:05+00:00","breadcrumb":{"@id":"https:\/\/intermediaproducciones.com\/en\/cinereverso-una-invitacion-a-la-lectura-desde-la-imagen-por-octavio-fraga-guerra\/#breadcrumb"},"inLanguage":"en-GB","potentialAction":[{"@type":"ReadAction","target":["https:\/\/intermediaproducciones.com\/en\/cinereverso-una-invitacion-a-la-lectura-desde-la-imagen-por-octavio-fraga-guerra\/"]}]},{"@type":"ImageObject","inLanguage":"en-GB","@id":"https:\/\/intermediaproducciones.com\/en\/cinereverso-una-invitacion-a-la-lectura-desde-la-imagen-por-octavio-fraga-guerra\/#primaryimage","url":"https:\/\/intermediaproducciones.com\/wp-content\/uploads\/2011\/11\/ciudadinterior13media.jpg","contentUrl":"https:\/\/intermediaproducciones.com\/wp-content\/uploads\/2011\/11\/ciudadinterior13media.jpg"},{"@type":"BreadcrumbList","@id":"https:\/\/intermediaproducciones.com\/en\/cinereverso-una-invitacion-a-la-lectura-desde-la-imagen-por-octavio-fraga-guerra\/#breadcrumb","itemListElement":[{"@type":"ListItem","position":1,"name":"Portada","item":"https:\/\/intermediaproducciones.com\/"},{"@type":"ListItem","position":2,"name":"CINEREVERSO. Una invitaci\u00f3n a la lectura, desde la imagen. Por Octavio Fraga Guerra"}]},{"@type":"WebSite","@id":"https:\/\/intermediaproducciones.com\/#website","url":"https:\/\/intermediaproducciones.com\/","name":"Intermedia Producciones","description":"Miradas, Visiones y Realidades","publisher":{"@id":"https:\/\/intermediaproducciones.com\/#organization"},"potentialAction":[{"@type":"SearchAction","target":{"@type":"EntryPoint","urlTemplate":"https:\/\/intermediaproducciones.com\/?s={search_term_string}"},"query-input":{"@type":"PropertyValueSpecification","valueRequired":true,"valueName":"search_term_string"}}],"inLanguage":"en-GB"},{"@type":"Organization","@id":"https:\/\/intermediaproducciones.com\/#organization","name":"Intermedia Producciones","url":"https:\/\/intermediaproducciones.com\/","logo":{"@type":"ImageObject","inLanguage":"en-GB","@id":"https:\/\/intermediaproducciones.com\/#\/schema\/logo\/image\/","url":"https:\/\/intermediaproducciones.com\/wp-content\/uploads\/2019\/02\/logo_intermedia.png","contentUrl":"https:\/\/intermediaproducciones.com\/wp-content\/uploads\/2019\/02\/logo_intermedia.png","width":199,"height":216,"caption":"Intermedia Producciones"},"image":{"@id":"https:\/\/intermediaproducciones.com\/#\/schema\/logo\/image\/"},"sameAs":["https:\/\/www.facebook.com\/ProductoraIntermediaProducciones","https:\/\/vimeo.com\/intermedia","https:\/\/www.youtube.com\/user\/IntermediaProd","https:\/\/www.instagram.com\/intermediaproducciones\/","https:\/\/www.linkedin.com\/company\/intermedia-producciones\/"]},{"@type":"Person","@id":"https:\/\/intermediaproducciones.com\/#\/schema\/person\/7a7d709e77f232e65f14762c0719bb0b","name":"Intermedia Producciones","image":{"@type":"ImageObject","inLanguage":"en-GB","@id":"https:\/\/intermediaproducciones.com\/#\/schema\/person\/image\/","url":"https:\/\/secure.gravatar.com\/avatar\/?s=96&d=blank&r=g","contentUrl":"https:\/\/secure.gravatar.com\/avatar\/?s=96&d=blank&r=g","caption":"Intermedia Producciones"},"url":"https:\/\/intermediaproducciones.com\/en\/author\/intermedia-producciones\/"}]}},"_links":{"self":[{"href":"https:\/\/intermediaproducciones.com\/en\/wp-json\/wp\/v2\/posts\/336","targetHints":{"allow":["GET"]}}],"collection":[{"href":"https:\/\/intermediaproducciones.com\/en\/wp-json\/wp\/v2\/posts"}],"about":[{"href":"https:\/\/intermediaproducciones.com\/en\/wp-json\/wp\/v2\/types\/post"}],"author":[{"embeddable":true,"href":"https:\/\/intermediaproducciones.com\/en\/wp-json\/wp\/v2\/users\/1"}],"replies":[{"embeddable":true,"href":"https:\/\/intermediaproducciones.com\/en\/wp-json\/wp\/v2\/comments?post=336"}],"version-history":[{"count":0,"href":"https:\/\/intermediaproducciones.com\/en\/wp-json\/wp\/v2\/posts\/336\/revisions"}],"wp:attachment":[{"href":"https:\/\/intermediaproducciones.com\/en\/wp-json\/wp\/v2\/media?parent=336"}],"wp:term":[{"taxonomy":"category","embeddable":true,"href":"https:\/\/intermediaproducciones.com\/en\/wp-json\/wp\/v2\/categories?post=336"},{"taxonomy":"post_tag","embeddable":true,"href":"https:\/\/intermediaproducciones.com\/en\/wp-json\/wp\/v2\/tags?post=336"}],"curies":[{"name":"wp","href":"https:\/\/api.w.org\/{rel}","templated":true}]}}