{"id":341,"date":"2008-08-12T20:49:06","date_gmt":"2008-08-12T20:49:06","guid":{"rendered":"http:\/\/localhost\/wp\/?p=341"},"modified":"2012-05-23T10:50:34","modified_gmt":"2012-05-23T10:50:34","slug":"yindabad-seleccionada-en-la-muestra-internacional-de-cine-y-derechos-humanos-2008","status":"publish","type":"post","link":"https:\/\/intermediaproducciones.com\/en\/yindabad-seleccionada-en-la-muestra-internacional-de-cine-y-derechos-humanos-2008\/","title":{"rendered":"Yindabad seleccionada en la Muestra Internacional de cine y Derechos Humanos 2008"},"content":{"rendered":"<p style=\"text-align: justify;\"><img decoding=\"async\" class=\"img-frame\" src=\"https:\/\/intermediaproducciones.com\/wp-content\/uploads\/2011\/11\/yindabad (1).jpg\" alt=\"\" \/><\/p>\n<p style=\"text-align: justify;\">\u00abYindabad\u00bb, el documental producido por <a href=\"http:\/\/produccionesitinerantes.wordpress.com\/\" target=\"_blank\">Producciones Itinerantes<\/a> e Intermedia Producciones, dirigido por Roi Guiti\u00e1n y Mariano Agudo, ha sido seleccionado para participar en la<a href=\"http:\/\/www.muestraderechoshumanos.org\/\" target=\"_blank\"> Muestra Internacional de cine y Derechos Humanos<\/a> 08.<br \/>\nEsta muestra, que naci\u00f3 en Alicante en el a\u00f1o 2004, selecciona obras audiovisuales internacionales con el objetivo de difundir la situaci\u00f3n de los Derechos Humanos en el mundo. No se limitan a la proyecci\u00f3n de las obras seleccionadas, organizan debates y foros p\u00fablicos para tratar de despertar la reflexi\u00f3n y la cr\u00ed\u00adtica ante las realidades que est\u00e1s obras nos presentan.<br \/>\nOrganizada por la Associaci\u00f3 Cultural Testimoni Social, esta muestra est\u00e1 patrocinada por la Agencia Espa\u00f1ola de Cooperaci\u00f3n Internacional, la Universidad de Alicante y la Generalitat Valenciana.<br \/>\nLo mejor de esta muestra es que es itinerante. Gracias a la selecci\u00f3n \u00abYindabad\u00bb podr\u00e1 ser visto en Espa\u00f1a (Alicante, Madrid, Alcoy), Argentina (Mendoza), Guatemala (Santa Luc\u00ed\u00ada Utatl\u00e1n, Momostenango, Sto. Tom\u00e1s la Uni\u00f3n, Malacatancito) y M\u00e9xico (D.F.).<br \/>\nUna estupenda oportunidad para dar a conocer la dura realidad de los habitantes del valle de Narmada en la India.<\/p>\n<p style=\"text-align: justify;\"><a href=\"https:\/\/intermediaproducciones.com\/en\/portfolio\/yindabad\/\">+info<\/a><\/p>","protected":false},"excerpt":{"rendered":"<p>\u00abYindabad\u00bb, el documental producido por Producciones Itinerantes e Intermedia Producciones, dirigido por Roi Guiti\u00e1n y Mariano Agudo, ha sido seleccionado para participar en la Muestra Internacional de cine y Derechos Humanos 08. Esta muestra, que naci\u00f3 en Alicante en el a\u00f1o 2004, selecciona obras audiovisuales internacionales con el objetivo de difundir la situaci\u00f3n de los [&hellip;]<\/p>","protected":false},"author":1,"featured_media":0,"comment_status":"open","ping_status":"open","sticky":false,"template":"","format":"standard","meta":{"_acf_changed":false,"footnotes":""},"categories":[14],"tags":[94,24,95,23,101,93,92,91,90],"class_list":["post-341","post","type-post","status-publish","format-standard","hentry","category-festivales","tag-festival-internacional-agua-y-cine-de-estambul","tag-intermedia-producciones","tag-ix-festival-internacional-de-cine-y-video-de-los-pueblos-indigenas","tag-mariano-agudo","tag-muestra-internacional-de-cine-y-derechos-humanos-2008","tag-narmada","tag-producciones-itinerantes","tag-roi-guitian","tag-yindabad"],"acf":[],"yoast_head":"<!-- This site is optimized with the Yoast SEO plugin v25.3.1 - https:\/\/yoast.com\/wordpress\/plugins\/seo\/ -->\n<title>Yindabad seleccionada en la Muestra Internacional de cine y Derechos Humanos 2008 - Intermedia Producciones<\/title>\n<meta name=\"robots\" content=\"index, follow, max-snippet:-1, max-image-preview:large, max-video-preview:-1\" \/>\n<link rel=\"canonical\" href=\"https:\/\/intermediaproducciones.com\/en\/yindabad-seleccionada-en-la-muestra-internacional-de-cine-y-derechos-humanos-2008\/\" \/>\n<meta property=\"og:locale\" content=\"en_GB\" \/>\n<meta property=\"og:type\" content=\"article\" \/>\n<meta property=\"og:title\" content=\"Yindabad seleccionada en la Muestra Internacional de cine y Derechos Humanos 2008 - Intermedia Producciones\" \/>\n<meta property=\"og:description\" content=\"\u00abYindabad\u00bb, el documental producido por Producciones Itinerantes e Intermedia Producciones, dirigido por Roi Guiti\u00e1n y Mariano Agudo, ha sido seleccionado para participar en la Muestra Internacional de cine y Derechos Humanos 08. Esta muestra, que naci\u00f3 en Alicante en el a\u00f1o 2004, selecciona obras audiovisuales internacionales con el objetivo de difundir la situaci\u00f3n de los [&hellip;]\" \/>\n<meta property=\"og:url\" content=\"https:\/\/intermediaproducciones.com\/en\/yindabad-seleccionada-en-la-muestra-internacional-de-cine-y-derechos-humanos-2008\/\" \/>\n<meta property=\"og:site_name\" content=\"Intermedia Producciones\" \/>\n<meta property=\"article:publisher\" content=\"https:\/\/www.facebook.com\/ProductoraIntermediaProducciones\" \/>\n<meta property=\"article:published_time\" content=\"2008-08-12T20:49:06+00:00\" \/>\n<meta property=\"article:modified_time\" content=\"2012-05-23T10:50:34+00:00\" \/>\n<meta name=\"author\" content=\"Intermedia Producciones\" \/>\n<meta name=\"twitter:card\" content=\"summary_large_image\" \/>\n<meta name=\"twitter:label1\" content=\"Written by\" \/>\n\t<meta name=\"twitter:data1\" content=\"Intermedia Producciones\" \/>\n\t<meta name=\"twitter:label2\" content=\"Estimated reading time\" \/>\n\t<meta name=\"twitter:data2\" content=\"1 minute\" \/>\n<script type=\"application\/ld+json\" class=\"yoast-schema-graph\">{\"@context\":\"https:\/\/schema.org\",\"@graph\":[{\"@type\":\"Article\",\"@id\":\"https:\/\/intermediaproducciones.com\/en\/yindabad-seleccionada-en-la-muestra-internacional-de-cine-y-derechos-humanos-2008\/#article\",\"isPartOf\":{\"@id\":\"https:\/\/intermediaproducciones.com\/en\/yindabad-seleccionada-en-la-muestra-internacional-de-cine-y-derechos-humanos-2008\/\"},\"author\":{\"name\":\"Intermedia Producciones\",\"@id\":\"https:\/\/intermediaproducciones.com\/#\/schema\/person\/7a7d709e77f232e65f14762c0719bb0b\"},\"headline\":\"Yindabad seleccionada en la Muestra Internacional de cine y Derechos Humanos 2008\",\"datePublished\":\"2008-08-12T20:49:06+00:00\",\"dateModified\":\"2012-05-23T10:50:34+00:00\",\"mainEntityOfPage\":{\"@id\":\"https:\/\/intermediaproducciones.com\/en\/yindabad-seleccionada-en-la-muestra-internacional-de-cine-y-derechos-humanos-2008\/\"},\"wordCount\":203,\"commentCount\":0,\"publisher\":{\"@id\":\"https:\/\/intermediaproducciones.com\/#organization\"},\"keywords\":[\"Festival Internacional \\\"Agua y cine\\\" de Estambul\",\"intermedia producciones\",\"IX Festival Internacional de Cine y Video de los Pueblos Ind\u00ed\u00adgenas\",\"mariano agudo\",\"Muestra Internacional de cine y Derechos Humanos 2008\",\"Narmada\",\"Producciones Itinerantes\",\"Roi Guiti\u00e1n\",\"Yindabad\"],\"articleSection\":[\"Festivales\"],\"inLanguage\":\"en-GB\"},{\"@type\":\"WebPage\",\"@id\":\"https:\/\/intermediaproducciones.com\/en\/yindabad-seleccionada-en-la-muestra-internacional-de-cine-y-derechos-humanos-2008\/\",\"url\":\"https:\/\/intermediaproducciones.com\/en\/yindabad-seleccionada-en-la-muestra-internacional-de-cine-y-derechos-humanos-2008\/\",\"name\":\"Yindabad seleccionada en la Muestra Internacional de cine y Derechos Humanos 2008 - Intermedia Producciones\",\"isPartOf\":{\"@id\":\"https:\/\/intermediaproducciones.com\/#website\"},\"datePublished\":\"2008-08-12T20:49:06+00:00\",\"dateModified\":\"2012-05-23T10:50:34+00:00\",\"breadcrumb\":{\"@id\":\"https:\/\/intermediaproducciones.com\/en\/yindabad-seleccionada-en-la-muestra-internacional-de-cine-y-derechos-humanos-2008\/#breadcrumb\"},\"inLanguage\":\"en-GB\",\"potentialAction\":[{\"@type\":\"ReadAction\",\"target\":[\"https:\/\/intermediaproducciones.com\/en\/yindabad-seleccionada-en-la-muestra-internacional-de-cine-y-derechos-humanos-2008\/\"]}]},{\"@type\":\"BreadcrumbList\",\"@id\":\"https:\/\/intermediaproducciones.com\/en\/yindabad-seleccionada-en-la-muestra-internacional-de-cine-y-derechos-humanos-2008\/#breadcrumb\",\"itemListElement\":[{\"@type\":\"ListItem\",\"position\":1,\"name\":\"Portada\",\"item\":\"https:\/\/intermediaproducciones.com\/\"},{\"@type\":\"ListItem\",\"position\":2,\"name\":\"Yindabad seleccionada en la Muestra Internacional de cine y Derechos Humanos 2008\"}]},{\"@type\":\"WebSite\",\"@id\":\"https:\/\/intermediaproducciones.com\/#website\",\"url\":\"https:\/\/intermediaproducciones.com\/\",\"name\":\"Intermedia Producciones\",\"description\":\"Miradas, Visiones y Realidades\",\"publisher\":{\"@id\":\"https:\/\/intermediaproducciones.com\/#organization\"},\"potentialAction\":[{\"@type\":\"SearchAction\",\"target\":{\"@type\":\"EntryPoint\",\"urlTemplate\":\"https:\/\/intermediaproducciones.com\/?s={search_term_string}\"},\"query-input\":{\"@type\":\"PropertyValueSpecification\",\"valueRequired\":true,\"valueName\":\"search_term_string\"}}],\"inLanguage\":\"en-GB\"},{\"@type\":\"Organization\",\"@id\":\"https:\/\/intermediaproducciones.com\/#organization\",\"name\":\"Intermedia Producciones\",\"url\":\"https:\/\/intermediaproducciones.com\/\",\"logo\":{\"@type\":\"ImageObject\",\"inLanguage\":\"en-GB\",\"@id\":\"https:\/\/intermediaproducciones.com\/#\/schema\/logo\/image\/\",\"url\":\"https:\/\/intermediaproducciones.com\/wp-content\/uploads\/2019\/02\/logo_intermedia.png\",\"contentUrl\":\"https:\/\/intermediaproducciones.com\/wp-content\/uploads\/2019\/02\/logo_intermedia.png\",\"width\":199,\"height\":216,\"caption\":\"Intermedia Producciones\"},\"image\":{\"@id\":\"https:\/\/intermediaproducciones.com\/#\/schema\/logo\/image\/\"},\"sameAs\":[\"https:\/\/www.facebook.com\/ProductoraIntermediaProducciones\",\"https:\/\/vimeo.com\/intermedia\",\"https:\/\/www.youtube.com\/user\/IntermediaProd\",\"https:\/\/www.instagram.com\/intermediaproducciones\/\",\"https:\/\/www.linkedin.com\/company\/intermedia-producciones\/\"]},{\"@type\":\"Person\",\"@id\":\"https:\/\/intermediaproducciones.com\/#\/schema\/person\/7a7d709e77f232e65f14762c0719bb0b\",\"name\":\"Intermedia Producciones\",\"image\":{\"@type\":\"ImageObject\",\"inLanguage\":\"en-GB\",\"@id\":\"https:\/\/intermediaproducciones.com\/#\/schema\/person\/image\/\",\"url\":\"https:\/\/secure.gravatar.com\/avatar\/?s=96&d=blank&r=g\",\"contentUrl\":\"https:\/\/secure.gravatar.com\/avatar\/?s=96&d=blank&r=g\",\"caption\":\"Intermedia Producciones\"},\"url\":\"https:\/\/intermediaproducciones.com\/en\/author\/intermedia-producciones\/\"}]}<\/script>\n<!-- \/ Yoast SEO plugin. -->","yoast_head_json":{"title":"Yindabad seleccionada en la Muestra Internacional de cine y Derechos Humanos 2008 - Intermedia Producciones","robots":{"index":"index","follow":"follow","max-snippet":"max-snippet:-1","max-image-preview":"max-image-preview:large","max-video-preview":"max-video-preview:-1"},"canonical":"https:\/\/intermediaproducciones.com\/en\/yindabad-seleccionada-en-la-muestra-internacional-de-cine-y-derechos-humanos-2008\/","og_locale":"en_GB","og_type":"article","og_title":"Yindabad seleccionada en la Muestra Internacional de cine y Derechos Humanos 2008 - Intermedia Producciones","og_description":"\u00abYindabad\u00bb, el documental producido por Producciones Itinerantes e Intermedia Producciones, dirigido por Roi Guiti\u00e1n y Mariano Agudo, ha sido seleccionado para participar en la Muestra Internacional de cine y Derechos Humanos 08. Esta muestra, que naci\u00f3 en Alicante en el a\u00f1o 2004, selecciona obras audiovisuales internacionales con el objetivo de difundir la situaci\u00f3n de los [&hellip;]","og_url":"https:\/\/intermediaproducciones.com\/en\/yindabad-seleccionada-en-la-muestra-internacional-de-cine-y-derechos-humanos-2008\/","og_site_name":"Intermedia Producciones","article_publisher":"https:\/\/www.facebook.com\/ProductoraIntermediaProducciones","article_published_time":"2008-08-12T20:49:06+00:00","article_modified_time":"2012-05-23T10:50:34+00:00","author":"Intermedia Producciones","twitter_card":"summary_large_image","twitter_misc":{"Written by":"Intermedia Producciones","Estimated reading time":"1 minute"},"schema":{"@context":"https:\/\/schema.org","@graph":[{"@type":"Article","@id":"https:\/\/intermediaproducciones.com\/en\/yindabad-seleccionada-en-la-muestra-internacional-de-cine-y-derechos-humanos-2008\/#article","isPartOf":{"@id":"https:\/\/intermediaproducciones.com\/en\/yindabad-seleccionada-en-la-muestra-internacional-de-cine-y-derechos-humanos-2008\/"},"author":{"name":"Intermedia Producciones","@id":"https:\/\/intermediaproducciones.com\/#\/schema\/person\/7a7d709e77f232e65f14762c0719bb0b"},"headline":"Yindabad seleccionada en la Muestra Internacional de cine y Derechos Humanos 2008","datePublished":"2008-08-12T20:49:06+00:00","dateModified":"2012-05-23T10:50:34+00:00","mainEntityOfPage":{"@id":"https:\/\/intermediaproducciones.com\/en\/yindabad-seleccionada-en-la-muestra-internacional-de-cine-y-derechos-humanos-2008\/"},"wordCount":203,"commentCount":0,"publisher":{"@id":"https:\/\/intermediaproducciones.com\/#organization"},"keywords":["Festival Internacional \"Agua y cine\" de Estambul","intermedia producciones","IX Festival Internacional de Cine y Video de los Pueblos Ind\u00ed\u00adgenas","mariano agudo","Muestra Internacional de cine y Derechos Humanos 2008","Narmada","Producciones Itinerantes","Roi Guiti\u00e1n","Yindabad"],"articleSection":["Festivales"],"inLanguage":"en-GB"},{"@type":"WebPage","@id":"https:\/\/intermediaproducciones.com\/en\/yindabad-seleccionada-en-la-muestra-internacional-de-cine-y-derechos-humanos-2008\/","url":"https:\/\/intermediaproducciones.com\/en\/yindabad-seleccionada-en-la-muestra-internacional-de-cine-y-derechos-humanos-2008\/","name":"Yindabad seleccionada en la Muestra Internacional de cine y Derechos Humanos 2008 - Intermedia Producciones","isPartOf":{"@id":"https:\/\/intermediaproducciones.com\/#website"},"datePublished":"2008-08-12T20:49:06+00:00","dateModified":"2012-05-23T10:50:34+00:00","breadcrumb":{"@id":"https:\/\/intermediaproducciones.com\/en\/yindabad-seleccionada-en-la-muestra-internacional-de-cine-y-derechos-humanos-2008\/#breadcrumb"},"inLanguage":"en-GB","potentialAction":[{"@type":"ReadAction","target":["https:\/\/intermediaproducciones.com\/en\/yindabad-seleccionada-en-la-muestra-internacional-de-cine-y-derechos-humanos-2008\/"]}]},{"@type":"BreadcrumbList","@id":"https:\/\/intermediaproducciones.com\/en\/yindabad-seleccionada-en-la-muestra-internacional-de-cine-y-derechos-humanos-2008\/#breadcrumb","itemListElement":[{"@type":"ListItem","position":1,"name":"Portada","item":"https:\/\/intermediaproducciones.com\/"},{"@type":"ListItem","position":2,"name":"Yindabad seleccionada en la Muestra Internacional de cine y Derechos Humanos 2008"}]},{"@type":"WebSite","@id":"https:\/\/intermediaproducciones.com\/#website","url":"https:\/\/intermediaproducciones.com\/","name":"Intermedia Producciones","description":"Miradas, Visiones y Realidades","publisher":{"@id":"https:\/\/intermediaproducciones.com\/#organization"},"potentialAction":[{"@type":"SearchAction","target":{"@type":"EntryPoint","urlTemplate":"https:\/\/intermediaproducciones.com\/?s={search_term_string}"},"query-input":{"@type":"PropertyValueSpecification","valueRequired":true,"valueName":"search_term_string"}}],"inLanguage":"en-GB"},{"@type":"Organization","@id":"https:\/\/intermediaproducciones.com\/#organization","name":"Intermedia Producciones","url":"https:\/\/intermediaproducciones.com\/","logo":{"@type":"ImageObject","inLanguage":"en-GB","@id":"https:\/\/intermediaproducciones.com\/#\/schema\/logo\/image\/","url":"https:\/\/intermediaproducciones.com\/wp-content\/uploads\/2019\/02\/logo_intermedia.png","contentUrl":"https:\/\/intermediaproducciones.com\/wp-content\/uploads\/2019\/02\/logo_intermedia.png","width":199,"height":216,"caption":"Intermedia Producciones"},"image":{"@id":"https:\/\/intermediaproducciones.com\/#\/schema\/logo\/image\/"},"sameAs":["https:\/\/www.facebook.com\/ProductoraIntermediaProducciones","https:\/\/vimeo.com\/intermedia","https:\/\/www.youtube.com\/user\/IntermediaProd","https:\/\/www.instagram.com\/intermediaproducciones\/","https:\/\/www.linkedin.com\/company\/intermedia-producciones\/"]},{"@type":"Person","@id":"https:\/\/intermediaproducciones.com\/#\/schema\/person\/7a7d709e77f232e65f14762c0719bb0b","name":"Intermedia Producciones","image":{"@type":"ImageObject","inLanguage":"en-GB","@id":"https:\/\/intermediaproducciones.com\/#\/schema\/person\/image\/","url":"https:\/\/secure.gravatar.com\/avatar\/?s=96&d=blank&r=g","contentUrl":"https:\/\/secure.gravatar.com\/avatar\/?s=96&d=blank&r=g","caption":"Intermedia Producciones"},"url":"https:\/\/intermediaproducciones.com\/en\/author\/intermedia-producciones\/"}]}},"_links":{"self":[{"href":"https:\/\/intermediaproducciones.com\/en\/wp-json\/wp\/v2\/posts\/341","targetHints":{"allow":["GET"]}}],"collection":[{"href":"https:\/\/intermediaproducciones.com\/en\/wp-json\/wp\/v2\/posts"}],"about":[{"href":"https:\/\/intermediaproducciones.com\/en\/wp-json\/wp\/v2\/types\/post"}],"author":[{"embeddable":true,"href":"https:\/\/intermediaproducciones.com\/en\/wp-json\/wp\/v2\/users\/1"}],"replies":[{"embeddable":true,"href":"https:\/\/intermediaproducciones.com\/en\/wp-json\/wp\/v2\/comments?post=341"}],"version-history":[{"count":3,"href":"https:\/\/intermediaproducciones.com\/en\/wp-json\/wp\/v2\/posts\/341\/revisions"}],"predecessor-version":[{"id":1010,"href":"https:\/\/intermediaproducciones.com\/en\/wp-json\/wp\/v2\/posts\/341\/revisions\/1010"}],"wp:attachment":[{"href":"https:\/\/intermediaproducciones.com\/en\/wp-json\/wp\/v2\/media?parent=341"}],"wp:term":[{"taxonomy":"category","embeddable":true,"href":"https:\/\/intermediaproducciones.com\/en\/wp-json\/wp\/v2\/categories?post=341"},{"taxonomy":"post_tag","embeddable":true,"href":"https:\/\/intermediaproducciones.com\/en\/wp-json\/wp\/v2\/tags?post=341"}],"curies":[{"name":"wp","href":"https:\/\/api.w.org\/{rel}","templated":true}]}}