{"id":788,"date":"2011-12-07T17:52:19","date_gmt":"2011-12-07T17:52:19","guid":{"rendered":"https:\/\/intermediaproducciones.com\/?p=788"},"modified":"2012-07-25T15:56:15","modified_gmt":"2012-07-25T15:56:15","slug":"intermedia-inicia-el-rodaje-de-guillena-1937-tierra-silenciada","status":"publish","type":"post","link":"https:\/\/intermediaproducciones.com\/en\/intermedia-inicia-el-rodaje-de-guillena-1937-tierra-silenciada\/","title":{"rendered":"Intermedia inicia el rodaje de \u00abGuillena 1937, Tierra Silenciada\u00bb"},"content":{"rendered":"<p>Intermedia inicia el rodaje del documental\u00a0<em>Guillena 1937, Tierra Silenciada<\/em>, un seguimiento a los trabajos de exhumaci\u00f3n de la fosa com\u00fan donde se encuentran 17 mujeres de Guillena, que fueron asesinadas en 1937 por ser mujeres, hijas o compa\u00f1eras de militantes anifascistas.<\/p>\n<p>El rodaje se prolongar\u00e1 durante varios meses, hasta que las pruebas de ADN certifiquen la identidad de las v\u00edctimas y \u00e9stas sean trasladadas del cementerio de Gerena y reciban sepultura en su pueblo natal, Guillena.<\/p>\n<p>Esta producci\u00f3n estar\u00e1 financiada \u00edntegramente por \u00a0Intermedia ya que las ayudas p\u00fablicas solicitadas para su realizaci\u00f3n han sido negadas.<\/p>\n<p><a href=\"http:\/\/www.guillena1937eldocumental.com\"><strong>www.guillena1937eldocumental.com<\/strong><\/a><\/p>\n<div><a title=\"\" rel=\"lightbox\"><img decoding=\"async\" class=\"img-frame\" src=\"https:\/\/intermediaproducciones.com\/https:\/\/intermediaproducciones.com\/wp-content\/uploads\/2011\/12\/1323279588GUILLENAFOTOMONTAJE.jpg\" alt=\"\" \/><\/a><\/div>","protected":false},"excerpt":{"rendered":"<p>Intermedia inicia el rodaje del documental\u00a0Guillena 1937, Tierra Silenciada, un seguimiento a los trabajos de exhumaci\u00f3n de la fosa com\u00fan donde se encuentran 17 mujeres de Guillena, que fueron asesinadas en 1937 por ser mujeres, hijas o compa\u00f1eras de militantes anifascistas. El rodaje se prolongar\u00e1 durante varios meses, hasta que las pruebas de ADN certifiquen [&hellip;]<\/p>","protected":false},"author":1,"featured_media":0,"comment_status":"open","ping_status":"open","sticky":false,"template":"","format":"standard","meta":{"_acf_changed":false,"footnotes":""},"categories":[11,12],"tags":[26,27,31,29,32,117,24,23,28,30],"class_list":["post-788","post","type-post","status-publish","format-standard","hentry","category-actualidad","category-rodajes","tag-17-mujeres-de-guillena","tag-17-rosas-de-guillena","tag-31","tag-fosa-comun","tag-guerra-civil","tag-guillena-1937","tag-intermedia-producciones","tag-mariano-agudo","tag-memoria-historica","tag-mujeres"],"acf":[],"yoast_head":"<!-- This site is optimized with the Yoast SEO plugin v25.3.1 - https:\/\/yoast.com\/wordpress\/plugins\/seo\/ -->\n<title>Intermedia inicia el rodaje de &quot;Guillena 1937, Tierra Silenciada&quot; - Intermedia Producciones<\/title>\n<meta name=\"robots\" content=\"index, follow, max-snippet:-1, max-image-preview:large, max-video-preview:-1\" \/>\n<link rel=\"canonical\" href=\"https:\/\/intermediaproducciones.com\/en\/intermedia-inicia-el-rodaje-de-guillena-1937-tierra-silenciada\/\" \/>\n<meta property=\"og:locale\" content=\"en_GB\" \/>\n<meta property=\"og:type\" content=\"article\" \/>\n<meta property=\"og:title\" content=\"Intermedia inicia el rodaje de &quot;Guillena 1937, Tierra Silenciada&quot; - Intermedia Producciones\" \/>\n<meta property=\"og:description\" content=\"Intermedia inicia el rodaje del documental\u00a0Guillena 1937, Tierra Silenciada, un seguimiento a los trabajos de exhumaci\u00f3n de la fosa com\u00fan donde se encuentran 17 mujeres de Guillena, que fueron asesinadas en 1937 por ser mujeres, hijas o compa\u00f1eras de militantes anifascistas. El rodaje se prolongar\u00e1 durante varios meses, hasta que las pruebas de ADN certifiquen [&hellip;]\" \/>\n<meta property=\"og:url\" content=\"https:\/\/intermediaproducciones.com\/en\/intermedia-inicia-el-rodaje-de-guillena-1937-tierra-silenciada\/\" \/>\n<meta property=\"og:site_name\" content=\"Intermedia Producciones\" \/>\n<meta property=\"article:publisher\" content=\"https:\/\/www.facebook.com\/ProductoraIntermediaProducciones\" \/>\n<meta property=\"article:published_time\" content=\"2011-12-07T17:52:19+00:00\" \/>\n<meta property=\"article:modified_time\" content=\"2012-07-25T15:56:15+00:00\" \/>\n<meta property=\"og:image\" content=\"https:\/\/intermediaproducciones.com\/https:\/\/intermediaproducciones.com\/wp-content\/uploads\/2011\/12\/1323279588GUILLENAFOTOMONTAJE.jpg\" \/>\n<meta name=\"author\" content=\"Intermedia Producciones\" \/>\n<meta name=\"twitter:card\" content=\"summary_large_image\" \/>\n<meta name=\"twitter:label1\" content=\"Written by\" \/>\n\t<meta name=\"twitter:data1\" content=\"Intermedia Producciones\" \/>\n\t<meta name=\"twitter:label2\" content=\"Estimated reading time\" \/>\n\t<meta name=\"twitter:data2\" content=\"1 minute\" \/>\n<script type=\"application\/ld+json\" class=\"yoast-schema-graph\">{\"@context\":\"https:\/\/schema.org\",\"@graph\":[{\"@type\":\"Article\",\"@id\":\"https:\/\/intermediaproducciones.com\/en\/intermedia-inicia-el-rodaje-de-guillena-1937-tierra-silenciada\/#article\",\"isPartOf\":{\"@id\":\"https:\/\/intermediaproducciones.com\/en\/intermedia-inicia-el-rodaje-de-guillena-1937-tierra-silenciada\/\"},\"author\":{\"name\":\"Intermedia Producciones\",\"@id\":\"https:\/\/intermediaproducciones.com\/#\/schema\/person\/7a7d709e77f232e65f14762c0719bb0b\"},\"headline\":\"Intermedia inicia el rodaje de \u00abGuillena 1937, Tierra Silenciada\u00bb\",\"datePublished\":\"2011-12-07T17:52:19+00:00\",\"dateModified\":\"2012-07-25T15:56:15+00:00\",\"mainEntityOfPage\":{\"@id\":\"https:\/\/intermediaproducciones.com\/en\/intermedia-inicia-el-rodaje-de-guillena-1937-tierra-silenciada\/\"},\"wordCount\":112,\"commentCount\":0,\"publisher\":{\"@id\":\"https:\/\/intermediaproducciones.com\/#organization\"},\"image\":{\"@id\":\"https:\/\/intermediaproducciones.com\/en\/intermedia-inicia-el-rodaje-de-guillena-1937-tierra-silenciada\/#primaryimage\"},\"thumbnailUrl\":\"https:\/\/intermediaproducciones.com\/https:\/\/intermediaproducciones.com\/wp-content\/uploads\/2011\/12\/1323279588GUILLENAFOTOMONTAJE.jpg\",\"keywords\":[\"17 mujeres de guillena\",\"17 rosas de guillena\",\"1937\",\"fosa com\u00fan\",\"guerra civil\",\"Guillena 1937\",\"intermedia producciones\",\"mariano agudo\",\"memoria hist\u00f3rica\",\"mujeres\"],\"articleSection\":[\"Actualidad\",\"Rodajes\"],\"inLanguage\":\"en-GB\"},{\"@type\":\"WebPage\",\"@id\":\"https:\/\/intermediaproducciones.com\/en\/intermedia-inicia-el-rodaje-de-guillena-1937-tierra-silenciada\/\",\"url\":\"https:\/\/intermediaproducciones.com\/en\/intermedia-inicia-el-rodaje-de-guillena-1937-tierra-silenciada\/\",\"name\":\"Intermedia inicia el rodaje de \\\"Guillena 1937, Tierra Silenciada\\\" - Intermedia Producciones\",\"isPartOf\":{\"@id\":\"https:\/\/intermediaproducciones.com\/#website\"},\"primaryImageOfPage\":{\"@id\":\"https:\/\/intermediaproducciones.com\/en\/intermedia-inicia-el-rodaje-de-guillena-1937-tierra-silenciada\/#primaryimage\"},\"image\":{\"@id\":\"https:\/\/intermediaproducciones.com\/en\/intermedia-inicia-el-rodaje-de-guillena-1937-tierra-silenciada\/#primaryimage\"},\"thumbnailUrl\":\"https:\/\/intermediaproducciones.com\/https:\/\/intermediaproducciones.com\/wp-content\/uploads\/2011\/12\/1323279588GUILLENAFOTOMONTAJE.jpg\",\"datePublished\":\"2011-12-07T17:52:19+00:00\",\"dateModified\":\"2012-07-25T15:56:15+00:00\",\"breadcrumb\":{\"@id\":\"https:\/\/intermediaproducciones.com\/en\/intermedia-inicia-el-rodaje-de-guillena-1937-tierra-silenciada\/#breadcrumb\"},\"inLanguage\":\"en-GB\",\"potentialAction\":[{\"@type\":\"ReadAction\",\"target\":[\"https:\/\/intermediaproducciones.com\/en\/intermedia-inicia-el-rodaje-de-guillena-1937-tierra-silenciada\/\"]}]},{\"@type\":\"ImageObject\",\"inLanguage\":\"en-GB\",\"@id\":\"https:\/\/intermediaproducciones.com\/en\/intermedia-inicia-el-rodaje-de-guillena-1937-tierra-silenciada\/#primaryimage\",\"url\":\"https:\/\/intermediaproducciones.com\/https:\/\/intermediaproducciones.com\/wp-content\/uploads\/2011\/12\/1323279588GUILLENAFOTOMONTAJE.jpg\",\"contentUrl\":\"https:\/\/intermediaproducciones.com\/https:\/\/intermediaproducciones.com\/wp-content\/uploads\/2011\/12\/1323279588GUILLENAFOTOMONTAJE.jpg\"},{\"@type\":\"BreadcrumbList\",\"@id\":\"https:\/\/intermediaproducciones.com\/en\/intermedia-inicia-el-rodaje-de-guillena-1937-tierra-silenciada\/#breadcrumb\",\"itemListElement\":[{\"@type\":\"ListItem\",\"position\":1,\"name\":\"Portada\",\"item\":\"https:\/\/intermediaproducciones.com\/\"},{\"@type\":\"ListItem\",\"position\":2,\"name\":\"Intermedia inicia el rodaje de \u00abGuillena 1937, Tierra Silenciada\u00bb\"}]},{\"@type\":\"WebSite\",\"@id\":\"https:\/\/intermediaproducciones.com\/#website\",\"url\":\"https:\/\/intermediaproducciones.com\/\",\"name\":\"Intermedia Producciones\",\"description\":\"Miradas, Visiones y Realidades\",\"publisher\":{\"@id\":\"https:\/\/intermediaproducciones.com\/#organization\"},\"potentialAction\":[{\"@type\":\"SearchAction\",\"target\":{\"@type\":\"EntryPoint\",\"urlTemplate\":\"https:\/\/intermediaproducciones.com\/?s={search_term_string}\"},\"query-input\":{\"@type\":\"PropertyValueSpecification\",\"valueRequired\":true,\"valueName\":\"search_term_string\"}}],\"inLanguage\":\"en-GB\"},{\"@type\":\"Organization\",\"@id\":\"https:\/\/intermediaproducciones.com\/#organization\",\"name\":\"Intermedia Producciones\",\"url\":\"https:\/\/intermediaproducciones.com\/\",\"logo\":{\"@type\":\"ImageObject\",\"inLanguage\":\"en-GB\",\"@id\":\"https:\/\/intermediaproducciones.com\/#\/schema\/logo\/image\/\",\"url\":\"https:\/\/intermediaproducciones.com\/wp-content\/uploads\/2019\/02\/logo_intermedia.png\",\"contentUrl\":\"https:\/\/intermediaproducciones.com\/wp-content\/uploads\/2019\/02\/logo_intermedia.png\",\"width\":199,\"height\":216,\"caption\":\"Intermedia Producciones\"},\"image\":{\"@id\":\"https:\/\/intermediaproducciones.com\/#\/schema\/logo\/image\/\"},\"sameAs\":[\"https:\/\/www.facebook.com\/ProductoraIntermediaProducciones\",\"https:\/\/vimeo.com\/intermedia\",\"https:\/\/www.youtube.com\/user\/IntermediaProd\",\"https:\/\/www.instagram.com\/intermediaproducciones\/\",\"https:\/\/www.linkedin.com\/company\/intermedia-producciones\/\"]},{\"@type\":\"Person\",\"@id\":\"https:\/\/intermediaproducciones.com\/#\/schema\/person\/7a7d709e77f232e65f14762c0719bb0b\",\"name\":\"Intermedia Producciones\",\"image\":{\"@type\":\"ImageObject\",\"inLanguage\":\"en-GB\",\"@id\":\"https:\/\/intermediaproducciones.com\/#\/schema\/person\/image\/\",\"url\":\"https:\/\/secure.gravatar.com\/avatar\/?s=96&d=blank&r=g\",\"contentUrl\":\"https:\/\/secure.gravatar.com\/avatar\/?s=96&d=blank&r=g\",\"caption\":\"Intermedia Producciones\"},\"url\":\"https:\/\/intermediaproducciones.com\/en\/author\/intermedia-producciones\/\"}]}<\/script>\n<!-- \/ Yoast SEO plugin. -->","yoast_head_json":{"title":"Intermedia inicia el rodaje de \"Guillena 1937, Tierra Silenciada\" - Intermedia Producciones","robots":{"index":"index","follow":"follow","max-snippet":"max-snippet:-1","max-image-preview":"max-image-preview:large","max-video-preview":"max-video-preview:-1"},"canonical":"https:\/\/intermediaproducciones.com\/en\/intermedia-inicia-el-rodaje-de-guillena-1937-tierra-silenciada\/","og_locale":"en_GB","og_type":"article","og_title":"Intermedia inicia el rodaje de \"Guillena 1937, Tierra Silenciada\" - Intermedia Producciones","og_description":"Intermedia inicia el rodaje del documental\u00a0Guillena 1937, Tierra Silenciada, un seguimiento a los trabajos de exhumaci\u00f3n de la fosa com\u00fan donde se encuentran 17 mujeres de Guillena, que fueron asesinadas en 1937 por ser mujeres, hijas o compa\u00f1eras de militantes anifascistas. El rodaje se prolongar\u00e1 durante varios meses, hasta que las pruebas de ADN certifiquen [&hellip;]","og_url":"https:\/\/intermediaproducciones.com\/en\/intermedia-inicia-el-rodaje-de-guillena-1937-tierra-silenciada\/","og_site_name":"Intermedia Producciones","article_publisher":"https:\/\/www.facebook.com\/ProductoraIntermediaProducciones","article_published_time":"2011-12-07T17:52:19+00:00","article_modified_time":"2012-07-25T15:56:15+00:00","og_image":[{"url":"https:\/\/intermediaproducciones.com\/https:\/\/intermediaproducciones.com\/wp-content\/uploads\/2011\/12\/1323279588GUILLENAFOTOMONTAJE.jpg","type":"","width":"","height":""}],"author":"Intermedia Producciones","twitter_card":"summary_large_image","twitter_misc":{"Written by":"Intermedia Producciones","Estimated reading time":"1 minute"},"schema":{"@context":"https:\/\/schema.org","@graph":[{"@type":"Article","@id":"https:\/\/intermediaproducciones.com\/en\/intermedia-inicia-el-rodaje-de-guillena-1937-tierra-silenciada\/#article","isPartOf":{"@id":"https:\/\/intermediaproducciones.com\/en\/intermedia-inicia-el-rodaje-de-guillena-1937-tierra-silenciada\/"},"author":{"name":"Intermedia Producciones","@id":"https:\/\/intermediaproducciones.com\/#\/schema\/person\/7a7d709e77f232e65f14762c0719bb0b"},"headline":"Intermedia inicia el rodaje de \u00abGuillena 1937, Tierra Silenciada\u00bb","datePublished":"2011-12-07T17:52:19+00:00","dateModified":"2012-07-25T15:56:15+00:00","mainEntityOfPage":{"@id":"https:\/\/intermediaproducciones.com\/en\/intermedia-inicia-el-rodaje-de-guillena-1937-tierra-silenciada\/"},"wordCount":112,"commentCount":0,"publisher":{"@id":"https:\/\/intermediaproducciones.com\/#organization"},"image":{"@id":"https:\/\/intermediaproducciones.com\/en\/intermedia-inicia-el-rodaje-de-guillena-1937-tierra-silenciada\/#primaryimage"},"thumbnailUrl":"https:\/\/intermediaproducciones.com\/https:\/\/intermediaproducciones.com\/wp-content\/uploads\/2011\/12\/1323279588GUILLENAFOTOMONTAJE.jpg","keywords":["17 mujeres de guillena","17 rosas de guillena","1937","fosa com\u00fan","guerra civil","Guillena 1937","intermedia producciones","mariano agudo","memoria hist\u00f3rica","mujeres"],"articleSection":["Actualidad","Rodajes"],"inLanguage":"en-GB"},{"@type":"WebPage","@id":"https:\/\/intermediaproducciones.com\/en\/intermedia-inicia-el-rodaje-de-guillena-1937-tierra-silenciada\/","url":"https:\/\/intermediaproducciones.com\/en\/intermedia-inicia-el-rodaje-de-guillena-1937-tierra-silenciada\/","name":"Intermedia inicia el rodaje de \"Guillena 1937, Tierra Silenciada\" - Intermedia Producciones","isPartOf":{"@id":"https:\/\/intermediaproducciones.com\/#website"},"primaryImageOfPage":{"@id":"https:\/\/intermediaproducciones.com\/en\/intermedia-inicia-el-rodaje-de-guillena-1937-tierra-silenciada\/#primaryimage"},"image":{"@id":"https:\/\/intermediaproducciones.com\/en\/intermedia-inicia-el-rodaje-de-guillena-1937-tierra-silenciada\/#primaryimage"},"thumbnailUrl":"https:\/\/intermediaproducciones.com\/https:\/\/intermediaproducciones.com\/wp-content\/uploads\/2011\/12\/1323279588GUILLENAFOTOMONTAJE.jpg","datePublished":"2011-12-07T17:52:19+00:00","dateModified":"2012-07-25T15:56:15+00:00","breadcrumb":{"@id":"https:\/\/intermediaproducciones.com\/en\/intermedia-inicia-el-rodaje-de-guillena-1937-tierra-silenciada\/#breadcrumb"},"inLanguage":"en-GB","potentialAction":[{"@type":"ReadAction","target":["https:\/\/intermediaproducciones.com\/en\/intermedia-inicia-el-rodaje-de-guillena-1937-tierra-silenciada\/"]}]},{"@type":"ImageObject","inLanguage":"en-GB","@id":"https:\/\/intermediaproducciones.com\/en\/intermedia-inicia-el-rodaje-de-guillena-1937-tierra-silenciada\/#primaryimage","url":"https:\/\/intermediaproducciones.com\/https:\/\/intermediaproducciones.com\/wp-content\/uploads\/2011\/12\/1323279588GUILLENAFOTOMONTAJE.jpg","contentUrl":"https:\/\/intermediaproducciones.com\/https:\/\/intermediaproducciones.com\/wp-content\/uploads\/2011\/12\/1323279588GUILLENAFOTOMONTAJE.jpg"},{"@type":"BreadcrumbList","@id":"https:\/\/intermediaproducciones.com\/en\/intermedia-inicia-el-rodaje-de-guillena-1937-tierra-silenciada\/#breadcrumb","itemListElement":[{"@type":"ListItem","position":1,"name":"Portada","item":"https:\/\/intermediaproducciones.com\/"},{"@type":"ListItem","position":2,"name":"Intermedia inicia el rodaje de \u00abGuillena 1937, Tierra Silenciada\u00bb"}]},{"@type":"WebSite","@id":"https:\/\/intermediaproducciones.com\/#website","url":"https:\/\/intermediaproducciones.com\/","name":"Intermedia Producciones","description":"Miradas, Visiones y Realidades","publisher":{"@id":"https:\/\/intermediaproducciones.com\/#organization"},"potentialAction":[{"@type":"SearchAction","target":{"@type":"EntryPoint","urlTemplate":"https:\/\/intermediaproducciones.com\/?s={search_term_string}"},"query-input":{"@type":"PropertyValueSpecification","valueRequired":true,"valueName":"search_term_string"}}],"inLanguage":"en-GB"},{"@type":"Organization","@id":"https:\/\/intermediaproducciones.com\/#organization","name":"Intermedia Producciones","url":"https:\/\/intermediaproducciones.com\/","logo":{"@type":"ImageObject","inLanguage":"en-GB","@id":"https:\/\/intermediaproducciones.com\/#\/schema\/logo\/image\/","url":"https:\/\/intermediaproducciones.com\/wp-content\/uploads\/2019\/02\/logo_intermedia.png","contentUrl":"https:\/\/intermediaproducciones.com\/wp-content\/uploads\/2019\/02\/logo_intermedia.png","width":199,"height":216,"caption":"Intermedia Producciones"},"image":{"@id":"https:\/\/intermediaproducciones.com\/#\/schema\/logo\/image\/"},"sameAs":["https:\/\/www.facebook.com\/ProductoraIntermediaProducciones","https:\/\/vimeo.com\/intermedia","https:\/\/www.youtube.com\/user\/IntermediaProd","https:\/\/www.instagram.com\/intermediaproducciones\/","https:\/\/www.linkedin.com\/company\/intermedia-producciones\/"]},{"@type":"Person","@id":"https:\/\/intermediaproducciones.com\/#\/schema\/person\/7a7d709e77f232e65f14762c0719bb0b","name":"Intermedia Producciones","image":{"@type":"ImageObject","inLanguage":"en-GB","@id":"https:\/\/intermediaproducciones.com\/#\/schema\/person\/image\/","url":"https:\/\/secure.gravatar.com\/avatar\/?s=96&d=blank&r=g","contentUrl":"https:\/\/secure.gravatar.com\/avatar\/?s=96&d=blank&r=g","caption":"Intermedia Producciones"},"url":"https:\/\/intermediaproducciones.com\/en\/author\/intermedia-producciones\/"}]}},"_links":{"self":[{"href":"https:\/\/intermediaproducciones.com\/en\/wp-json\/wp\/v2\/posts\/788","targetHints":{"allow":["GET"]}}],"collection":[{"href":"https:\/\/intermediaproducciones.com\/en\/wp-json\/wp\/v2\/posts"}],"about":[{"href":"https:\/\/intermediaproducciones.com\/en\/wp-json\/wp\/v2\/types\/post"}],"author":[{"embeddable":true,"href":"https:\/\/intermediaproducciones.com\/en\/wp-json\/wp\/v2\/users\/1"}],"replies":[{"embeddable":true,"href":"https:\/\/intermediaproducciones.com\/en\/wp-json\/wp\/v2\/comments?post=788"}],"version-history":[{"count":8,"href":"https:\/\/intermediaproducciones.com\/en\/wp-json\/wp\/v2\/posts\/788\/revisions"}],"predecessor-version":[{"id":1154,"href":"https:\/\/intermediaproducciones.com\/en\/wp-json\/wp\/v2\/posts\/788\/revisions\/1154"}],"wp:attachment":[{"href":"https:\/\/intermediaproducciones.com\/en\/wp-json\/wp\/v2\/media?parent=788"}],"wp:term":[{"taxonomy":"category","embeddable":true,"href":"https:\/\/intermediaproducciones.com\/en\/wp-json\/wp\/v2\/categories?post=788"},{"taxonomy":"post_tag","embeddable":true,"href":"https:\/\/intermediaproducciones.com\/en\/wp-json\/wp\/v2\/tags?post=788"}],"curies":[{"name":"wp","href":"https:\/\/api.w.org\/{rel}","templated":true}]}}