{"id":93,"date":"2011-08-09T14:39:38","date_gmt":"2011-08-09T14:39:38","guid":{"rendered":"http:\/\/localhost\/wp\/?p=93"},"modified":"2012-05-23T10:42:22","modified_gmt":"2012-05-23T10:42:22","slug":"proyeccion-de-la-madre-sola-en-conil","status":"publish","type":"post","link":"https:\/\/intermediaproducciones.com\/en\/proyeccion-de-la-madre-sola-en-conil\/","title":{"rendered":"Proyecci\u00f3n de La Madre Sola en Conil"},"content":{"rendered":"<p style=\"text-align: justify;\">En el marco del verano cultural 2011 organizado por Atrapasue\u00f1os y el Ayuntamiento de Conil de la Frontera se ha programado la proyecci\u00f3n de un documental dirigido por Miguel Paredes y producido por Intermedia Producciones. La proyecci\u00f3n tendr\u00e1 lugar el 13 de Agosto a las 22.00 horas en la Torre de Guzm\u00e1n y participar\u00e1 su director, Miguel Paredes.<\/p>\n<p style=\"text-align: justify;\">\u00abLa madre sola\u00bb documental de Intermedia Producciones realizado por Miguel Paredes, ha conseguido el premio <a href=\"http:\/\/www.centrodeestudiosandaluces.es\/imagenera\/index.php?pagina=ganadores2010\" target=\"_blank\">\u00abImaginera\u00bb 2010<\/a>, que concede anualmente el <a href=\"http:\/\/www.centrodeestudiosandaluces.es\/\" target=\"_blank\">Centro de Estudios Andaluces<\/a>.<\/p>\n<p><strong>Sinopsis<\/strong><\/p>\n<p style=\"text-align: justify;\">La dictadura de Franco quiso sostener su ideario sobre una columna fundamental: la familia. Para ello dispuso el sometimiento de la mujer en todos los aspectos y un entramado de limitaciones jur\u00ed\u00addicas, educativas, sociales, familiares, laborales, etc. que recortaba extremadamente sus libertades, castigando con severidad cualquier actitud que se saliera de la norma. Para una mujer, tener un hijo fuera del matrimonio supon\u00ed\u00ada en aquel contexto sufrir las m\u00e1s crueles vejaciones de la sociedad fascista y del r\u00e9gimen que la sustentaba.<\/p>\n<p><iframe loading=\"lazy\" src=\"http:\/\/player.vimeo.com\/video\/14780106?title=0&amp;byline=0&amp;portrait=0&amp;color=be1d1d\" frameborder=\"0\" width=\"580\" height=\"326\"><\/iframe><\/p>\n<p><a href=\"https:\/\/intermediaproducciones.com\/en\/portfolio\/la-madre-sola\/\">+info<\/a><\/p>","protected":false},"excerpt":{"rendered":"<p>En el marco del verano cultural 2011 organizado por Atrapasue\u00f1os y el Ayuntamiento de Conil de la Frontera se ha programado la proyecci\u00f3n de un documental dirigido por Miguel Paredes y producido por Intermedia Producciones. La proyecci\u00f3n tendr\u00e1 lugar el 13 de Agosto a las 22.00 horas en la Torre de Guzm\u00e1n y participar\u00e1 su [&hellip;]<\/p>","protected":false},"author":1,"featured_media":0,"comment_status":"open","ping_status":"open","sticky":false,"template":"","format":"standard","meta":{"_acf_changed":false,"footnotes":""},"categories":[15],"tags":[81,24,35,38,37,48,98],"class_list":["post-93","post","type-post","status-publish","format-standard","hentry","category-proyecciones","tag-fundacion-de-familias-monoparentales-isadora-duncan","tag-intermedia-producciones","tag-la-madre-sola","tag-madres-solteras","tag-miguel-paredes","tag-mujer","tag-premio-imaginera"],"acf":[],"yoast_head":"<!-- This site is optimized with the Yoast SEO plugin v25.3.1 - https:\/\/yoast.com\/wordpress\/plugins\/seo\/ -->\n<title>Proyecci\u00f3n de La Madre Sola en Conil - Intermedia Producciones<\/title>\n<meta name=\"robots\" content=\"index, follow, max-snippet:-1, max-image-preview:large, max-video-preview:-1\" \/>\n<link rel=\"canonical\" href=\"https:\/\/intermediaproducciones.com\/en\/proyeccion-de-la-madre-sola-en-conil\/\" \/>\n<meta property=\"og:locale\" content=\"en_GB\" \/>\n<meta property=\"og:type\" content=\"article\" \/>\n<meta property=\"og:title\" content=\"Proyecci\u00f3n de La Madre Sola en Conil - Intermedia Producciones\" \/>\n<meta property=\"og:description\" content=\"En el marco del verano cultural 2011 organizado por Atrapasue\u00f1os y el Ayuntamiento de Conil de la Frontera se ha programado la proyecci\u00f3n de un documental dirigido por Miguel Paredes y producido por Intermedia Producciones. La proyecci\u00f3n tendr\u00e1 lugar el 13 de Agosto a las 22.00 horas en la Torre de Guzm\u00e1n y participar\u00e1 su [&hellip;]\" \/>\n<meta property=\"og:url\" content=\"https:\/\/intermediaproducciones.com\/en\/proyeccion-de-la-madre-sola-en-conil\/\" \/>\n<meta property=\"og:site_name\" content=\"Intermedia Producciones\" \/>\n<meta property=\"article:publisher\" content=\"https:\/\/www.facebook.com\/ProductoraIntermediaProducciones\" \/>\n<meta property=\"article:published_time\" content=\"2011-08-09T14:39:38+00:00\" \/>\n<meta property=\"article:modified_time\" content=\"2012-05-23T10:42:22+00:00\" \/>\n<meta name=\"author\" content=\"Intermedia Producciones\" \/>\n<meta name=\"twitter:card\" content=\"summary_large_image\" \/>\n<meta name=\"twitter:label1\" content=\"Written by\" \/>\n\t<meta name=\"twitter:data1\" content=\"Intermedia Producciones\" \/>\n\t<meta name=\"twitter:label2\" content=\"Estimated reading time\" \/>\n\t<meta name=\"twitter:data2\" content=\"1 minute\" \/>\n<script type=\"application\/ld+json\" class=\"yoast-schema-graph\">{\"@context\":\"https:\/\/schema.org\",\"@graph\":[{\"@type\":\"Article\",\"@id\":\"https:\/\/intermediaproducciones.com\/proyeccion-de-la-madre-sola-en-conil\/#article\",\"isPartOf\":{\"@id\":\"https:\/\/intermediaproducciones.com\/proyeccion-de-la-madre-sola-en-conil\/\"},\"author\":{\"name\":\"Intermedia Producciones\",\"@id\":\"https:\/\/intermediaproducciones.com\/#\/schema\/person\/7a7d709e77f232e65f14762c0719bb0b\"},\"headline\":\"Proyecci\u00f3n de La Madre Sola en Conil\",\"datePublished\":\"2011-08-09T14:39:38+00:00\",\"dateModified\":\"2012-05-23T10:42:22+00:00\",\"mainEntityOfPage\":{\"@id\":\"https:\/\/intermediaproducciones.com\/proyeccion-de-la-madre-sola-en-conil\/\"},\"wordCount\":178,\"commentCount\":0,\"publisher\":{\"@id\":\"https:\/\/intermediaproducciones.com\/#organization\"},\"keywords\":[\"Fundaci\u00f3n de Familias Monoparentales Isadora Duncan\",\"intermedia producciones\",\"La Madre Sola\",\"Madres Solteras\",\"Miguel Paredes\",\"mujer\",\"Premio Imaginera\"],\"articleSection\":[\"Proyecciones\"],\"inLanguage\":\"en-GB\"},{\"@type\":\"WebPage\",\"@id\":\"https:\/\/intermediaproducciones.com\/proyeccion-de-la-madre-sola-en-conil\/\",\"url\":\"https:\/\/intermediaproducciones.com\/proyeccion-de-la-madre-sola-en-conil\/\",\"name\":\"Proyecci\u00f3n de La Madre Sola en Conil - Intermedia Producciones\",\"isPartOf\":{\"@id\":\"https:\/\/intermediaproducciones.com\/#website\"},\"datePublished\":\"2011-08-09T14:39:38+00:00\",\"dateModified\":\"2012-05-23T10:42:22+00:00\",\"breadcrumb\":{\"@id\":\"https:\/\/intermediaproducciones.com\/proyeccion-de-la-madre-sola-en-conil\/#breadcrumb\"},\"inLanguage\":\"en-GB\",\"potentialAction\":[{\"@type\":\"ReadAction\",\"target\":[\"https:\/\/intermediaproducciones.com\/proyeccion-de-la-madre-sola-en-conil\/\"]}]},{\"@type\":\"BreadcrumbList\",\"@id\":\"https:\/\/intermediaproducciones.com\/proyeccion-de-la-madre-sola-en-conil\/#breadcrumb\",\"itemListElement\":[{\"@type\":\"ListItem\",\"position\":1,\"name\":\"Portada\",\"item\":\"https:\/\/intermediaproducciones.com\/\"},{\"@type\":\"ListItem\",\"position\":2,\"name\":\"Proyecci\u00f3n de La Madre Sola en Conil\"}]},{\"@type\":\"WebSite\",\"@id\":\"https:\/\/intermediaproducciones.com\/#website\",\"url\":\"https:\/\/intermediaproducciones.com\/\",\"name\":\"Intermedia Producciones\",\"description\":\"Miradas, Visiones y Realidades\",\"publisher\":{\"@id\":\"https:\/\/intermediaproducciones.com\/#organization\"},\"potentialAction\":[{\"@type\":\"SearchAction\",\"target\":{\"@type\":\"EntryPoint\",\"urlTemplate\":\"https:\/\/intermediaproducciones.com\/?s={search_term_string}\"},\"query-input\":{\"@type\":\"PropertyValueSpecification\",\"valueRequired\":true,\"valueName\":\"search_term_string\"}}],\"inLanguage\":\"en-GB\"},{\"@type\":\"Organization\",\"@id\":\"https:\/\/intermediaproducciones.com\/#organization\",\"name\":\"Intermedia Producciones\",\"url\":\"https:\/\/intermediaproducciones.com\/\",\"logo\":{\"@type\":\"ImageObject\",\"inLanguage\":\"en-GB\",\"@id\":\"https:\/\/intermediaproducciones.com\/#\/schema\/logo\/image\/\",\"url\":\"https:\/\/intermediaproducciones.com\/wp-content\/uploads\/2019\/02\/logo_intermedia.png\",\"contentUrl\":\"https:\/\/intermediaproducciones.com\/wp-content\/uploads\/2019\/02\/logo_intermedia.png\",\"width\":199,\"height\":216,\"caption\":\"Intermedia Producciones\"},\"image\":{\"@id\":\"https:\/\/intermediaproducciones.com\/#\/schema\/logo\/image\/\"},\"sameAs\":[\"https:\/\/www.facebook.com\/ProductoraIntermediaProducciones\",\"https:\/\/vimeo.com\/intermedia\",\"https:\/\/www.youtube.com\/user\/IntermediaProd\",\"https:\/\/www.instagram.com\/intermediaproducciones\/\",\"https:\/\/www.linkedin.com\/company\/intermedia-producciones\/\"]},{\"@type\":\"Person\",\"@id\":\"https:\/\/intermediaproducciones.com\/#\/schema\/person\/7a7d709e77f232e65f14762c0719bb0b\",\"name\":\"Intermedia Producciones\",\"image\":{\"@type\":\"ImageObject\",\"inLanguage\":\"en-GB\",\"@id\":\"https:\/\/intermediaproducciones.com\/#\/schema\/person\/image\/\",\"url\":\"https:\/\/secure.gravatar.com\/avatar\/?s=96&d=blank&r=g\",\"contentUrl\":\"https:\/\/secure.gravatar.com\/avatar\/?s=96&d=blank&r=g\",\"caption\":\"Intermedia Producciones\"},\"url\":\"https:\/\/intermediaproducciones.com\/en\/author\/intermedia-producciones\/\"}]}<\/script>\n<!-- \/ Yoast SEO plugin. -->","yoast_head_json":{"title":"Proyecci\u00f3n de La Madre Sola en Conil - Intermedia Producciones","robots":{"index":"index","follow":"follow","max-snippet":"max-snippet:-1","max-image-preview":"max-image-preview:large","max-video-preview":"max-video-preview:-1"},"canonical":"https:\/\/intermediaproducciones.com\/en\/proyeccion-de-la-madre-sola-en-conil\/","og_locale":"en_GB","og_type":"article","og_title":"Proyecci\u00f3n de La Madre Sola en Conil - Intermedia Producciones","og_description":"En el marco del verano cultural 2011 organizado por Atrapasue\u00f1os y el Ayuntamiento de Conil de la Frontera se ha programado la proyecci\u00f3n de un documental dirigido por Miguel Paredes y producido por Intermedia Producciones. La proyecci\u00f3n tendr\u00e1 lugar el 13 de Agosto a las 22.00 horas en la Torre de Guzm\u00e1n y participar\u00e1 su [&hellip;]","og_url":"https:\/\/intermediaproducciones.com\/en\/proyeccion-de-la-madre-sola-en-conil\/","og_site_name":"Intermedia Producciones","article_publisher":"https:\/\/www.facebook.com\/ProductoraIntermediaProducciones","article_published_time":"2011-08-09T14:39:38+00:00","article_modified_time":"2012-05-23T10:42:22+00:00","author":"Intermedia Producciones","twitter_card":"summary_large_image","twitter_misc":{"Written by":"Intermedia Producciones","Estimated reading time":"1 minute"},"schema":{"@context":"https:\/\/schema.org","@graph":[{"@type":"Article","@id":"https:\/\/intermediaproducciones.com\/proyeccion-de-la-madre-sola-en-conil\/#article","isPartOf":{"@id":"https:\/\/intermediaproducciones.com\/proyeccion-de-la-madre-sola-en-conil\/"},"author":{"name":"Intermedia Producciones","@id":"https:\/\/intermediaproducciones.com\/#\/schema\/person\/7a7d709e77f232e65f14762c0719bb0b"},"headline":"Proyecci\u00f3n de La Madre Sola en Conil","datePublished":"2011-08-09T14:39:38+00:00","dateModified":"2012-05-23T10:42:22+00:00","mainEntityOfPage":{"@id":"https:\/\/intermediaproducciones.com\/proyeccion-de-la-madre-sola-en-conil\/"},"wordCount":178,"commentCount":0,"publisher":{"@id":"https:\/\/intermediaproducciones.com\/#organization"},"keywords":["Fundaci\u00f3n de Familias Monoparentales Isadora Duncan","intermedia producciones","La Madre Sola","Madres Solteras","Miguel Paredes","mujer","Premio Imaginera"],"articleSection":["Proyecciones"],"inLanguage":"en-GB"},{"@type":"WebPage","@id":"https:\/\/intermediaproducciones.com\/proyeccion-de-la-madre-sola-en-conil\/","url":"https:\/\/intermediaproducciones.com\/proyeccion-de-la-madre-sola-en-conil\/","name":"Proyecci\u00f3n de La Madre Sola en Conil - Intermedia Producciones","isPartOf":{"@id":"https:\/\/intermediaproducciones.com\/#website"},"datePublished":"2011-08-09T14:39:38+00:00","dateModified":"2012-05-23T10:42:22+00:00","breadcrumb":{"@id":"https:\/\/intermediaproducciones.com\/proyeccion-de-la-madre-sola-en-conil\/#breadcrumb"},"inLanguage":"en-GB","potentialAction":[{"@type":"ReadAction","target":["https:\/\/intermediaproducciones.com\/proyeccion-de-la-madre-sola-en-conil\/"]}]},{"@type":"BreadcrumbList","@id":"https:\/\/intermediaproducciones.com\/proyeccion-de-la-madre-sola-en-conil\/#breadcrumb","itemListElement":[{"@type":"ListItem","position":1,"name":"Portada","item":"https:\/\/intermediaproducciones.com\/"},{"@type":"ListItem","position":2,"name":"Proyecci\u00f3n de La Madre Sola en Conil"}]},{"@type":"WebSite","@id":"https:\/\/intermediaproducciones.com\/#website","url":"https:\/\/intermediaproducciones.com\/","name":"Intermedia Producciones","description":"Miradas, Visiones y Realidades","publisher":{"@id":"https:\/\/intermediaproducciones.com\/#organization"},"potentialAction":[{"@type":"SearchAction","target":{"@type":"EntryPoint","urlTemplate":"https:\/\/intermediaproducciones.com\/?s={search_term_string}"},"query-input":{"@type":"PropertyValueSpecification","valueRequired":true,"valueName":"search_term_string"}}],"inLanguage":"en-GB"},{"@type":"Organization","@id":"https:\/\/intermediaproducciones.com\/#organization","name":"Intermedia Producciones","url":"https:\/\/intermediaproducciones.com\/","logo":{"@type":"ImageObject","inLanguage":"en-GB","@id":"https:\/\/intermediaproducciones.com\/#\/schema\/logo\/image\/","url":"https:\/\/intermediaproducciones.com\/wp-content\/uploads\/2019\/02\/logo_intermedia.png","contentUrl":"https:\/\/intermediaproducciones.com\/wp-content\/uploads\/2019\/02\/logo_intermedia.png","width":199,"height":216,"caption":"Intermedia Producciones"},"image":{"@id":"https:\/\/intermediaproducciones.com\/#\/schema\/logo\/image\/"},"sameAs":["https:\/\/www.facebook.com\/ProductoraIntermediaProducciones","https:\/\/vimeo.com\/intermedia","https:\/\/www.youtube.com\/user\/IntermediaProd","https:\/\/www.instagram.com\/intermediaproducciones\/","https:\/\/www.linkedin.com\/company\/intermedia-producciones\/"]},{"@type":"Person","@id":"https:\/\/intermediaproducciones.com\/#\/schema\/person\/7a7d709e77f232e65f14762c0719bb0b","name":"Intermedia Producciones","image":{"@type":"ImageObject","inLanguage":"en-GB","@id":"https:\/\/intermediaproducciones.com\/#\/schema\/person\/image\/","url":"https:\/\/secure.gravatar.com\/avatar\/?s=96&d=blank&r=g","contentUrl":"https:\/\/secure.gravatar.com\/avatar\/?s=96&d=blank&r=g","caption":"Intermedia Producciones"},"url":"https:\/\/intermediaproducciones.com\/en\/author\/intermedia-producciones\/"}]}},"_links":{"self":[{"href":"https:\/\/intermediaproducciones.com\/en\/wp-json\/wp\/v2\/posts\/93","targetHints":{"allow":["GET"]}}],"collection":[{"href":"https:\/\/intermediaproducciones.com\/en\/wp-json\/wp\/v2\/posts"}],"about":[{"href":"https:\/\/intermediaproducciones.com\/en\/wp-json\/wp\/v2\/types\/post"}],"author":[{"embeddable":true,"href":"https:\/\/intermediaproducciones.com\/en\/wp-json\/wp\/v2\/users\/1"}],"replies":[{"embeddable":true,"href":"https:\/\/intermediaproducciones.com\/en\/wp-json\/wp\/v2\/comments?post=93"}],"version-history":[{"count":3,"href":"https:\/\/intermediaproducciones.com\/en\/wp-json\/wp\/v2\/posts\/93\/revisions"}],"predecessor-version":[{"id":1002,"href":"https:\/\/intermediaproducciones.com\/en\/wp-json\/wp\/v2\/posts\/93\/revisions\/1002"}],"wp:attachment":[{"href":"https:\/\/intermediaproducciones.com\/en\/wp-json\/wp\/v2\/media?parent=93"}],"wp:term":[{"taxonomy":"category","embeddable":true,"href":"https:\/\/intermediaproducciones.com\/en\/wp-json\/wp\/v2\/categories?post=93"},{"taxonomy":"post_tag","embeddable":true,"href":"https:\/\/intermediaproducciones.com\/en\/wp-json\/wp\/v2\/tags?post=93"}],"curies":[{"name":"wp","href":"https:\/\/api.w.org\/{rel}","templated":true}]}}