{"id":99,"date":"2011-05-27T23:20:47","date_gmt":"2011-05-27T23:20:47","guid":{"rendered":"http:\/\/localhost\/wp\/?p=99"},"modified":"2012-05-23T10:44:03","modified_gmt":"2012-05-23T10:44:03","slug":"la-madre-sola-en-cordoba","status":"publish","type":"post","link":"https:\/\/intermediaproducciones.com\/en\/la-madre-sola-en-cordoba\/","title":{"rendered":"La Madre Sola en C\u00f3rdoba"},"content":{"rendered":"<div>Este Mi\u00e9rcoles 1 de Junio estrenamos el documental \u00abLa Madre Sola\u00bb de Miguel Paredes en la Filmoteca de Andaluc\u00ed\u00ada(C\/ Medina y Corella, 5. C\u00f3rdoba). La proyecci\u00f3n ser\u00e1 a las 21:30h y la presentar\u00e1n el director y una de las protagonistas: Salud Jim\u00e9nez Luque.<\/div>\n<p style=\"text-align: justify;\">El r\u00e9gimen franquista quiso sostener su ideario sobre una columna fundamental: la familia. Para ello dispuso el sometimiento de la mujer en todos los aspectos y un entramado de limitaciones jur\u00ed\u00addicas, educativas, sociales, familiares, laborales, etc que recortaba extremadamente sus libertades. Para una mujer, tener un hijo fuera del matrimonio supon\u00ed\u00ada en aquel contexto sufrir las m\u00e1s crueles vejaciones de una sociedad sometida a unos c\u00f3digos de conducta que llevaban al extremo la moral cat\u00f3lica y que castigaban con severidad cualquier actitud que se saliera de la norma.<\/p>\n<p>Nos encantar\u00ed\u00ada veros por all\u00ed\u00ad.<\/p>\n<p><a href=\"http:\/\/www.filmotecadeandalucia.com\/index.php?option=com_blog_calendar&amp;&amp;year=2011&amp;month=06&amp;day=01&amp;modid=67\" target=\"_blank\">Filmoteca de Andaluc\u00ed\u00ada<\/a><\/p>\n<p><a href=\"https:\/\/intermediaproducciones.com\/en\/portfolio\/la-madre-sola\/\">+info<\/a><\/p>","protected":false},"excerpt":{"rendered":"<p>Este Mi\u00e9rcoles 1 de Junio estrenamos el documental \u00abLa Madre Sola\u00bb de Miguel Paredes en la Filmoteca de Andaluc\u00ed\u00ada(C\/ Medina y Corella, 5. C\u00f3rdoba). La proyecci\u00f3n ser\u00e1 a las 21:30h y la presentar\u00e1n el director y una de las protagonistas: Salud Jim\u00e9nez Luque. El r\u00e9gimen franquista quiso sostener su ideario sobre una columna fundamental: la [&hellip;]<\/p>","protected":false},"author":1,"featured_media":0,"comment_status":"open","ping_status":"open","sticky":false,"template":"","format":"standard","meta":{"_acf_changed":false,"footnotes":""},"categories":[16,15],"tags":[24,35,38,37,48,98],"class_list":["post-99","post","type-post","status-publish","format-standard","hentry","category-estrenos","category-proyecciones","tag-intermedia-producciones","tag-la-madre-sola","tag-madres-solteras","tag-miguel-paredes","tag-mujer","tag-premio-imaginera"],"acf":[],"yoast_head":"<!-- This site is optimized with the Yoast SEO plugin v25.3.1 - https:\/\/yoast.com\/wordpress\/plugins\/seo\/ -->\n<title>La Madre Sola en C\u00f3rdoba - Intermedia Producciones<\/title>\n<meta name=\"robots\" content=\"index, follow, max-snippet:-1, max-image-preview:large, max-video-preview:-1\" \/>\n<link rel=\"canonical\" href=\"https:\/\/intermediaproducciones.com\/en\/la-madre-sola-en-cordoba\/\" \/>\n<meta property=\"og:locale\" content=\"en_GB\" \/>\n<meta property=\"og:type\" content=\"article\" \/>\n<meta property=\"og:title\" content=\"La Madre Sola en C\u00f3rdoba - Intermedia Producciones\" \/>\n<meta property=\"og:description\" content=\"Este Mi\u00e9rcoles 1 de Junio estrenamos el documental \u00abLa Madre Sola\u00bb de Miguel Paredes en la Filmoteca de Andaluc\u00ed\u00ada(C\/ Medina y Corella, 5. C\u00f3rdoba). La proyecci\u00f3n ser\u00e1 a las 21:30h y la presentar\u00e1n el director y una de las protagonistas: Salud Jim\u00e9nez Luque. El r\u00e9gimen franquista quiso sostener su ideario sobre una columna fundamental: la [&hellip;]\" \/>\n<meta property=\"og:url\" content=\"https:\/\/intermediaproducciones.com\/en\/la-madre-sola-en-cordoba\/\" \/>\n<meta property=\"og:site_name\" content=\"Intermedia Producciones\" \/>\n<meta property=\"article:publisher\" content=\"https:\/\/www.facebook.com\/ProductoraIntermediaProducciones\" \/>\n<meta property=\"article:published_time\" content=\"2011-05-27T23:20:47+00:00\" \/>\n<meta property=\"article:modified_time\" content=\"2012-05-23T10:44:03+00:00\" \/>\n<meta name=\"author\" content=\"Intermedia Producciones\" \/>\n<meta name=\"twitter:card\" content=\"summary_large_image\" \/>\n<meta name=\"twitter:label1\" content=\"Written by\" \/>\n\t<meta name=\"twitter:data1\" content=\"Intermedia Producciones\" \/>\n\t<meta name=\"twitter:label2\" content=\"Estimated reading time\" \/>\n\t<meta name=\"twitter:data2\" content=\"1 minute\" \/>\n<script type=\"application\/ld+json\" class=\"yoast-schema-graph\">{\"@context\":\"https:\/\/schema.org\",\"@graph\":[{\"@type\":\"Article\",\"@id\":\"https:\/\/intermediaproducciones.com\/en\/la-madre-sola-en-cordoba\/#article\",\"isPartOf\":{\"@id\":\"https:\/\/intermediaproducciones.com\/en\/la-madre-sola-en-cordoba\/\"},\"author\":{\"name\":\"Intermedia Producciones\",\"@id\":\"https:\/\/intermediaproducciones.com\/#\/schema\/person\/7a7d709e77f232e65f14762c0719bb0b\"},\"headline\":\"La Madre Sola en C\u00f3rdoba\",\"datePublished\":\"2011-05-27T23:20:47+00:00\",\"dateModified\":\"2012-05-23T10:44:03+00:00\",\"mainEntityOfPage\":{\"@id\":\"https:\/\/intermediaproducciones.com\/en\/la-madre-sola-en-cordoba\/\"},\"wordCount\":159,\"commentCount\":0,\"publisher\":{\"@id\":\"https:\/\/intermediaproducciones.com\/#organization\"},\"keywords\":[\"intermedia producciones\",\"La Madre Sola\",\"Madres Solteras\",\"Miguel Paredes\",\"mujer\",\"Premio Imaginera\"],\"articleSection\":[\"Estrenos\",\"Proyecciones\"],\"inLanguage\":\"en-GB\"},{\"@type\":\"WebPage\",\"@id\":\"https:\/\/intermediaproducciones.com\/en\/la-madre-sola-en-cordoba\/\",\"url\":\"https:\/\/intermediaproducciones.com\/en\/la-madre-sola-en-cordoba\/\",\"name\":\"La Madre Sola en C\u00f3rdoba - Intermedia Producciones\",\"isPartOf\":{\"@id\":\"https:\/\/intermediaproducciones.com\/#website\"},\"datePublished\":\"2011-05-27T23:20:47+00:00\",\"dateModified\":\"2012-05-23T10:44:03+00:00\",\"breadcrumb\":{\"@id\":\"https:\/\/intermediaproducciones.com\/en\/la-madre-sola-en-cordoba\/#breadcrumb\"},\"inLanguage\":\"en-GB\",\"potentialAction\":[{\"@type\":\"ReadAction\",\"target\":[\"https:\/\/intermediaproducciones.com\/en\/la-madre-sola-en-cordoba\/\"]}]},{\"@type\":\"BreadcrumbList\",\"@id\":\"https:\/\/intermediaproducciones.com\/en\/la-madre-sola-en-cordoba\/#breadcrumb\",\"itemListElement\":[{\"@type\":\"ListItem\",\"position\":1,\"name\":\"Portada\",\"item\":\"https:\/\/intermediaproducciones.com\/\"},{\"@type\":\"ListItem\",\"position\":2,\"name\":\"La Madre Sola en C\u00f3rdoba\"}]},{\"@type\":\"WebSite\",\"@id\":\"https:\/\/intermediaproducciones.com\/#website\",\"url\":\"https:\/\/intermediaproducciones.com\/\",\"name\":\"Intermedia Producciones\",\"description\":\"Miradas, Visiones y Realidades\",\"publisher\":{\"@id\":\"https:\/\/intermediaproducciones.com\/#organization\"},\"potentialAction\":[{\"@type\":\"SearchAction\",\"target\":{\"@type\":\"EntryPoint\",\"urlTemplate\":\"https:\/\/intermediaproducciones.com\/?s={search_term_string}\"},\"query-input\":{\"@type\":\"PropertyValueSpecification\",\"valueRequired\":true,\"valueName\":\"search_term_string\"}}],\"inLanguage\":\"en-GB\"},{\"@type\":\"Organization\",\"@id\":\"https:\/\/intermediaproducciones.com\/#organization\",\"name\":\"Intermedia Producciones\",\"url\":\"https:\/\/intermediaproducciones.com\/\",\"logo\":{\"@type\":\"ImageObject\",\"inLanguage\":\"en-GB\",\"@id\":\"https:\/\/intermediaproducciones.com\/#\/schema\/logo\/image\/\",\"url\":\"https:\/\/intermediaproducciones.com\/wp-content\/uploads\/2019\/02\/logo_intermedia.png\",\"contentUrl\":\"https:\/\/intermediaproducciones.com\/wp-content\/uploads\/2019\/02\/logo_intermedia.png\",\"width\":199,\"height\":216,\"caption\":\"Intermedia Producciones\"},\"image\":{\"@id\":\"https:\/\/intermediaproducciones.com\/#\/schema\/logo\/image\/\"},\"sameAs\":[\"https:\/\/www.facebook.com\/ProductoraIntermediaProducciones\",\"https:\/\/vimeo.com\/intermedia\",\"https:\/\/www.youtube.com\/user\/IntermediaProd\",\"https:\/\/www.instagram.com\/intermediaproducciones\/\",\"https:\/\/www.linkedin.com\/company\/intermedia-producciones\/\"]},{\"@type\":\"Person\",\"@id\":\"https:\/\/intermediaproducciones.com\/#\/schema\/person\/7a7d709e77f232e65f14762c0719bb0b\",\"name\":\"Intermedia Producciones\",\"image\":{\"@type\":\"ImageObject\",\"inLanguage\":\"en-GB\",\"@id\":\"https:\/\/intermediaproducciones.com\/#\/schema\/person\/image\/\",\"url\":\"https:\/\/secure.gravatar.com\/avatar\/?s=96&d=blank&r=g\",\"contentUrl\":\"https:\/\/secure.gravatar.com\/avatar\/?s=96&d=blank&r=g\",\"caption\":\"Intermedia Producciones\"},\"url\":\"https:\/\/intermediaproducciones.com\/en\/author\/intermedia-producciones\/\"}]}<\/script>\n<!-- \/ Yoast SEO plugin. -->","yoast_head_json":{"title":"La Madre Sola en C\u00f3rdoba - Intermedia Producciones","robots":{"index":"index","follow":"follow","max-snippet":"max-snippet:-1","max-image-preview":"max-image-preview:large","max-video-preview":"max-video-preview:-1"},"canonical":"https:\/\/intermediaproducciones.com\/en\/la-madre-sola-en-cordoba\/","og_locale":"en_GB","og_type":"article","og_title":"La Madre Sola en C\u00f3rdoba - Intermedia Producciones","og_description":"Este Mi\u00e9rcoles 1 de Junio estrenamos el documental \u00abLa Madre Sola\u00bb de Miguel Paredes en la Filmoteca de Andaluc\u00ed\u00ada(C\/ Medina y Corella, 5. C\u00f3rdoba). La proyecci\u00f3n ser\u00e1 a las 21:30h y la presentar\u00e1n el director y una de las protagonistas: Salud Jim\u00e9nez Luque. El r\u00e9gimen franquista quiso sostener su ideario sobre una columna fundamental: la [&hellip;]","og_url":"https:\/\/intermediaproducciones.com\/en\/la-madre-sola-en-cordoba\/","og_site_name":"Intermedia Producciones","article_publisher":"https:\/\/www.facebook.com\/ProductoraIntermediaProducciones","article_published_time":"2011-05-27T23:20:47+00:00","article_modified_time":"2012-05-23T10:44:03+00:00","author":"Intermedia Producciones","twitter_card":"summary_large_image","twitter_misc":{"Written by":"Intermedia Producciones","Estimated reading time":"1 minute"},"schema":{"@context":"https:\/\/schema.org","@graph":[{"@type":"Article","@id":"https:\/\/intermediaproducciones.com\/en\/la-madre-sola-en-cordoba\/#article","isPartOf":{"@id":"https:\/\/intermediaproducciones.com\/en\/la-madre-sola-en-cordoba\/"},"author":{"name":"Intermedia Producciones","@id":"https:\/\/intermediaproducciones.com\/#\/schema\/person\/7a7d709e77f232e65f14762c0719bb0b"},"headline":"La Madre Sola en C\u00f3rdoba","datePublished":"2011-05-27T23:20:47+00:00","dateModified":"2012-05-23T10:44:03+00:00","mainEntityOfPage":{"@id":"https:\/\/intermediaproducciones.com\/en\/la-madre-sola-en-cordoba\/"},"wordCount":159,"commentCount":0,"publisher":{"@id":"https:\/\/intermediaproducciones.com\/#organization"},"keywords":["intermedia producciones","La Madre Sola","Madres Solteras","Miguel Paredes","mujer","Premio Imaginera"],"articleSection":["Estrenos","Proyecciones"],"inLanguage":"en-GB"},{"@type":"WebPage","@id":"https:\/\/intermediaproducciones.com\/en\/la-madre-sola-en-cordoba\/","url":"https:\/\/intermediaproducciones.com\/en\/la-madre-sola-en-cordoba\/","name":"La Madre Sola en C\u00f3rdoba - Intermedia Producciones","isPartOf":{"@id":"https:\/\/intermediaproducciones.com\/#website"},"datePublished":"2011-05-27T23:20:47+00:00","dateModified":"2012-05-23T10:44:03+00:00","breadcrumb":{"@id":"https:\/\/intermediaproducciones.com\/en\/la-madre-sola-en-cordoba\/#breadcrumb"},"inLanguage":"en-GB","potentialAction":[{"@type":"ReadAction","target":["https:\/\/intermediaproducciones.com\/en\/la-madre-sola-en-cordoba\/"]}]},{"@type":"BreadcrumbList","@id":"https:\/\/intermediaproducciones.com\/en\/la-madre-sola-en-cordoba\/#breadcrumb","itemListElement":[{"@type":"ListItem","position":1,"name":"Portada","item":"https:\/\/intermediaproducciones.com\/"},{"@type":"ListItem","position":2,"name":"La Madre Sola en C\u00f3rdoba"}]},{"@type":"WebSite","@id":"https:\/\/intermediaproducciones.com\/#website","url":"https:\/\/intermediaproducciones.com\/","name":"Intermedia Producciones","description":"Miradas, Visiones y Realidades","publisher":{"@id":"https:\/\/intermediaproducciones.com\/#organization"},"potentialAction":[{"@type":"SearchAction","target":{"@type":"EntryPoint","urlTemplate":"https:\/\/intermediaproducciones.com\/?s={search_term_string}"},"query-input":{"@type":"PropertyValueSpecification","valueRequired":true,"valueName":"search_term_string"}}],"inLanguage":"en-GB"},{"@type":"Organization","@id":"https:\/\/intermediaproducciones.com\/#organization","name":"Intermedia Producciones","url":"https:\/\/intermediaproducciones.com\/","logo":{"@type":"ImageObject","inLanguage":"en-GB","@id":"https:\/\/intermediaproducciones.com\/#\/schema\/logo\/image\/","url":"https:\/\/intermediaproducciones.com\/wp-content\/uploads\/2019\/02\/logo_intermedia.png","contentUrl":"https:\/\/intermediaproducciones.com\/wp-content\/uploads\/2019\/02\/logo_intermedia.png","width":199,"height":216,"caption":"Intermedia Producciones"},"image":{"@id":"https:\/\/intermediaproducciones.com\/#\/schema\/logo\/image\/"},"sameAs":["https:\/\/www.facebook.com\/ProductoraIntermediaProducciones","https:\/\/vimeo.com\/intermedia","https:\/\/www.youtube.com\/user\/IntermediaProd","https:\/\/www.instagram.com\/intermediaproducciones\/","https:\/\/www.linkedin.com\/company\/intermedia-producciones\/"]},{"@type":"Person","@id":"https:\/\/intermediaproducciones.com\/#\/schema\/person\/7a7d709e77f232e65f14762c0719bb0b","name":"Intermedia Producciones","image":{"@type":"ImageObject","inLanguage":"en-GB","@id":"https:\/\/intermediaproducciones.com\/#\/schema\/person\/image\/","url":"https:\/\/secure.gravatar.com\/avatar\/?s=96&d=blank&r=g","contentUrl":"https:\/\/secure.gravatar.com\/avatar\/?s=96&d=blank&r=g","caption":"Intermedia Producciones"},"url":"https:\/\/intermediaproducciones.com\/en\/author\/intermedia-producciones\/"}]}},"_links":{"self":[{"href":"https:\/\/intermediaproducciones.com\/en\/wp-json\/wp\/v2\/posts\/99","targetHints":{"allow":["GET"]}}],"collection":[{"href":"https:\/\/intermediaproducciones.com\/en\/wp-json\/wp\/v2\/posts"}],"about":[{"href":"https:\/\/intermediaproducciones.com\/en\/wp-json\/wp\/v2\/types\/post"}],"author":[{"embeddable":true,"href":"https:\/\/intermediaproducciones.com\/en\/wp-json\/wp\/v2\/users\/1"}],"replies":[{"embeddable":true,"href":"https:\/\/intermediaproducciones.com\/en\/wp-json\/wp\/v2\/comments?post=99"}],"version-history":[{"count":2,"href":"https:\/\/intermediaproducciones.com\/en\/wp-json\/wp\/v2\/posts\/99\/revisions"}],"predecessor-version":[{"id":1004,"href":"https:\/\/intermediaproducciones.com\/en\/wp-json\/wp\/v2\/posts\/99\/revisions\/1004"}],"wp:attachment":[{"href":"https:\/\/intermediaproducciones.com\/en\/wp-json\/wp\/v2\/media?parent=99"}],"wp:term":[{"taxonomy":"category","embeddable":true,"href":"https:\/\/intermediaproducciones.com\/en\/wp-json\/wp\/v2\/categories?post=99"},{"taxonomy":"post_tag","embeddable":true,"href":"https:\/\/intermediaproducciones.com\/en\/wp-json\/wp\/v2\/tags?post=99"}],"curies":[{"name":"wp","href":"https:\/\/api.w.org\/{rel}","templated":true}]}}